{"id":12585,"date":"2021-01-18T11:30:11","date_gmt":"2021-01-18T10:30:11","guid":{"rendered":"https:\/\/franchiseoncloud.fr\/?p=12585"},"modified":"2025-11-13T11:36:58","modified_gmt":"2025-11-13T10:36:58","slug":"pano-choisit-franchise-on-cloud","status":"publish","type":"post","link":"https:\/\/cerca.io\/en\/pano-chooses-franchise-on-cloud\/","title":{"rendered":"PANO chooses Franchise On Cloud"},"content":{"rendered":"<div data-elementor-type=\"wp-post\" data-elementor-id=\"12585\" class=\"elementor elementor-12585\" data-elementor-post-type=\"post\">\n\t\t\t\t\t\t<section class=\"elementor-section elementor-top-section elementor-element elementor-element-6b93423c elementor-section-boxed elementor-section-height-default elementor-section-height-default wpr-particle-no wpr-jarallax-no wpr-parallax-no wpr-sticky-section-no\" data-id=\"6b93423c\" data-element_type=\"section\" data-e-type=\"section\">\n\t\t\t\t\t\t<div class=\"elementor-container elementor-column-gap-default\">\n\t\t\t\t\t<div class=\"elementor-column elementor-col-100 elementor-top-column elementor-element elementor-element-24040220\" data-id=\"24040220\" data-element_type=\"column\" data-e-type=\"column\">\n\t\t\t<div class=\"elementor-widget-wrap elementor-element-populated\">\n\t\t\t\t\t\t<div class=\"elementor-element elementor-element-0c06575 elementor-widget elementor-widget-image\" data-id=\"0c06575\" data-element_type=\"widget\" data-e-type=\"widget\" data-widget_type=\"image.default\">\n\t\t\t\t<div class=\"elementor-widget-container\">\n\t\t\t\t\t\t\t\t\t\t\t\t\t\t\t<img fetchpriority=\"high\" decoding=\"async\" width=\"2049\" height=\"720\" src=\"https:\/\/cerca.io\/wp-content\/uploads\/2021\/01\/new-client-pano-Visuel-article.png\" class=\"attachment-full size-full wp-image-21229\" alt=\"cerca pano\" srcset=\"https:\/\/cerca.io\/wp-content\/uploads\/2021\/01\/new-client-pano-Visuel-article.png 2049w, https:\/\/cerca.io\/wp-content\/uploads\/2021\/01\/new-client-pano-Visuel-article-300x105.png 300w, https:\/\/cerca.io\/wp-content\/uploads\/2021\/01\/new-client-pano-Visuel-article-1024x360.png 1024w, https:\/\/cerca.io\/wp-content\/uploads\/2021\/01\/new-client-pano-Visuel-article-768x270.png 768w, https:\/\/cerca.io\/wp-content\/uploads\/2021\/01\/new-client-pano-Visuel-article-1536x540.png 1536w, https:\/\/cerca.io\/wp-content\/uploads\/2021\/01\/new-client-pano-Visuel-article-18x6.png 18w\" sizes=\"(max-width: 2049px) 100vw, 2049px\" \/>\t\t\t\t\t\t\t\t\t\t\t\t\t\t\t<\/div>\n\t\t\t\t<\/div>\n\t\t\t\t<div class=\"elementor-element elementor-element-a48bd1e elementor-widget elementor-widget-heading\" data-id=\"a48bd1e\" data-element_type=\"widget\" data-e-type=\"widget\" data-widget_type=\"heading.default\">\n\t\t\t\t<div class=\"elementor-widget-container\">\n\t\t\t\t\t<h2 class=\"elementor-heading-title elementor-size-default\">PANO choisit Cerca ex Franchise On Cloud<\/h2>\t\t\t\t<\/div>\n\t\t\t\t<\/div>\n\t\t\t\t<div class=\"elementor-element elementor-element-a3152ce elementor-widget elementor-widget-text-editor\" data-id=\"a3152ce\" data-element_type=\"widget\" data-e-type=\"widget\" data-widget_type=\"text-editor.default\">\n\t\t\t\t<div class=\"elementor-widget-container\">\n\t\t\t\t\t\t\t\t\t<div><div dir=\"auto\">\u00ab\u00a0Apr\u00e8s avoir consult\u00e9 toutes les solutions existantes sur le march\u00e9, le choix s&rsquo;est port\u00e9 naturellement sur Cerca ex Franchise On Cloud. Ils ont \u00e9t\u00e9 \u00e9galement les seuls \u00e0 nous d\u00e9montrer la possibilit\u00e9 de r\u00e9cup\u00e9rer notre historique avant m\u00eame de nous engager contractuellement avec eux\u00a0\u00bb indique <strong>Thomas MORLIER<\/strong>, Pr\u00e9sident Directeur G\u00e9n\u00e9ral de l&rsquo;enseigne <span style=\"text-decoration: underline; color: #1284e0;\"><a style=\"color: #1284e0; text-decoration: underline;\" href=\"https:\/\/www.pano-group.com\/\" target=\"_blank\" rel=\"noopener nofollow\">PANO<\/a><\/span>.<\/div><div dir=\"auto\">\u00a0<\/div><\/div><div><div dir=\"auto\">Le pari \u00e9tait le suivant : r\u00e9cup\u00e9rer l&rsquo;historique de l&rsquo;extranet existant, c&rsquo;est-\u00e0-dire 1253 posts sur le forum rattach\u00e9s \u00e0 des utilisateurs, une base documentaire riche, 550 fiches fournisseurs et plus de 144 000 fichiers disponibles pour les agences de l&rsquo;enseigne.<\/div><\/div><div dir=\"auto\">\u00a0<\/div>\t\t\t\t\t\t\t\t<\/div>\n\t\t\t\t<\/div>\n\t\t\t\t<div class=\"elementor-element elementor-element-c4e4931 elementor-widget elementor-widget-heading\" data-id=\"c4e4931\" data-element_type=\"widget\" data-e-type=\"widget\" data-widget_type=\"heading.default\">\n\t\t\t\t<div class=\"elementor-widget-container\">\n\t\t\t\t\t<h2 class=\"elementor-heading-title elementor-size-default\">Pano a de grandes ambitions<\/h2>\t\t\t\t<\/div>\n\t\t\t\t<\/div>\n\t\t\t\t<div class=\"elementor-element elementor-element-f6e67d9 elementor-widget elementor-widget-text-editor\" data-id=\"f6e67d9\" data-element_type=\"widget\" data-e-type=\"widget\" data-widget_type=\"text-editor.default\">\n\t\t\t\t<div class=\"elementor-widget-container\">\n\t\t\t\t\t\t\t\t\t<div><div dir=\"auto\"><div><div dir=\"auto\">Pari r\u00e9ussi pour une ouverture aux concessionnaires faite en Novembre 2020 !<\/div><div dir=\"auto\">\u00a0<\/div><\/div><div><div dir=\"auto\">Ils b\u00e9n\u00e9ficient \u00e9galement d&rsquo;un nouveau <strong>module fournisseur<\/strong> d\u00e9velopp\u00e9 sp\u00e9cifiquement pour l&rsquo;enseigne :<\/div><div dir=\"auto\">\u00a0<\/div><ul><li dir=\"auto\">Des fiches fournisseurs modulables selon la cat\u00e9gorie de fournisseur r\u00e9f\u00e9renc\u00e9 (r\u00e9f\u00e9rencement gratuit, premium)<\/li><li dir=\"auto\">Un moteur de recherche plus simple<\/li><li dir=\"auto\">Une visibilit\u00e9 accrue pour les fournisseurs les plus appr\u00e9ci\u00e9s par le r\u00e9seau<\/li><li dir=\"auto\">La possibilit\u00e9 de noter chaque fournisseur et de laisser un commentaire sur le m\u00eame principe existant des r\u00e9seaux sociaux.<\/li><\/ul><div dir=\"auto\">Merci \u00e0 Thomas MORLIER et son \u00e9quipe pour leur confiance.<\/div><\/div><div dir=\"auto\">\u00a0<\/div><div dir=\"auto\">Pour d\u00e9couvrir d&rsquo;autres <span style=\"text-decoration: underline; color: #1284e0;\"><a style=\"color: #1284e0; text-decoration: underline;\" href=\"https:\/\/cerca.io\/en\/customer-testimonials\/\" target=\"_blank\" rel=\"noopener\">T\u00e9moignages de nos clients<\/a>, vous<\/span>\u00a0pouvez le faire directement sur notre site internet.<\/div><\/div><\/div>\t\t\t\t\t\t\t\t<\/div>\n\t\t\t\t<\/div>\n\t\t\t\t<div class=\"elementor-element elementor-element-0bcdea2 elementor-align-center elementor-widget elementor-widget-button\" data-id=\"0bcdea2\" data-element_type=\"widget\" data-e-type=\"widget\" data-widget_type=\"button.default\">\n\t\t\t\t<div class=\"elementor-widget-container\">\n\t\t\t\t\t\t\t\t\t<div class=\"elementor-button-wrapper\">\n\t\t\t\t\t<a class=\"elementor-button elementor-button-link elementor-size-sm elementor-animation-bob\" href=\"https:\/\/cerca.io\/en\/free-trial-foc-2\/\">\n\t\t\t\t\t\t<span class=\"elementor-button-content-wrapper\">\n\t\t\t\t\t\t\t\t\t<span class=\"elementor-button-text\">Scale your franchise with Cerca \u2728<\/span>\n\t\t\t\t\t<\/span>\n\t\t\t\t\t<\/a>\n\t\t\t\t<\/div>\n\t\t\t\t\t\t\t\t<\/div>\n\t\t\t\t<\/div>\n\t\t\t\t\t<\/div>\n\t\t<\/div>\n\t\t\t\t\t<\/div>\n\t\t<\/section>\n\t\t\t\t<section class=\"elementor-section elementor-top-section elementor-element elementor-element-2e49f81 elementor-section-boxed elementor-section-height-default elementor-section-height-default wpr-particle-no wpr-jarallax-no wpr-parallax-no wpr-sticky-section-no\" data-id=\"2e49f81\" data-element_type=\"section\" data-e-type=\"section\">\n\t\t\t\t\t\t<div class=\"elementor-container elementor-column-gap-default\">\n\t\t\t\t\t<div class=\"elementor-column elementor-col-100 elementor-top-column elementor-element elementor-element-1650a27\" data-id=\"1650a27\" data-element_type=\"column\" data-e-type=\"column\">\n\t\t\t<div class=\"elementor-widget-wrap elementor-element-populated\">\n\t\t\t\t\t\t<div class=\"elementor-element elementor-element-0b95dae elementor-widget elementor-widget-heading\" data-id=\"0b95dae\" data-element_type=\"widget\" data-e-type=\"widget\" data-widget_type=\"heading.default\">\n\t\t\t\t<div class=\"elementor-widget-container\">\n\t\t\t\t\t<h2 class=\"elementor-heading-title elementor-size-default\">You may also be interested in these articles: <\/h2>\t\t\t\t<\/div>\n\t\t\t\t<\/div>\n\t\t\t\t<div class=\"elementor-element elementor-element-bacff35 elementor-widget elementor-widget-global elementor-global-18806 elementor-widget-obfx-posts-grid\" data-id=\"bacff35\" data-element_type=\"widget\" data-e-type=\"widget\" data-widget_type=\"obfx-posts-grid.default\">\n\t\t\t\t<div class=\"elementor-widget-container\">\n\t\t\t\t\t<div class=\"obfx-grid\"><div class=\"obfx-grid-container obfx-grid-mobile-1 obfx-grid-desktop-2\"><div class=\"obfx-grid-wrapper\"><article class=\"obfx-grid-col\"><div class=\"obfx-grid-col-image\" ><a href=\"https:\/\/cerca.io\/en\/february-brands-chosen-franchise-on-cloud\/\" title=\"February: These brands chose Cerca (formerly Franchise On Cloud)\"><img decoding=\"async\" width=\"1747\" height=\"720\" src=\"https:\/\/cerca.io\/wp-content\/uploads\/2021\/03\/new-clients-fev-minia.png\" class=\"img-responsive wp-post-image\" alt=\"cerca ex franchise on cloud\" srcset=\"https:\/\/cerca.io\/wp-content\/uploads\/2021\/03\/new-clients-fev-minia.png 1747w, https:\/\/cerca.io\/wp-content\/uploads\/2021\/03\/new-clients-fev-minia-300x124.png 300w, https:\/\/cerca.io\/wp-content\/uploads\/2021\/03\/new-clients-fev-minia-1024x422.png 1024w, https:\/\/cerca.io\/wp-content\/uploads\/2021\/03\/new-clients-fev-minia-768x317.png 768w, https:\/\/cerca.io\/wp-content\/uploads\/2021\/03\/new-clients-fev-minia-1536x633.png 1536w, https:\/\/cerca.io\/wp-content\/uploads\/2021\/03\/new-clients-fev-minia-18x7.png 18w\" sizes=\"(max-width: 1747px) 100vw, 1747px\" \/><\/a><\/div><div class=\"obfx-grid-col-content\">\t\t\t<h2 class=\"entry-title obfx-grid-title\">\n\t\t\t\t\t\t\t<a href=\"https:\/\/cerca.io\/en\/february-brands-chosen-franchise-on-cloud\/\" title=\"February: These brands chose Cerca (formerly Franchise On Cloud)\">\n\t\t\t\t\tFebruary: These brands chose Cerca (formerly Franchise On Cloud)\t\t\t\t<\/a>\n\t\t\t\t\t\t\t<\/h2>\n\t\t\t<\/div><\/article><\/div><div class=\"obfx-grid-wrapper\"><article class=\"obfx-grid-col\"><div class=\"obfx-grid-col-image\" ><a href=\"https:\/\/cerca.io\/en\/mobalpa-decouvrir-une-bonne-pratique-franchise\/\" title=\"Mobalpa: 2 minutes to discover a best practice Franchise\"><img decoding=\"async\" width=\"1747\" height=\"720\" src=\"https:\/\/cerca.io\/wp-content\/uploads\/2021\/01\/new-clients-janvier-2021-mobalpa-minia.png\" class=\"img-responsive wp-post-image\" alt=\"mobalpa cerca\" srcset=\"https:\/\/cerca.io\/wp-content\/uploads\/2021\/01\/new-clients-janvier-2021-mobalpa-minia.png 1747w, https:\/\/cerca.io\/wp-content\/uploads\/2021\/01\/new-clients-janvier-2021-mobalpa-minia-300x124.png 300w, https:\/\/cerca.io\/wp-content\/uploads\/2021\/01\/new-clients-janvier-2021-mobalpa-minia-1024x422.png 1024w, https:\/\/cerca.io\/wp-content\/uploads\/2021\/01\/new-clients-janvier-2021-mobalpa-minia-768x317.png 768w, https:\/\/cerca.io\/wp-content\/uploads\/2021\/01\/new-clients-janvier-2021-mobalpa-minia-1536x633.png 1536w, https:\/\/cerca.io\/wp-content\/uploads\/2021\/01\/new-clients-janvier-2021-mobalpa-minia-18x7.png 18w\" sizes=\"(max-width: 1747px) 100vw, 1747px\" \/><\/a><\/div><div class=\"obfx-grid-col-content\">\t\t\t<h2 class=\"entry-title obfx-grid-title\">\n\t\t\t\t\t\t\t<a href=\"https:\/\/cerca.io\/en\/mobalpa-decouvrir-une-bonne-pratique-franchise\/\" title=\"Mobalpa: 2 minutes to discover a best practice Franchise\">\n\t\t\t\t\tMobalpa: 2 minutes to discover a best practice Franchise\t\t\t\t<\/a>\n\t\t\t\t\t\t\t<\/h2>\n\t\t\t<\/div><\/article><\/div><\/div><!-- .obfx-grid-container --><\/div><!-- .obfx-grid -->\t\t\t\t<\/div>\n\t\t\t\t<\/div>\n\t\t\t\t\t<\/div>\n\t\t<\/div>\n\t\t\t\t\t<\/div>\n\t\t<\/section>\n\t\t\t\t<\/div>","protected":false},"excerpt":{"rendered":"<p>PANO choisit Cerca ex Franchise On Cloud \u00ab\u00a0Apr\u00e8s avoir consult\u00e9 toutes les solutions existantes sur le march\u00e9, le choix s&rsquo;est port\u00e9 naturellement sur Cerca ex Franchise On Cloud. Ils ont \u00e9t\u00e9 \u00e9galement les seuls \u00e0 nous d\u00e9montrer la possibilit\u00e9 de r\u00e9cup\u00e9rer notre historique avant m\u00eame de nous engager contractuellement avec eux\u00a0\u00bb indique Thomas MORLIER, Pr\u00e9sident Directeur G\u00e9n\u00e9ral de l&rsquo;enseigne PANO.\u00a0Le pari \u00e9tait le suivant : r\u00e9cup\u00e9rer l&rsquo;historique de l&rsquo;extranet existant, c&rsquo;est-\u00e0-dire 1253 posts sur le forum rattach\u00e9s \u00e0 des utilisateurs, une base documentaire riche, 550 fiches fournisseurs et plus de 144 000 fichiers disponibles pour les agences de l&rsquo;enseigne.\u00a0 Pano a de grandes ambitions Pari r\u00e9ussi pour une ouverture aux concessionnaires faite en Novembre 2020 !\u00a0Ils b\u00e9n\u00e9ficient \u00e9galement d&rsquo;un nouveau module fournisseur d\u00e9velopp\u00e9 sp\u00e9cifiquement pour l&rsquo;enseigne :\u00a0 Des fiches fournisseurs modulables selon la cat\u00e9gorie de fournisseur r\u00e9f\u00e9renc\u00e9 (r\u00e9f\u00e9rencement gratuit, premium) Un moteur de recherche plus simple Une visibilit\u00e9 accrue pour les fournisseurs les plus appr\u00e9ci\u00e9s par le r\u00e9seau La possibilit\u00e9 de noter chaque fournisseur et de laisser un commentaire sur le m\u00eame principe existant des r\u00e9seaux sociaux. Merci \u00e0 Thomas MORLIER et son \u00e9quipe pour leur confiance.\u00a0Pour d\u00e9couvrir d&rsquo;autres T\u00e9moignages de nos clients, vous\u00a0pouvez le faire directement sur notre site internet. Scalez votre franchise avec Cerca \u2728 Ces articles peuvent vous int\u00e9resser : ISO 9001 : Notre certification qualit\u00e9 reconduite pour la troisi\u00e8me ann\u00e9e cons\u00e9cutive Une nouvelle application mobile pour vos \u00e9changes avec votre r\u00e9seau.<\/p>","protected":false},"author":1,"featured_media":21230,"comment_status":"closed","ping_status":"closed","sticky":false,"template":"","format":"standard","meta":{"content-type":"","om_disable_all_campaigns":false,"_monsterinsights_skip_tracking":false,"_monsterinsights_sitenote_active":false,"_monsterinsights_sitenote_note":"","_monsterinsights_sitenote_category":0,"_uf_show_specific_survey":0,"_uf_disable_surveys":false,"_themeisle_gutenberg_block_has_review":false,"footnotes":""},"categories":[63,105],"tags":[139],"class_list":["post-12585","post","type-post","status-publish","format-standard","has-post-thumbnail","hentry","category-blog","category-nouvelles-enseignes","tag-fr"],"aioseo_notices":[],"_links":{"self":[{"href":"https:\/\/cerca.io\/en\/wp-json\/wp\/v2\/posts\/12585","targetHints":{"allow":["GET"]}}],"collection":[{"href":"https:\/\/cerca.io\/en\/wp-json\/wp\/v2\/posts"}],"about":[{"href":"https:\/\/cerca.io\/en\/wp-json\/wp\/v2\/types\/post"}],"author":[{"embeddable":true,"href":"https:\/\/cerca.io\/en\/wp-json\/wp\/v2\/users\/1"}],"replies":[{"embeddable":true,"href":"https:\/\/cerca.io\/en\/wp-json\/wp\/v2\/comments?post=12585"}],"version-history":[{"count":23,"href":"https:\/\/cerca.io\/en\/wp-json\/wp\/v2\/posts\/12585\/revisions"}],"predecessor-version":[{"id":21836,"href":"https:\/\/cerca.io\/en\/wp-json\/wp\/v2\/posts\/12585\/revisions\/21836"}],"wp:featuredmedia":[{"embeddable":true,"href":"https:\/\/cerca.io\/en\/wp-json\/wp\/v2\/media\/21230"}],"wp:attachment":[{"href":"https:\/\/cerca.io\/en\/wp-json\/wp\/v2\/media?parent=12585"}],"wp:term":[{"taxonomy":"category","embeddable":true,"href":"https:\/\/cerca.io\/en\/wp-json\/wp\/v2\/categories?post=12585"},{"taxonomy":"post_tag","embeddable":true,"href":"https:\/\/cerca.io\/en\/wp-json\/wp\/v2\/tags?post=12585"}],"curies":[{"name":"wp","href":"https:\/\/api.w.org\/{rel}","templated":true}]}}