{"id":12599,"date":"2021-01-18T15:09:25","date_gmt":"2021-01-18T14:09:25","guid":{"rendered":"https:\/\/franchiseoncloud.fr\/?p=12599"},"modified":"2025-11-13T11:36:38","modified_gmt":"2025-11-13T10:36:38","slug":"franchise-on-cloud-termine-bien-annee-2020","status":"publish","type":"post","link":"https:\/\/cerca.io\/en\/franchise-on-cloud-finish-well-year-2020\/","title":{"rendered":"Franchise On Cloud ends 2020 on a high note."},"content":{"rendered":"<div data-elementor-type=\"wp-post\" data-elementor-id=\"12599\" class=\"elementor elementor-12599\" data-elementor-post-type=\"post\">\n\t\t\t\t\t\t<section class=\"elementor-section elementor-top-section elementor-element elementor-element-1bffeb06 elementor-section-boxed elementor-section-height-default elementor-section-height-default wpr-particle-no wpr-jarallax-no wpr-parallax-no wpr-sticky-section-no\" data-id=\"1bffeb06\" data-element_type=\"section\" data-e-type=\"section\">\n\t\t\t\t\t\t<div class=\"elementor-container elementor-column-gap-default\">\n\t\t\t\t\t<div class=\"elementor-column elementor-col-100 elementor-top-column elementor-element elementor-element-5d5e9d5a\" data-id=\"5d5e9d5a\" data-element_type=\"column\" data-e-type=\"column\">\n\t\t\t<div class=\"elementor-widget-wrap elementor-element-populated\">\n\t\t\t\t\t\t<div class=\"elementor-element elementor-element-5aabff5 elementor-widget elementor-widget-image\" data-id=\"5aabff5\" data-element_type=\"widget\" data-e-type=\"widget\" data-widget_type=\"image.default\">\n\t\t\t\t<div class=\"elementor-widget-container\">\n\t\t\t\t\t\t\t\t\t\t\t\t\t\t\t<img fetchpriority=\"high\" decoding=\"async\" width=\"2049\" height=\"720\" src=\"https:\/\/cerca.io\/wp-content\/uploads\/2021\/01\/new-clients-dec-2020-Visuel-article.png\" class=\"attachment-full size-full wp-image-21218\" alt=\"Cerca ex Franchise On Cloud\" srcset=\"https:\/\/cerca.io\/wp-content\/uploads\/2021\/01\/new-clients-dec-2020-Visuel-article.png 2049w, https:\/\/cerca.io\/wp-content\/uploads\/2021\/01\/new-clients-dec-2020-Visuel-article-300x105.png 300w, https:\/\/cerca.io\/wp-content\/uploads\/2021\/01\/new-clients-dec-2020-Visuel-article-1024x360.png 1024w, https:\/\/cerca.io\/wp-content\/uploads\/2021\/01\/new-clients-dec-2020-Visuel-article-768x270.png 768w, https:\/\/cerca.io\/wp-content\/uploads\/2021\/01\/new-clients-dec-2020-Visuel-article-1536x540.png 1536w, https:\/\/cerca.io\/wp-content\/uploads\/2021\/01\/new-clients-dec-2020-Visuel-article-18x6.png 18w\" sizes=\"(max-width: 2049px) 100vw, 2049px\" \/>\t\t\t\t\t\t\t\t\t\t\t\t\t\t\t<\/div>\n\t\t\t\t<\/div>\n\t\t\t\t<div class=\"elementor-element elementor-element-e906579 elementor-widget elementor-widget-text-editor\" data-id=\"e906579\" data-element_type=\"widget\" data-e-type=\"widget\" data-widget_type=\"text-editor.default\">\n\t\t\t\t<div class=\"elementor-widget-container\">\n\t\t\t\t\t\t\t\t\t<p>Franchise On Cloud ends 2020 on a high note. Six brands have decided to choose our digital platform for the development of their network.<\/p><p><strong>Cerca, formerly Franchise On Cloud, is very happy to count them among its new clients:<\/strong><\/p>\t\t\t\t\t\t\t\t<\/div>\n\t\t\t\t<\/div>\n\t\t\t\t<div class=\"elementor-element elementor-element-bd07c85 elementor-widget elementor-widget-heading\" data-id=\"bd07c85\" data-element_type=\"widget\" data-e-type=\"widget\" data-widget_type=\"heading.default\">\n\t\t\t\t<div class=\"elementor-widget-container\">\n\t\t\t\t\t<h2 class=\"elementor-heading-title elementor-size-default\">Vulco<\/h2>\t\t\t\t<\/div>\n\t\t\t\t<\/div>\n\t\t\t\t<div class=\"elementor-element elementor-element-bc0e2b4 elementor-widget elementor-widget-text-editor\" data-id=\"bc0e2b4\" data-element_type=\"widget\" data-e-type=\"widget\" data-widget_type=\"text-editor.default\">\n\t\t\t\t<div class=\"elementor-widget-container\">\n\t\t\t\t\t\t\t\t\t<p class=\"translation-block\">The brand <span style=\"text-decoration: underline;color: #1284e0\"><a style=\"color: #1284e0;text-decoration: underline\" href=\"https:\/\/www.vulco.fr\/\" target=\"_blank\" rel=\"noopener nofollow\">Vulco<\/a><\/span> was founded in 1996 in France. The network quickly expanded to other countries such as Belgium, Morocco, Portugal, and Spain. The company specializes in tires and car maintenance (tires, manufacturer servicing, oil changes, brakes, shock absorbers, wheel alignment, exhaust systems\u2026).<\/p>\t\t\t\t\t\t\t\t<\/div>\n\t\t\t\t<\/div>\n\t\t\t\t<div class=\"elementor-element elementor-element-73ef5ef elementor-widget elementor-widget-heading\" data-id=\"73ef5ef\" data-element_type=\"widget\" data-e-type=\"widget\" data-widget_type=\"heading.default\">\n\t\t\t\t<div class=\"elementor-widget-container\">\n\t\t\t\t\t<h2 class=\"elementor-heading-title elementor-size-default\">Cryowell<\/h2>\t\t\t\t<\/div>\n\t\t\t\t<\/div>\n\t\t\t\t<div class=\"elementor-element elementor-element-a99af1a elementor-widget elementor-widget-text-editor\" data-id=\"a99af1a\" data-element_type=\"widget\" data-e-type=\"widget\" data-widget_type=\"text-editor.default\">\n\t\t\t\t<div class=\"elementor-widget-container\">\n\t\t\t\t\t\t\t\t\t<p class=\"translation-block\"><span style=\"text-decoration: underline;color: #1284e0\"><a style=\"color: #1284e0;text-decoration: underline\" href=\"https:\/\/www.cryowell.fr\/\" target=\"_blank\" rel=\"noopener nofollow\">Cryowell<\/a><\/span> offers slimming and beauty treatments using cold-based techniques, as well as whole-body and localized cryotherapy sessions to promote recovery and enhance athletic performance.<\/p><p>Alexandre and Vincent, two brothers passionate about sports and wellness, decided to join forces to open their first institute in 2016.<\/p>\t\t\t\t\t\t\t\t<\/div>\n\t\t\t\t<\/div>\n\t\t\t\t<div class=\"elementor-element elementor-element-2581880 elementor-widget elementor-widget-heading\" data-id=\"2581880\" data-element_type=\"widget\" data-e-type=\"widget\" data-widget_type=\"heading.default\">\n\t\t\t\t<div class=\"elementor-widget-container\">\n\t\t\t\t\t<h2 class=\"elementor-heading-title elementor-size-default\">Compose<\/h2>\t\t\t\t<\/div>\n\t\t\t\t<\/div>\n\t\t\t\t<div class=\"elementor-element elementor-element-5bd940b elementor-widget elementor-widget-text-editor\" data-id=\"5bd940b\" data-element_type=\"widget\" data-e-type=\"widget\" data-widget_type=\"text-editor.default\">\n\t\t\t\t<div class=\"elementor-widget-container\">\n\t\t\t\t\t\t\t\t\t<p class=\"translation-block\">The brand <span style=\"text-decoration: underline;color: #1284e0\"><a style=\"color: #1284e0;text-decoration: underline\" href=\"https:\/\/composeparis.fr\/\" target=\"_blank\" rel=\"noopener nofollow\">Compose<\/a><\/span> is considered a custom-made canteen that combines fast food with balanced cuisine. It was created by Christophe and Yann. The idea is to let you compose your own dish by choosing the ingredients yourself.<\/p>\t\t\t\t\t\t\t\t<\/div>\n\t\t\t\t<\/div>\n\t\t\t\t<div class=\"elementor-element elementor-element-6550974 elementor-widget elementor-widget-global elementor-global-20642 elementor-widget-image\" data-id=\"6550974\" data-element_type=\"widget\" data-e-type=\"widget\" data-widget_type=\"image.default\">\n\t\t\t\t<div class=\"elementor-widget-container\">\n\t\t\t\t\t\t\t\t\t\t\t\t\t\t\t\t<a href=\"https:\/\/cerca.io\/en\/free-trial-foc-2\/\" target=\"_blank\">\n\t\t\t\t\t\t\t<img decoding=\"async\" width=\"2049\" height=\"720\" src=\"https:\/\/cerca.io\/wp-content\/uploads\/2025\/10\/ENG_cta-article.png\" class=\"elementor-animation-bob attachment-full size-full wp-image-20041\" alt=\"franchisor\" srcset=\"https:\/\/cerca.io\/wp-content\/uploads\/2025\/10\/ENG_cta-article.png 2049w, https:\/\/cerca.io\/wp-content\/uploads\/2025\/10\/ENG_cta-article-300x105.png 300w, https:\/\/cerca.io\/wp-content\/uploads\/2025\/10\/ENG_cta-article-1024x360.png 1024w, https:\/\/cerca.io\/wp-content\/uploads\/2025\/10\/ENG_cta-article-768x270.png 768w, https:\/\/cerca.io\/wp-content\/uploads\/2025\/10\/ENG_cta-article-1536x540.png 1536w, https:\/\/cerca.io\/wp-content\/uploads\/2025\/10\/ENG_cta-article-18x6.png 18w\" sizes=\"(max-width: 2049px) 100vw, 2049px\" \/>\t\t\t\t\t\t\t\t<\/a>\n\t\t\t\t\t\t\t\t\t\t\t\t\t\t\t<\/div>\n\t\t\t\t<\/div>\n\t\t\t\t<div class=\"elementor-element elementor-element-89b85b0 elementor-widget elementor-widget-heading\" data-id=\"89b85b0\" data-element_type=\"widget\" data-e-type=\"widget\" data-widget_type=\"heading.default\">\n\t\t\t\t<div class=\"elementor-widget-container\">\n\t\t\t\t\t<h2 class=\"elementor-heading-title elementor-size-default\">IT Italian Trattoria<\/h2>\t\t\t\t<\/div>\n\t\t\t\t<\/div>\n\t\t\t\t<div class=\"elementor-element elementor-element-4dd2a48 elementor-widget elementor-widget-text-editor\" data-id=\"4dd2a48\" data-element_type=\"widget\" data-e-type=\"widget\" data-widget_type=\"text-editor.default\">\n\t\t\t\t<div class=\"elementor-widget-container\">\n\t\t\t\t\t\t\t\t\t<p><span style=\"text-decoration: underline; color: #1284e0;\"><a style=\"color: #1284e0; text-decoration: underline;\" href=\"http:\/\/www.it-trattoria.com\/\" target=\"_blank\" rel=\"noopener nofollow\">IT Italian Trattoria<\/a><\/span> It was created by two brothers of Calabrian origin who wanted to share the flavors of Italy. The brand offers fresh products prepared on site. The menu includes a variety of dishes such as pasta, pizzas, salads, desserts, and more.<\/p>\t\t\t\t\t\t\t\t<\/div>\n\t\t\t\t<\/div>\n\t\t\t\t<div class=\"elementor-element elementor-element-9870909 elementor-widget elementor-widget-heading\" data-id=\"9870909\" data-element_type=\"widget\" data-e-type=\"widget\" data-widget_type=\"heading.default\">\n\t\t\t\t<div class=\"elementor-widget-container\">\n\t\t\t\t\t<h2 class=\"elementor-heading-title elementor-size-default\">Av\u00e9o D\u00e9veloppement<\/h2>\t\t\t\t<\/div>\n\t\t\t\t<\/div>\n\t\t\t\t<div class=\"elementor-element elementor-element-e1b4c1a elementor-widget elementor-widget-text-editor\" data-id=\"e1b4c1a\" data-element_type=\"widget\" data-e-type=\"widget\" data-widget_type=\"text-editor.default\">\n\t\t\t\t<div class=\"elementor-widget-container\">\n\t\t\t\t\t\t\t\t\t<p class=\"translation-block\"><span style=\"text-decoration: underline;color: #1284e0\"><a style=\"color: #1284e0;text-decoration: underline\" href=\"https:\/\/www.aveo.fr\/\" target=\"_blank\" rel=\"noopener nofollow\">Av\u00e9o D\u00e9veloppement<\/a><\/span> was created in 2007 by Sylvain Rey. The company follows the concept of \u201cHome Staging and Home Improvement,\u201d which means enhancing the value of a property. This practice helps potential buyers visualize themselves in the space.<\/p>\t\t\t\t\t\t\t\t<\/div>\n\t\t\t\t<\/div>\n\t\t\t\t<div class=\"elementor-element elementor-element-4303098 elementor-widget elementor-widget-heading\" data-id=\"4303098\" data-element_type=\"widget\" data-e-type=\"widget\" data-widget_type=\"heading.default\">\n\t\t\t\t<div class=\"elementor-widget-container\">\n\t\t\t\t\t<h2 class=\"elementor-heading-title elementor-size-default\">Babychou Service<\/h2>\t\t\t\t<\/div>\n\t\t\t\t<\/div>\n\t\t\t\t<div class=\"elementor-element elementor-element-676e79b elementor-widget elementor-widget-text-editor\" data-id=\"676e79b\" data-element_type=\"widget\" data-e-type=\"widget\" data-widget_type=\"text-editor.default\">\n\t\t\t\t<div class=\"elementor-widget-container\">\n\t\t\t\t\t\t\t\t\t<p class=\"translation-block\"><span style=\"text-decoration: underline;color: #1284e0\"><a style=\"color: #1284e0;text-decoration: underline\" href=\"https:\/\/www.babychou.com\/\" target=\"_blank\" rel=\"nofollow noopener\">Babychou Services<\/a><\/span> was founded in 1997 following the meeting of young parents who couldn\u2019t find a suitable nanny. The company specializes in childcare for children aged 0 to 12. The network has around 90 locations.<\/p><p><strong>Would you like to learn more about these brands? Feel free to click on the different links redirecting you to their official websites.<\/strong><\/p><p class=\"translation-block\">Discover the networks that placed their trust in <a href=\"https:\/\/cerca.io\/en\/ces-enseignes-qui-ont-choisi-franchise-on-cloud-2\/\" target=\"_self\"><span style=\"color: #1284e0\"><span style=\"text-decoration: underline\">Cerca, formerly Franchise On Cloud, in November<\/span><\/span><\/a>.<\/p>\t\t\t\t\t\t\t\t<\/div>\n\t\t\t\t<\/div>\n\t\t\t\t<div class=\"elementor-element elementor-element-6d6763a elementor-align-center elementor-widget elementor-widget-button\" data-id=\"6d6763a\" data-element_type=\"widget\" data-e-type=\"widget\" data-widget_type=\"button.default\">\n\t\t\t\t<div class=\"elementor-widget-container\">\n\t\t\t\t\t\t\t\t\t<div class=\"elementor-button-wrapper\">\n\t\t\t\t\t<a class=\"elementor-button elementor-button-link elementor-size-sm elementor-animation-bob\" href=\"https:\/\/cerca.io\/en\/free-trial-foc-2\/\">\n\t\t\t\t\t\t<span class=\"elementor-button-content-wrapper\">\n\t\t\t\t\t\t\t\t\t<span class=\"elementor-button-text\">Scale your franchise with Cerca \u2728<\/span>\n\t\t\t\t\t<\/span>\n\t\t\t\t\t<\/a>\n\t\t\t\t<\/div>\n\t\t\t\t\t\t\t\t<\/div>\n\t\t\t\t<\/div>\n\t\t\t\t\t<\/div>\n\t\t<\/div>\n\t\t\t\t\t<\/div>\n\t\t<\/section>\n\t\t\t\t<section class=\"elementor-section elementor-top-section elementor-element elementor-element-5f584fb elementor-section-boxed elementor-section-height-default elementor-section-height-default wpr-particle-no wpr-jarallax-no wpr-parallax-no wpr-sticky-section-no\" data-id=\"5f584fb\" data-element_type=\"section\" data-e-type=\"section\">\n\t\t\t\t\t\t<div class=\"elementor-container elementor-column-gap-default\">\n\t\t\t\t\t<div class=\"elementor-column elementor-col-100 elementor-top-column elementor-element elementor-element-150bcff\" data-id=\"150bcff\" data-element_type=\"column\" data-e-type=\"column\">\n\t\t\t<div class=\"elementor-widget-wrap elementor-element-populated\">\n\t\t\t\t\t\t<div class=\"elementor-element elementor-element-465a5e1 elementor-widget elementor-widget-heading\" data-id=\"465a5e1\" data-element_type=\"widget\" data-e-type=\"widget\" data-widget_type=\"heading.default\">\n\t\t\t\t<div class=\"elementor-widget-container\">\n\t\t\t\t\t<h2 class=\"elementor-heading-title elementor-size-default\">You may also be interested in these articles: <\/h2>\t\t\t\t<\/div>\n\t\t\t\t<\/div>\n\t\t\t\t<div class=\"elementor-element elementor-element-815931a elementor-widget elementor-widget-global elementor-global-18806 elementor-widget-obfx-posts-grid\" data-id=\"815931a\" data-element_type=\"widget\" data-e-type=\"widget\" data-widget_type=\"obfx-posts-grid.default\">\n\t\t\t\t<div class=\"elementor-widget-container\">\n\t\t\t\t\t<div class=\"obfx-grid\"><div class=\"obfx-grid-container obfx-grid-mobile-1 obfx-grid-desktop-2\"><div class=\"obfx-grid-wrapper\"><article class=\"obfx-grid-col\"><div class=\"obfx-grid-col-image\" ><a href=\"https:\/\/cerca.io\/en\/franchise-management-software\/\" title=\"How to choose your franchise management software?\"><img decoding=\"async\" width=\"1747\" height=\"720\" src=\"https:\/\/cerca.io\/wp-content\/uploads\/2021\/06\/article-choisir-logiciel-franchise-minia-1.png\" class=\"img-responsive wp-post-image\" alt=\"Franchise management software\" srcset=\"https:\/\/cerca.io\/wp-content\/uploads\/2021\/06\/article-choisir-logiciel-franchise-minia-1.png 1747w, https:\/\/cerca.io\/wp-content\/uploads\/2021\/06\/article-choisir-logiciel-franchise-minia-1-300x124.png 300w, https:\/\/cerca.io\/wp-content\/uploads\/2021\/06\/article-choisir-logiciel-franchise-minia-1-1024x422.png 1024w, https:\/\/cerca.io\/wp-content\/uploads\/2021\/06\/article-choisir-logiciel-franchise-minia-1-768x317.png 768w, https:\/\/cerca.io\/wp-content\/uploads\/2021\/06\/article-choisir-logiciel-franchise-minia-1-1536x633.png 1536w, https:\/\/cerca.io\/wp-content\/uploads\/2021\/06\/article-choisir-logiciel-franchise-minia-1-18x7.png 18w\" sizes=\"(max-width: 1747px) 100vw, 1747px\" \/><\/a><\/div><div class=\"obfx-grid-col-content\">\t\t\t<h2 class=\"entry-title obfx-grid-title\">\n\t\t\t\t\t\t\t<a href=\"https:\/\/cerca.io\/en\/franchise-management-software\/\" title=\"How to choose your franchise management software?\">\n\t\t\t\t\tHow to choose your franchise management software?\t\t\t\t<\/a>\n\t\t\t\t\t\t\t<\/h2>\n\t\t\t<\/div><\/article><\/div><div class=\"obfx-grid-wrapper\"><article class=\"obfx-grid-col\"><div class=\"obfx-grid-col-image\" ><a href=\"https:\/\/cerca.io\/en\/aviva-kitchens-chooses-franchise-on-cloud\/\" title=\"AVIVA choisit Cerca ex Franchise On Cloud\"><img loading=\"lazy\" decoding=\"async\" width=\"1747\" height=\"720\" src=\"https:\/\/cerca.io\/wp-content\/uploads\/2021\/01\/new-client-aviva-minia.png\" class=\"img-responsive wp-post-image\" alt=\"aviva cerca\" srcset=\"https:\/\/cerca.io\/wp-content\/uploads\/2021\/01\/new-client-aviva-minia.png 1747w, https:\/\/cerca.io\/wp-content\/uploads\/2021\/01\/new-client-aviva-minia-300x124.png 300w, https:\/\/cerca.io\/wp-content\/uploads\/2021\/01\/new-client-aviva-minia-1024x422.png 1024w, https:\/\/cerca.io\/wp-content\/uploads\/2021\/01\/new-client-aviva-minia-768x317.png 768w, https:\/\/cerca.io\/wp-content\/uploads\/2021\/01\/new-client-aviva-minia-1536x633.png 1536w, https:\/\/cerca.io\/wp-content\/uploads\/2021\/01\/new-client-aviva-minia-18x7.png 18w\" sizes=\"(max-width: 1747px) 100vw, 1747px\" \/><\/a><\/div><div class=\"obfx-grid-col-content\">\t\t\t<h2 class=\"entry-title obfx-grid-title\">\n\t\t\t\t\t\t\t<a href=\"https:\/\/cerca.io\/en\/aviva-kitchens-chooses-franchise-on-cloud\/\" title=\"AVIVA choisit Cerca ex Franchise On Cloud\">\n\t\t\t\t\tAVIVA choisit Cerca ex Franchise On Cloud\t\t\t\t<\/a>\n\t\t\t\t\t\t\t<\/h2>\n\t\t\t<\/div><\/article><\/div><\/div><!-- .obfx-grid-container --><\/div><!-- .obfx-grid -->\t\t\t\t<\/div>\n\t\t\t\t<\/div>\n\t\t\t\t\t<\/div>\n\t\t<\/div>\n\t\t\t\t\t<\/div>\n\t\t<\/section>\n\t\t\t\t<\/div>","protected":false},"excerpt":{"rendered":"<p>Malgr\u00e9 la COVID-19, Cerca ex Franchise On Cloud termine bien l\u2019ann\u00e9e 2020. En effet, de nombreuses enseignes ont d\u00e9cid\u00e9 de choisir notre plateforme digitale pour le d\u00e9veloppement de leur r\u00e9seau, dont 6 nouveaux clients pour le seul mois de d\u00e9cembre. Cerca ex Franchise On Cloud est tr\u00e8s heureux de les compter parmi ses nouveaux clients : Vulco L\u2019enseigne Vulco a vu le jour en 1996 en France. Le r\u00e9seau s\u2019est rapidement implant\u00e9 dans d\u2019autres pays comme en Belgique, au Maroc, au Portugal et en Espagne. L\u2019entreprise est sp\u00e9cialis\u00e9e dans les pneumatiques et l\u2019entretien automobile\u00a0(pneus, r\u00e9vision constructeur, vidange, freins, amortisseurs, parall\u00e9lisme, \u00e9chappement\u2026). Cryowell Cryowell propose des techniques d\u2019amincissement et de beaut\u00e9 par le froid ainsi que des soins par la cryoth\u00e9rapie corps entier et localis\u00e9e pour favoriser la r\u00e9cup\u00e9ration et les performances sportives. Alexandre et Vincent, deux fr\u00e8res passionn\u00e9s de sport et de wellness, ont d\u00e9cid\u00e9 de s\u2019associer pour fonder leur premier institut en 2016. Compose L\u2019enseigne Compose est consid\u00e9r\u00e9e comme une cantine sur mesure associant restauration rapide et cuisine \u00e9quilibr\u00e9e. Elle a \u00e9t\u00e9 cr\u00e9\u00e9e par Christophe et Yann. Le but est de composer votre plat en choisissant vous-m\u00eame les ingr\u00e9dients. IT Italian Trattoria IT Italian Trattoria a \u00e9t\u00e9 cr\u00e9\u00e9e par deux fr\u00e8res d\u2019origine calabraise qui souhaitaient faire partager les saveurs de l\u2019Italie. L\u2019enseigne propose des produits frais, pr\u00e9par\u00e9s sur place. Sur la carte se trouve des plats divers et vari\u00e9s tels que : des p\u00e2tes, des pizzas, des salades, des desserts\u2026 Av\u00e9o D\u00e9veloppement Av\u00e9o D\u00e9veloppement a \u00e9t\u00e9 cr\u00e9\u00e9e en 2007 par Sylvain Rey. L\u2019entreprise suit le concept de \u00ab\u00a0Home-Staging et Travaux de l\u2019Habitat\u00a0\u00bb c\u2019est-\u00e0-dire une mise en valeur du logement. Cette pratique permet d\u2019aider l\u2019acheteur potentiel \u00e0 s\u2019imaginer dans cet int\u00e9rieur. Babychou Service Babychou Services est n\u00e9 en 1997 gr\u00e2ce \u00e0 la rencontre de jeunes parents qui ne trouvaient pas de \u00ab\u00a0nounou\u00a0\u00bb convenable. L\u2019entreprise est donc sp\u00e9cialis\u00e9e dans la garde d\u2019enfants de 0 \u00e0 12 ans. Le r\u00e9seau compte environ 90 implantations. Vous souhaitez en savoir plus sur ces enseignes ? N\u2019h\u00e9sitez pas \u00e0 aller cliquer sur les diff\u00e9rents liens redirigeant vers leurs sites officiels. D\u00e9couvrez les r\u00e9seaux ayant fait confiance \u00e0 Cerca ex Franchise On Cloud au mois de novembre. Scalez votre franchise avec Cerca \u2728 Ces articles peuvent vous int\u00e9resser : Signez vos DIPs \u00e9lectroniquement L&rsquo;interface de vos rapports de visite profite de nouveaux ajouts ergonomiques<\/p>","protected":false},"author":1,"featured_media":21219,"comment_status":"closed","ping_status":"closed","sticky":false,"template":"","format":"standard","meta":{"content-type":"","om_disable_all_campaigns":false,"_monsterinsights_skip_tracking":false,"_monsterinsights_sitenote_active":false,"_monsterinsights_sitenote_note":"","_monsterinsights_sitenote_category":0,"_uf_show_specific_survey":0,"_uf_disable_surveys":false,"_themeisle_gutenberg_block_has_review":false,"footnotes":""},"categories":[63,105],"tags":[139],"class_list":["post-12599","post","type-post","status-publish","format-standard","has-post-thumbnail","hentry","category-blog","category-nouvelles-enseignes","tag-fr"],"aioseo_notices":[],"_links":{"self":[{"href":"https:\/\/cerca.io\/en\/wp-json\/wp\/v2\/posts\/12599","targetHints":{"allow":["GET"]}}],"collection":[{"href":"https:\/\/cerca.io\/en\/wp-json\/wp\/v2\/posts"}],"about":[{"href":"https:\/\/cerca.io\/en\/wp-json\/wp\/v2\/types\/post"}],"author":[{"embeddable":true,"href":"https:\/\/cerca.io\/en\/wp-json\/wp\/v2\/users\/1"}],"replies":[{"embeddable":true,"href":"https:\/\/cerca.io\/en\/wp-json\/wp\/v2\/comments?post=12599"}],"version-history":[{"count":56,"href":"https:\/\/cerca.io\/en\/wp-json\/wp\/v2\/posts\/12599\/revisions"}],"predecessor-version":[{"id":21242,"href":"https:\/\/cerca.io\/en\/wp-json\/wp\/v2\/posts\/12599\/revisions\/21242"}],"wp:featuredmedia":[{"embeddable":true,"href":"https:\/\/cerca.io\/en\/wp-json\/wp\/v2\/media\/21219"}],"wp:attachment":[{"href":"https:\/\/cerca.io\/en\/wp-json\/wp\/v2\/media?parent=12599"}],"wp:term":[{"taxonomy":"category","embeddable":true,"href":"https:\/\/cerca.io\/en\/wp-json\/wp\/v2\/categories?post=12599"},{"taxonomy":"post_tag","embeddable":true,"href":"https:\/\/cerca.io\/en\/wp-json\/wp\/v2\/tags?post=12599"}],"curies":[{"name":"wp","href":"https:\/\/api.w.org\/{rel}","templated":true}]}}