{"id":23621,"date":"2026-03-11T10:01:54","date_gmt":"2026-03-11T09:01:54","guid":{"rendered":"https:\/\/cerca.io\/?p=23621"},"modified":"2026-03-11T11:03:45","modified_gmt":"2026-03-11T10:03:45","slug":"rentabilisez-vos-investissements-salon","status":"publish","type":"post","link":"https:\/\/cerca.io\/es\/rentabilisez-vos-investissements-salon\/","title":{"rendered":"Rentabiliser ses investissements Salon : repenser l\u2019\u00e9v\u00e9nement comme un levier strat\u00e9gique"},"content":{"rendered":"<div data-elementor-type=\"wp-post\" data-elementor-id=\"23621\" class=\"elementor elementor-23621\" data-elementor-post-type=\"post\">\n\t\t\t\t\t\t<section class=\"elementor-section elementor-top-section elementor-element elementor-element-c4900c8 elementor-section-boxed elementor-section-height-default elementor-section-height-default wpr-particle-no wpr-jarallax-no wpr-parallax-no wpr-sticky-section-no\" data-id=\"c4900c8\" data-element_type=\"section\" data-e-type=\"section\">\n\t\t\t\t\t\t<div class=\"elementor-container elementor-column-gap-default\">\n\t\t\t\t\t<div class=\"elementor-column elementor-col-100 elementor-top-column elementor-element elementor-element-560dc44\" data-id=\"560dc44\" data-element_type=\"column\" data-e-type=\"column\">\n\t\t\t<div class=\"elementor-widget-wrap elementor-element-populated\">\n\t\t\t\t\t\t<div class=\"elementor-element elementor-element-e058620 elementor-widget elementor-widget-image\" data-id=\"e058620\" data-element_type=\"widget\" data-e-type=\"widget\" data-widget_type=\"image.default\">\n\t\t\t\t<div class=\"elementor-widget-container\">\n\t\t\t\t\t\t\t\t\t\t\t\t\t\t\t<img loading=\"lazy\" decoding=\"async\" width=\"2049\" height=\"720\" src=\"https:\/\/cerca.io\/wp-content\/uploads\/2026\/03\/Rentabiliser-vos-investissements-salon-Visuel-blog.png\" class=\"attachment-full size-full wp-image-23623\" alt=\"salon\" srcset=\"https:\/\/cerca.io\/wp-content\/uploads\/2026\/03\/Rentabiliser-vos-investissements-salon-Visuel-blog.png 2049w, https:\/\/cerca.io\/wp-content\/uploads\/2026\/03\/Rentabiliser-vos-investissements-salon-Visuel-blog-300x105.png 300w, https:\/\/cerca.io\/wp-content\/uploads\/2026\/03\/Rentabiliser-vos-investissements-salon-Visuel-blog-1024x360.png 1024w, https:\/\/cerca.io\/wp-content\/uploads\/2026\/03\/Rentabiliser-vos-investissements-salon-Visuel-blog-768x270.png 768w, https:\/\/cerca.io\/wp-content\/uploads\/2026\/03\/Rentabiliser-vos-investissements-salon-Visuel-blog-1536x540.png 1536w, https:\/\/cerca.io\/wp-content\/uploads\/2026\/03\/Rentabiliser-vos-investissements-salon-Visuel-blog-18x6.png 18w\" sizes=\"(max-width: 2049px) 100vw, 2049px\" \/>\t\t\t\t\t\t\t\t\t\t\t\t\t\t\t<\/div>\n\t\t\t\t<\/div>\n\t\t\t\t<div class=\"elementor-element elementor-element-1d6175f elementor-widget elementor-widget-heading\" data-id=\"1d6175f\" data-element_type=\"widget\" data-e-type=\"widget\" data-widget_type=\"heading.default\">\n\t\t\t\t<div class=\"elementor-widget-container\">\n\t\t\t\t\t<h1 class=\"elementor-heading-title elementor-size-default\">Rentabiliser ses investissements Salon : repenser l\u2019\u00e9v\u00e9nement comme un levier strat\u00e9gique<\/h1>\t\t\t\t<\/div>\n\t\t\t\t<\/div>\n\t\t\t\t<div class=\"elementor-element elementor-element-e133c2c elementor-widget elementor-widget-text-editor\" data-id=\"e133c2c\" data-element_type=\"widget\" data-e-type=\"widget\" data-widget_type=\"text-editor.default\">\n\t\t\t\t<div class=\"elementor-widget-container\">\n\t\t\t\t\t\t\t\t\t<p data-key=\"2YOOr\" data-pm-slice=\"1 1 []\">Chaque ann\u00e9e, les r\u00e9seaux investissent des sommes importantes dans les salons professionnels.<br \/>Stand, logistique, d\u00e9placements, h\u00e9bergement, mobilisation des \u00e9quipes. Le co\u00fbt est r\u00e9el, visible, mesurable.<\/p><p data-key=\"3xXZz\">Ce qui l\u2019est beaucoup moins, en revanche, c\u2019est le retour sur investissement r\u00e9el de ces \u00e9v\u00e9nements.<\/p><p data-key=\"gDFim\">Quelques semaines apr\u00e8s, le constat est souvent le m\u00eame :<\/p><ul class=\"list-el\" data-key=\"V5lda\"><li data-key=\"gH1Qt\"><p data-key=\"iUJjI\">Le Salon s\u2019est bien pass\u00e9, les \u00e9changes ont \u00e9t\u00e9 nombreux, l\u2019ambiance positive mais il est difficile de dire pr\u00e9cis\u00e9ment ce que tout cela a produit.<\/p><\/li><li data-key=\"aJJ3F\"><p data-key=\"XU20b\">Combien de projets ont r\u00e9ellement \u00e9merg\u00e9 ?<\/p><\/li><li data-key=\"4iBNA\"><p data-key=\"FR4og\">Combien de contacts ont abouti ?<\/p><\/li><li data-key=\"KwGKc\"><p data-key=\"cz5gV\">Et surtout : qu\u2019est-ce que le r\u00e9seau a appris de cette pr\u00e9sence ?<\/p><\/li><\/ul><p data-key=\"b3BEn\">Le probl\u00e8me n\u2019est pas le salon en lui-m\u00eame.<br \/>Le probl\u00e8me, c\u2019est la mani\u00e8re dont il est pens\u00e9 et int\u00e9gr\u00e9 dans une strat\u00e9gie globale.<\/p>\t\t\t\t\t\t\t\t<\/div>\n\t\t\t\t<\/div>\n\t\t\t\t<div class=\"elementor-element elementor-element-5629184 elementor-align-center elementor-widget elementor-widget-button\" data-id=\"5629184\" data-element_type=\"widget\" data-e-type=\"widget\" data-widget_type=\"button.default\">\n\t\t\t\t<div class=\"elementor-widget-container\">\n\t\t\t\t\t\t\t\t\t<div class=\"elementor-button-wrapper\">\n\t\t\t\t\t<a class=\"elementor-button elementor-button-link elementor-size-sm elementor-animation-bob\" href=\"https:\/\/cerca.io\/es\/prueba-gratuita-foc-2\/\">\n\t\t\t\t\t\t<span class=\"elementor-button-content-wrapper\">\n\t\t\t\t\t\t\t\t\t<span class=\"elementor-button-text\">Solicita tus 30 d\u00edas de prueba gratis<\/span>\n\t\t\t\t\t<\/span>\n\t\t\t\t\t<\/a>\n\t\t\t\t<\/div>\n\t\t\t\t\t\t\t\t<\/div>\n\t\t\t\t<\/div>\n\t\t\t\t<div class=\"elementor-element elementor-element-5e3c1c4 elementor-widget elementor-widget-heading\" data-id=\"5e3c1c4\" data-element_type=\"widget\" data-e-type=\"widget\" data-widget_type=\"heading.default\">\n\t\t\t\t<div class=\"elementor-widget-container\">\n\t\t\t\t\t<h2 class=\"elementor-heading-title elementor-size-default\">Un Salon n\u2019est pas un \u00e9v\u00e9nement ponctuel, c\u2019est un investissement<\/h2>\t\t\t\t<\/div>\n\t\t\t\t<\/div>\n\t\t\t\t<div class=\"elementor-element elementor-element-8e61c71 elementor-widget elementor-widget-text-editor\" data-id=\"8e61c71\" data-element_type=\"widget\" data-e-type=\"widget\" data-widget_type=\"text-editor.default\">\n\t\t\t\t<div class=\"elementor-widget-container\">\n\t\t\t\t\t\t\t\t\t<p data-key=\"DLeTS\" data-pm-slice=\"1 1 []\">Un Salon ne devrait jamais \u00eatre consid\u00e9r\u00e9 comme une simple op\u00e9ration de visibilit\u00e9.<br \/>C\u2019est un investissement strat\u00e9gique, au m\u00eame titre qu\u2019un d\u00e9ploiement marketing ou qu\u2019un projet de d\u00e9veloppement.<\/p><p data-key=\"EmLnd\">Et comme tout investissement, il doit \u00eatre abord\u00e9 avec trois questions simples :<\/p><ul class=\"list-el\" data-key=\"WtPkf\"><li data-key=\"09vyS\"><p data-key=\"D5CIX\">Pourquoi y allons-nous ?<\/p><\/li><li data-key=\"2YwGr\"><p data-key=\"YjjtX\">Qu\u2019attendons-nous concr\u00e8tement ?<\/p><\/li><li data-key=\"mTYhh\"><p data-key=\"RnrcQ\">Comment allons-nous exploiter ce qui en ressort ?<\/p><\/li><\/ul><p data-key=\"vNGmY\">Sans r\u00e9ponse claire \u00e0 ces questions, le Salon devient une action isol\u00e9e.<br \/>Visible, certes, mais difficilement rentable.<\/p>\t\t\t\t\t\t\t\t<\/div>\n\t\t\t\t<\/div>\n\t\t\t\t<div class=\"elementor-element elementor-element-459d765 elementor-widget elementor-widget-heading\" data-id=\"459d765\" data-element_type=\"widget\" data-e-type=\"widget\" data-widget_type=\"heading.default\">\n\t\t\t\t<div class=\"elementor-widget-container\">\n\t\t\t\t\t<h2 class=\"elementor-heading-title elementor-size-default\">Avant le Salon : clarifier les objectifs pour donner de la valeur aux \u00e9changes<\/h2>\t\t\t\t<\/div>\n\t\t\t\t<\/div>\n\t\t\t\t<div class=\"elementor-element elementor-element-8ec65db elementor-widget elementor-widget-text-editor\" data-id=\"8ec65db\" data-element_type=\"widget\" data-e-type=\"widget\" data-widget_type=\"text-editor.default\">\n\t\t\t\t<div class=\"elementor-widget-container\">\n\t\t\t\t\t\t\t\t\t<p data-key=\"YIud1\" data-pm-slice=\"1 1 []\">La rentabilit\u00e9 d\u2019un salon se joue en grande partie avant son ouverture.<\/p><p data-key=\"XtFCQ\">Un r\u00e9seau qui sait pr\u00e9cis\u00e9ment ce qu\u2019il vient chercher n\u2019aborde pas les \u00e9changes de la m\u00eame mani\u00e8re.<\/p><p data-key=\"ugiYm\">Recruter de futurs partenaires, identifier des opportunit\u00e9s commerciales, renforcer une marque, tester un discours, prendre le pouls du march\u00e9 : chaque objectif implique une posture diff\u00e9rente.<\/p><p data-key=\"mWeyk\">Lorsque les \u00e9quipes partagent cette clart\u00e9, les discussions gagnent en profondeur.<br \/>Elles ne sont plus de simples \u00e9changes cordiaux, mais des points d\u2019entr\u00e9e vers des parcours structur\u00e9s.<\/p>\t\t\t\t\t\t\t\t<\/div>\n\t\t\t\t<\/div>\n\t\t\t\t<div class=\"elementor-element elementor-element-e82a8d4 elementor-widget elementor-widget-heading\" data-id=\"e82a8d4\" data-element_type=\"widget\" data-e-type=\"widget\" data-widget_type=\"heading.default\">\n\t\t\t\t<div class=\"elementor-widget-container\">\n\t\t\t\t\t<h2 class=\"elementor-heading-title elementor-size-default\">Pendant le Salon : capter de l\u2019information, pas seulement des contacts<\/h2>\t\t\t\t<\/div>\n\t\t\t\t<\/div>\n\t\t\t\t<div class=\"elementor-element elementor-element-6f5784f elementor-widget elementor-widget-text-editor\" data-id=\"6f5784f\" data-element_type=\"widget\" data-e-type=\"widget\" data-widget_type=\"text-editor.default\">\n\t\t\t\t<div class=\"elementor-widget-container\">\n\t\t\t\t\t\t\t\t\t<p data-key=\"SPJme\" data-pm-slice=\"1 1 []\">Beaucoup de salons g\u00e9n\u00e8rent des listes de contacts mais peu de donn\u00e9es r\u00e9ellement exploitables.<\/p><p data-key=\"qzmej\">Or, ce qui cr\u00e9e de la valeur, ce n\u2019est pas le volume, mais la qualit\u00e9 de l\u2019information recueillie :<br \/>le besoin r\u00e9el, le niveau de maturit\u00e9, les contraintes, l\u2019horizon de d\u00e9cision.<\/p><p data-key=\"eAqkQ\">C\u2019est cette compr\u00e9hension fine, capt\u00e9e sur le moment, qui permet ensuite un suivi pertinent.<br \/>Sans cela, le contact devient abstrait et finit souvent oubli\u00e9 dans un fichier ou un outil mal exploit\u00e9.<\/p>\t\t\t\t\t\t\t\t<\/div>\n\t\t\t\t<\/div>\n\t\t\t\t<div class=\"elementor-element elementor-element-2eae005 elementor-widget elementor-widget-global elementor-global-20642 elementor-widget-image\" data-id=\"2eae005\" data-element_type=\"widget\" data-e-type=\"widget\" data-widget_type=\"image.default\">\n\t\t\t\t<div class=\"elementor-widget-container\">\n\t\t\t\t\t\t\t\t\t\t\t\t\t\t\t\t<a href=\"https:\/\/cerca.io\/es\/prueba-gratuita-foc-2\/\" target=\"_blank\">\n\t\t\t\t\t\t\t<img loading=\"lazy\" decoding=\"async\" width=\"2049\" height=\"720\" src=\"https:\/\/cerca.io\/wp-content\/uploads\/2025\/10\/ES_cta-article.png\" class=\"elementor-animation-bob attachment-full size-full wp-image-20041\" alt=\"franquiciador\" srcset=\"https:\/\/cerca.io\/wp-content\/uploads\/2025\/10\/ES_cta-article.png 2049w, https:\/\/cerca.io\/wp-content\/uploads\/2025\/10\/ES_cta-article-300x105.png 300w, https:\/\/cerca.io\/wp-content\/uploads\/2025\/10\/ES_cta-article-1024x360.png 1024w, https:\/\/cerca.io\/wp-content\/uploads\/2025\/10\/ES_cta-article-768x270.png 768w, https:\/\/cerca.io\/wp-content\/uploads\/2025\/10\/ES_cta-article-1536x540.png 1536w, https:\/\/cerca.io\/wp-content\/uploads\/2025\/10\/ES_cta-article-18x6.png 18w\" sizes=\"(max-width: 2049px) 100vw, 2049px\" \/>\t\t\t\t\t\t\t\t<\/a>\n\t\t\t\t\t\t\t\t\t\t\t\t\t\t\t<\/div>\n\t\t\t\t<\/div>\n\t\t\t\t<div class=\"elementor-element elementor-element-e74aed1 elementor-widget elementor-widget-heading\" data-id=\"e74aed1\" data-element_type=\"widget\" data-e-type=\"widget\" data-widget_type=\"heading.default\">\n\t\t\t\t<div class=\"elementor-widget-container\">\n\t\t\t\t\t<h2 class=\"elementor-heading-title elementor-size-default\">Apr\u00e8s le Salon : transformer l\u2019essai dans la dur\u00e9e<\/h2>\t\t\t\t<\/div>\n\t\t\t\t<\/div>\n\t\t\t\t<div class=\"elementor-element elementor-element-96e48da elementor-widget elementor-widget-text-editor\" data-id=\"96e48da\" data-element_type=\"widget\" data-e-type=\"widget\" data-widget_type=\"text-editor.default\">\n\t\t\t\t<div class=\"elementor-widget-container\">\n\t\t\t\t\t\t\t\t\t<p data-key=\"8R9Vd\" data-pm-slice=\"1 1 []\">C\u2019est apr\u00e8s le Salon que tout se joue r\u00e9ellement.<\/p><p data-key=\"X5cb5\">Un \u00e9v\u00e9nement n\u2019est rentable que s\u2019il d\u00e9clenche une dynamique : des relances rapides, des \u00e9changes personnalis\u00e9s, des rendez-vous qualifi\u00e9s, parfois sur plusieurs mois.<\/p><p data-key=\"PARhU\">Sans organisation claire, le salon s\u2019arr\u00eate le jour o\u00f9 le stand est d\u00e9mont\u00e9.<br \/>Avec un suivi structur\u00e9, il devient un point de d\u00e9part.<\/p><p data-key=\"Ux1Ln\">C\u2019est aussi \u00e0 ce moment-l\u00e0 que le r\u00e9seau peut tirer des enseignements pr\u00e9cieux : quels profils ont \u00e9t\u00e9 rencontr\u00e9s, quels messages ont r\u00e9sonn\u00e9, quels freins sont revenus le plus souvent.<\/p>\t\t\t\t\t\t\t\t<\/div>\n\t\t\t\t<\/div>\n\t\t\t\t<div class=\"elementor-element elementor-element-b3dcc5a elementor-widget elementor-widget-heading\" data-id=\"b3dcc5a\" data-element_type=\"widget\" data-e-type=\"widget\" data-widget_type=\"heading.default\">\n\t\t\t\t<div class=\"elementor-widget-container\">\n\t\t\t\t\t<h2 class=\"elementor-heading-title elementor-size-default\">Faire du Salon un levier durable, pas une d\u00e9pense isol\u00e9e<\/h2>\t\t\t\t<\/div>\n\t\t\t\t<\/div>\n\t\t\t\t<div class=\"elementor-element elementor-element-16ddecc elementor-widget elementor-widget-text-editor\" data-id=\"16ddecc\" data-element_type=\"widget\" data-e-type=\"widget\" data-widget_type=\"text-editor.default\">\n\t\t\t\t<div class=\"elementor-widget-container\">\n\t\t\t\t\t\t\t\t\t<p data-key=\"d5Nml\" data-pm-slice=\"1 1 []\">Rentabiliser un salon ne signifie pas en faire plus, ni multiplier les \u00e9v\u00e9nements.<br \/>Cela signifie mieux les int\u00e9grer dans une logique de pilotage et de continuit\u00e9.<\/p><p data-key=\"iHWcf\">Un Salon bien exploit\u00e9 nourrit la strat\u00e9gie commerciale, marketing et r\u00e9seau.<br \/>Il alimente la r\u00e9flexion du si\u00e8ge, \u00e9claire les d\u00e9cisions et renforce l\u2019alignement entre le terrain et la t\u00eate de r\u00e9seau.<\/p><p data-key=\"YeHGD\">Chez Cerca, c\u2019est cette approche que nous d\u00e9fendons : consid\u00e9rer le salon non comme une fin en soi, mais comme un point d\u2019entr\u00e9e dans un dispositif plus large, structur\u00e9 et mesurable.<\/p><p data-key=\"pVnv9\">Car au fond, un Salon n\u2019est jamais un co\u00fbt par nature.<br \/>Il le devient uniquement lorsqu\u2019on ne sait pas quoi en faire apr\u00e8s.<\/p><p data-key=\"Ifx79\">Et c\u2019est souvent l\u00e0 que tout se joue.<\/p>\t\t\t\t\t\t\t\t<\/div>\n\t\t\t\t<\/div>\n\t\t\t\t\t<\/div>\n\t\t<\/div>\n\t\t\t\t\t<\/div>\n\t\t<\/section>\n\t\t\t\t<section class=\"elementor-section elementor-top-section elementor-element elementor-element-9b46792 elementor-section-boxed elementor-section-height-default elementor-section-height-default wpr-particle-no wpr-jarallax-no wpr-parallax-no wpr-sticky-section-no\" data-id=\"9b46792\" data-element_type=\"section\" data-e-type=\"section\">\n\t\t\t\t\t\t<div class=\"elementor-container elementor-column-gap-default\">\n\t\t\t\t\t<div class=\"elementor-column elementor-col-100 elementor-top-column elementor-element elementor-element-7089624\" data-id=\"7089624\" data-element_type=\"column\" data-e-type=\"column\">\n\t\t\t<div class=\"elementor-widget-wrap elementor-element-populated\">\n\t\t\t\t\t\t<div class=\"elementor-element elementor-element-3aa91b3 elementor-widget elementor-widget-heading\" data-id=\"3aa91b3\" data-element_type=\"widget\" data-e-type=\"widget\" data-widget_type=\"heading.default\">\n\t\t\t\t<div class=\"elementor-widget-container\">\n\t\t\t\t\t<h2 class=\"elementor-heading-title elementor-size-default\">Estos art\u00edculos pueden ser de su inter\u00e9s: <\/h2>\t\t\t\t<\/div>\n\t\t\t\t<\/div>\n\t\t\t\t<div class=\"elementor-element elementor-element-ed06785 elementor-widget elementor-widget-global elementor-global-23522 elementor-widget-ucaddon_post_grid\" data-id=\"ed06785\" data-element_type=\"widget\" data-e-type=\"widget\" data-widget_type=\"ucaddon_post_grid.default\">\n\t\t\t\t<div class=\"elementor-widget-container\">\n\t\t\t\t\t\n<!-- start Post Grid -->\n\t\t<link id='font-awesome-css' href='https:\/\/cerca.io\/wp-content\/plugins\/unlimited-elements-for-elementor-premium\/assets_libraries\/font-awesome6\/fontawesome-all.min.css' type='text\/css' rel='stylesheet' >\n\t\t<link id='font-awesome-4-shim-css' href='https:\/\/cerca.io\/wp-content\/plugins\/unlimited-elements-for-elementor-premium\/assets_libraries\/font-awesome6\/fontawesome-v4-shims.min.css' type='text\/css' rel='stylesheet' >\n\n<style>\/* widget: Post Grid *\/\n\n\n\n#uc_post_grid_elementor_ed06785.uc_post_grid_style_one .uc_post_grid_style_one_wrap {\n   display:grid;\n}\n\n\n#uc_post_grid_elementor_ed06785 .uc_post_grid_style_one_item\n{\n  position:relative;\n}\n\n#uc_post_grid_elementor_ed06785 .uc_post_image\n{\n  transition:0.3s;\n  position:relative;\n  overflow:hidden;\n}\n\n#uc_post_grid_elementor_ed06785 .uc_post_image img\n{\n  width:100%;\n  display:block;\n  transition:0.3s;\n}\n\n\n\t#uc_post_grid_elementor_ed06785 .ue-item:hover .uc_post_image img\n    {\n      transform:scale(1.1,1.1);\n    }\n\t\n\n\n\n\n\n\n#uc_post_grid_elementor_ed06785 .uc_post_image_overlay\n{\n  position:absolute;\n  top:0px;\n  left:0px;\n  height:100%;\n  width:100%;\n  transition:0.3s;\n}\n\n#uc_post_grid_elementor_ed06785 .uc_more_btn-custom-field\n{\n  display:inline-block;\n  text-align:center;\n  text-decoration:none;\n  transition:0.3s;\n}\n\n#uc_post_grid_elementor_ed06785 .uc_more_btn\n{\n  display:block;\n  text-align:center;\n  text-decoration:none;\n  transition:0.3s;\n}\n\n.ue-grid-item-category a\n{\n  display:inline-block;\n  font-size:10px;\n  position: relative;\n  z-index: 1;\n}\n#uc_post_grid_elementor_ed06785 .ue-grid-item-category a{\n    cursor: text;\n  }\n.uc_post_title\n{\n  font-size:21px;\n}\n\n\n\n#uc_post_grid_elementor_ed06785 .ue_post_grid_item\n{\n  display:flex;\n  flex-direction:column;\n}\n\n#uc_post_grid_elementor_ed06785.uc_post_grid_style_one .uc_content{\n flex-grow:1;\n}\n\n#uc_post_grid_elementor_ed06785.uc_post_grid_style_one .uc_content > div\n{\n  height:100%;\n  display:flex;\n  flex-direction:column;\n  justify-content: space-between;}\n\n    #uc_post_grid_elementor_ed06785 .uc_post_button\n   {\n     margin-top:auto;\n   }\n  \n\n\n\n\n\n\n\n\n\n\n\n\n\n\n\n\n\n\n\n\n\n\n#uc_post_grid_elementor_ed06785 .ue-meta-data\n{\n  \n  display:flex;\n\n  flex-wrap: wrap;\n  line-height:1em;\n}\n\n#uc_post_grid_elementor_ed06785 .ue-grid-item-meta-data\n{\n      display:inline-flex;\n      align-items:center;\n}\n\n#uc_post_grid_elementor_ed06785 .ue-grid-item-meta-data a{\n  color:inherit;\n}\n\n.ue-grid-item-meta-data\n{\n  font-size:12px;\n}\n\n#uc_post_grid_elementor_ed06785 .ue-grid-item-meta-data-icon\n{\n  line-height:1em;\n}\n\n#uc_post_grid_elementor_ed06785 .ue-grid-item-meta-data-icon svg\n{\n  width:1em;\n  height:1em;\n}\n\n#uc_post_grid_elementor_ed06785 .ue-debug-meta\n{\n  padding:10px;\n  border:1px solid red;\n  position:relative;\n  line-height:1.5em;\n  font-size:11px;\n  width:100%;\n}\n\n#uc_post_grid_elementor_ed06785 .uc_btn_inner\n{\n  display:inline-flex;\n  align-items:center;\n}\n\n#uc_post_grid_elementor_ed06785 .uc_btn_inner svg\n{\n  width:1em;\n  height:1em;\n}\n\n  #uc_post_grid_elementor_ed06785 .ue_post_full_link{\n    position:absolute;\n    width:100%;\n    height:100%;\n    top:0;\n    left:0;\n  }\n\n\n\n\n\n<\/style>\n\n<div class=\"uc_post_grid_style_one uc-filterable-grid uc-remote-parent\" id=\"uc_post_grid_elementor_ed06785\"  data-ajax='true'  data-filterbehave='ajax'  querydata='{&quot;count_posts&quot;:2,&quot;total_posts&quot;:142,&quot;page&quot;:1,&quot;num_pages&quot;:71,&quot;orderby&quot;:&quot;date&quot;}'  data-remoteid='auto' data-widgetname='Post Grid'>\n\t\t<div class=\"uc_post_grid_style_one_wrap ue_post_grid uc-items-wrapper\">\n\t\t\t\n\n\n\n<div id=\"uc_post_grid_elementor_ed06785_item1\" class=\"uc_post_grid_style_one_item ue_post_grid_item ue-item\">\n  \n      <a class=\"uc_post_grid_style_one_image\" href='https:\/\/cerca.io\/es\/nouveautes-avril-2026-pilotage-reseau-multi-sites\/' target=\"_blank\">\n     <div class=\"uc_post_image\">\n       <img loading=\"lazy\" decoding=\"async\" src=\"https:\/\/cerca.io\/wp-content\/uploads\/2026\/04\/nouveautes-avril-2026-minia-blog-ENG-768x317.png\"  alt=\"Pilotage r\u00e9seau\" width=\"768\" height=\"317\">\n       <div class=\"uc_post_image_overlay\"><\/div>\n     <\/div>\n    <\/a>\n   \n  <div class=\"uc_content\">\n    <div class=\"uc_content_inner\">\n      <div class=\"uc_content-info-wrapper\" >\n        \n               \n        \t<div class=\"ue-grid-item-category\">              \n                            \t<a href=\"javascript:void(0);\">Redes multiimplantadas<\/a>\n                            \n        \t<\/div>\n        \t\n      \n              \n\n            \t\t      \t\t\t<div class=\"uc_post_title\"><a class=\"\" href='https:\/\/cerca.io\/es\/nouveautes-avril-2026-pilotage-reseau-multi-sites\/' target=\"_blank\"><h3 class=\"ue_p_title\">Avril 2026 : des nouveaut\u00e9s pour simplifier le pilotage r\u00e9seau<\/h3><\/a><\/div>\n      \t\t      \t\n                      \n       \n        <div class=\"ue-meta-data\">\n            \n    <div class=\"ue-grid-item-meta-data\"><span class=\"ue-grid-item-meta-data-icon\"><i class='fas fa-calendar-week'><\/i><\/span>  29 abril 2026<\/div>        \n                \n        \n\t\n                \n                \n                \n                \n    \t\t\t\n      \n            \n  <\/div>\t\n      \t<div class=\"uc_post_text\">D\u00e9couvrez les nouveaut\u00e9s Cerca d'Avril : \u00e9dition de documents en ligne, analyse avanc\u00e9e du tunnel de...<\/div>\n     \n                 \n                            \n                                  \n     <\/div>                      \n           <div class=\"uc_post_button\">\n        \n        <a class=\"uc_more_btn\" target=\"_blank\" href='https:\/\/cerca.io\/es\/nouveautes-avril-2026-pilotage-reseau-multi-sites\/'>\n          <div class=\"uc_btn_inner\">\n            <div class=\"uc_btn_txt\">M\u00e1s informaci\u00f3n<\/div>\n                      <\/div>\n      \t<\/a>\n        \n                \n      <\/div>                           \n \t<\/div>  <\/div>      \n  <a class=\"ue_post_full_link\" href='https:\/\/cerca.io\/es\/nouveautes-avril-2026-pilotage-reseau-multi-sites\/' target=\"_blank\"><\/a>      \n<\/div>\n\n\n\n\n<div id=\"uc_post_grid_elementor_ed06785_item2\" class=\"uc_post_grid_style_one_item ue_post_grid_item ue-item\">\n  \n      <a class=\"uc_post_grid_style_one_image\" href='https:\/\/cerca.io\/es\/pilotage-reseau-d-un-franchise-garantir-l-homogeneite\/' target=\"_blank\">\n     <div class=\"uc_post_image\">\n       <img loading=\"lazy\" decoding=\"async\" src=\"https:\/\/cerca.io\/wp-content\/uploads\/2026\/03\/Comment-un-franchiseur-pilote-vraiment-son-reseau-Minia-blog-768x317.png\"  alt=\"pilotage r\u00e9seau d&#039;une franchise\" width=\"768\" height=\"317\">\n       <div class=\"uc_post_image_overlay\"><\/div>\n     <\/div>\n    <\/a>\n   \n  <div class=\"uc_content\">\n    <div class=\"uc_content_inner\">\n      <div class=\"uc_content-info-wrapper\" >\n        \n               \n        \t<div class=\"ue-grid-item-category\">              \n                            \t<a href=\"javascript:void(0);\">Franquicia<\/a>\n                            \n        \t<\/div>\n        \t\n      \n              \n\n            \t\t      \t\t\t<div class=\"uc_post_title\"><a class=\"\" href='https:\/\/cerca.io\/es\/pilotage-reseau-d-un-franchise-garantir-l-homogeneite\/' target=\"_blank\"><h3 class=\"ue_p_title\">Pilotage r\u00e9seau d'une franchise : comment garantir l'homog\u00e9n\u00e9it\u00e9 ?<\/h3><\/a><\/div>\n      \t\t      \t\n                      \n       \n        <div class=\"ue-meta-data\">\n            \n    <div class=\"ue-grid-item-meta-data\"><span class=\"ue-grid-item-meta-data-icon\"><i class='fas fa-calendar-week'><\/i><\/span>  24 abril 2026<\/div>        \n                \n        \n\t\n                \n                \n                \n                \n    \t\t\t\n      \n            \n  <\/div>\t\n      \t<div class=\"uc_post_text\">D\u00e9couvrez comment assurer l'homog\u00e9n\u00e9it\u00e9 avec le pilotage r\u00e9seau d'une franchise. De la collecte des donn\u00e9es...<\/div>\n     \n                 \n                            \n                                  \n     <\/div>                      \n           <div class=\"uc_post_button\">\n        \n        <a class=\"uc_more_btn\" target=\"_blank\" href='https:\/\/cerca.io\/es\/pilotage-reseau-d-un-franchise-garantir-l-homogeneite\/'>\n          <div class=\"uc_btn_inner\">\n            <div class=\"uc_btn_txt\">M\u00e1s informaci\u00f3n<\/div>\n                      <\/div>\n      \t<\/a>\n        \n                \n      <\/div>                           \n \t<\/div>  <\/div>      \n  <a class=\"ue_post_full_link\" href='https:\/\/cerca.io\/es\/pilotage-reseau-d-un-franchise-garantir-l-homogeneite\/' target=\"_blank\"><\/a>      \n<\/div>\n\n\t\t<\/div>\n\t<\/div>\n\n\n\n  <div id=\"uc_post_grid_elementor_ed06785_empty_message\" class=\"ue-no-posts-found\"  style=\"display:none\" >\u00a1Aqu\u00ed no hay nada \ud83d\udc40!<\/div>\n\n\n<!-- end Post Grid -->\t\t\t\t<\/div>\n\t\t\t\t<\/div>\n\t\t\t\t\t<\/div>\n\t\t<\/div>\n\t\t\t\t\t<\/div>\n\t\t<\/section>\n\t\t\t\t<\/div>","protected":false},"excerpt":{"rendered":"<p>Rentabiliser ses investissements Salon : repenser l\u2019\u00e9v\u00e9nement comme un levier strat\u00e9gique Chaque ann\u00e9e, les r\u00e9seaux investissent des sommes importantes dans les salons professionnels.Stand, logistique, d\u00e9placements, h\u00e9bergement, mobilisation des \u00e9quipes. Le co\u00fbt est r\u00e9el, visible, mesurable. Ce qui l\u2019est beaucoup moins, en revanche, c\u2019est le retour sur investissement r\u00e9el de ces \u00e9v\u00e9nements. Quelques semaines apr\u00e8s, le constat est souvent le m\u00eame : Le Salon s\u2019est bien pass\u00e9, les \u00e9changes ont \u00e9t\u00e9 nombreux, l\u2019ambiance positive mais il est difficile de dire pr\u00e9cis\u00e9ment ce que tout cela a produit. Combien de projets ont r\u00e9ellement \u00e9merg\u00e9 ? Combien de contacts ont abouti ? Et surtout : qu\u2019est-ce que le r\u00e9seau a appris de cette pr\u00e9sence ? Le probl\u00e8me n\u2019est pas le salon en lui-m\u00eame.Le probl\u00e8me, c\u2019est la mani\u00e8re dont il est pens\u00e9 et int\u00e9gr\u00e9 dans une strat\u00e9gie globale. Demandez vos 30 jours d&rsquo;essai gratuit Un Salon n\u2019est pas un \u00e9v\u00e9nement ponctuel, c\u2019est un investissement Un Salon ne devrait jamais \u00eatre consid\u00e9r\u00e9 comme une simple op\u00e9ration de visibilit\u00e9.C\u2019est un investissement strat\u00e9gique, au m\u00eame titre qu\u2019un d\u00e9ploiement marketing ou qu\u2019un projet de d\u00e9veloppement. Et comme tout investissement, il doit \u00eatre abord\u00e9 avec trois questions simples : Pourquoi y allons-nous ? Qu\u2019attendons-nous concr\u00e8tement ? Comment allons-nous exploiter ce qui en ressort ? Sans r\u00e9ponse claire \u00e0 ces questions, le Salon devient une action isol\u00e9e.Visible, certes, mais difficilement rentable. Avant le Salon : clarifier les objectifs pour donner de la valeur aux \u00e9changes La rentabilit\u00e9 d\u2019un salon se joue en grande partie avant son ouverture. Un r\u00e9seau qui sait pr\u00e9cis\u00e9ment ce qu\u2019il vient chercher n\u2019aborde pas les \u00e9changes de la m\u00eame mani\u00e8re. Recruter de futurs partenaires, identifier des opportunit\u00e9s commerciales, renforcer une marque, tester un discours, prendre le pouls du march\u00e9 : chaque objectif implique une posture diff\u00e9rente. Lorsque les \u00e9quipes partagent cette clart\u00e9, les discussions gagnent en profondeur.Elles ne sont plus de simples \u00e9changes cordiaux, mais des points d\u2019entr\u00e9e vers des parcours structur\u00e9s. Pendant le Salon : capter de l\u2019information, pas seulement des contacts Beaucoup de salons g\u00e9n\u00e8rent des listes de contacts mais peu de donn\u00e9es r\u00e9ellement exploitables. Or, ce qui cr\u00e9e de la valeur, ce n\u2019est pas le volume, mais la qualit\u00e9 de l\u2019information recueillie :le besoin r\u00e9el, le niveau de maturit\u00e9, les contraintes, l\u2019horizon de d\u00e9cision. C\u2019est cette compr\u00e9hension fine, capt\u00e9e sur le moment, qui permet ensuite un suivi pertinent.Sans cela, le contact devient abstrait et finit souvent oubli\u00e9 dans un fichier ou un outil mal exploit\u00e9. Apr\u00e8s le Salon : transformer l\u2019essai dans la dur\u00e9e C\u2019est apr\u00e8s le Salon que tout se joue r\u00e9ellement. Un \u00e9v\u00e9nement n\u2019est rentable que s\u2019il d\u00e9clenche une dynamique : des relances rapides, des \u00e9changes personnalis\u00e9s, des rendez-vous qualifi\u00e9s, parfois sur plusieurs mois. Sans organisation claire, le salon s\u2019arr\u00eate le jour o\u00f9 le stand est d\u00e9mont\u00e9.Avec un suivi structur\u00e9, il devient un point de d\u00e9part. C\u2019est aussi \u00e0 ce moment-l\u00e0 que le r\u00e9seau peut tirer des enseignements pr\u00e9cieux : quels profils ont \u00e9t\u00e9 rencontr\u00e9s, quels messages ont r\u00e9sonn\u00e9, quels freins sont revenus le plus souvent. Faire du Salon un levier durable, pas une d\u00e9pense isol\u00e9e Rentabiliser un salon ne signifie pas en faire plus, ni multiplier les \u00e9v\u00e9nements.Cela signifie mieux les int\u00e9grer dans une logique de pilotage et de continuit\u00e9. Un Salon bien exploit\u00e9 nourrit la strat\u00e9gie commerciale, marketing et r\u00e9seau.Il alimente la r\u00e9flexion du si\u00e8ge, \u00e9claire les d\u00e9cisions et renforce l\u2019alignement entre le terrain et la t\u00eate de r\u00e9seau. Chez Cerca, c\u2019est cette approche que nous d\u00e9fendons : consid\u00e9rer le salon non comme une fin en soi, mais comme un point d\u2019entr\u00e9e dans un dispositif plus large, structur\u00e9 et mesurable. Car au fond, un Salon n\u2019est jamais un co\u00fbt par nature.Il le devient uniquement lorsqu\u2019on ne sait pas quoi en faire apr\u00e8s. Et c\u2019est souvent l\u00e0 que tout se joue. Ces articles peuvent vous int\u00e9resser : R\u00e9seaux multi-implant\u00e9s Rentabiliser ses investissements Salon : repenser l\u2019\u00e9v\u00e9nement comme un levier strat\u00e9gique 11 mars 2026 Rentabiliser ses investissements Salon : repenser l\u2019\u00e9v\u00e9nement comme un levier strat\u00e9gique Chaque ann\u00e9e,&#8230; En savoir plus Franchise Animation de r\u00e9seau de franchise : pourquoi formaliser les visites change\u00a0tout 27 f\u00e9vrier 2026 Animation de r\u00e9seau de franchise : pourquoi formaliser les visites change tout Comment animer mon r\u00e9seau&#8230; En savoir plus Rien par ici \ud83d\udc40 !<\/p>","protected":false},"author":7,"featured_media":23624,"comment_status":"closed","ping_status":"closed","sticky":false,"template":"","format":"standard","meta":{"content-type":"","om_disable_all_campaigns":false,"_monsterinsights_skip_tracking":false,"_monsterinsights_sitenote_active":false,"_monsterinsights_sitenote_note":"","_monsterinsights_sitenote_category":0,"_uf_show_specific_survey":0,"_uf_disable_surveys":false,"_themeisle_gutenberg_block_has_review":false,"footnotes":""},"categories":[33],"tags":[139],"class_list":["post-23621","post","type-post","status-publish","format-standard","has-post-thumbnail","hentry","category-non-classe-fr","tag-fr"],"aioseo_notices":[],"_links":{"self":[{"href":"https:\/\/cerca.io\/es\/wp-json\/wp\/v2\/posts\/23621","targetHints":{"allow":["GET"]}}],"collection":[{"href":"https:\/\/cerca.io\/es\/wp-json\/wp\/v2\/posts"}],"about":[{"href":"https:\/\/cerca.io\/es\/wp-json\/wp\/v2\/types\/post"}],"author":[{"embeddable":true,"href":"https:\/\/cerca.io\/es\/wp-json\/wp\/v2\/users\/7"}],"replies":[{"embeddable":true,"href":"https:\/\/cerca.io\/es\/wp-json\/wp\/v2\/comments?post=23621"}],"version-history":[{"count":10,"href":"https:\/\/cerca.io\/es\/wp-json\/wp\/v2\/posts\/23621\/revisions"}],"predecessor-version":[{"id":23655,"href":"https:\/\/cerca.io\/es\/wp-json\/wp\/v2\/posts\/23621\/revisions\/23655"}],"wp:featuredmedia":[{"embeddable":true,"href":"https:\/\/cerca.io\/es\/wp-json\/wp\/v2\/media\/23624"}],"wp:attachment":[{"href":"https:\/\/cerca.io\/es\/wp-json\/wp\/v2\/media?parent=23621"}],"wp:term":[{"taxonomy":"category","embeddable":true,"href":"https:\/\/cerca.io\/es\/wp-json\/wp\/v2\/categories?post=23621"},{"taxonomy":"post_tag","embeddable":true,"href":"https:\/\/cerca.io\/es\/wp-json\/wp\/v2\/tags?post=23621"}],"curies":[{"name":"wp","href":"https:\/\/api.w.org\/{rel}","templated":true}]}}