{"id":24857,"date":"2026-09-04T13:00:20","date_gmt":"2026-09-04T11:00:20","guid":{"rendered":"https:\/\/cerca.io\/?p=24857"},"modified":"2026-09-04T15:06:37","modified_gmt":"2026-09-04T13:06:37","slug":"impulsar-a-tus-equipos-tras-el-verano","status":"publish","type":"post","link":"https:\/\/cerca.io\/es\/booster-ses-equipes-a-la-rentree\/","title":{"rendered":"Impulsa a tus equipos tras el verano: 3 acciones concretas"},"content":{"rendered":"<div data-elementor-type=\"wp-post\" data-elementor-id=\"24857\" class=\"elementor elementor-24857\" data-elementor-post-type=\"post\">\n\t\t\t\t\t\t<section class=\"elementor-section elementor-top-section elementor-element elementor-element-71e6412 elementor-section-boxed elementor-section-height-default elementor-section-height-default wpr-particle-no wpr-jarallax-no wpr-parallax-no wpr-sticky-section-no\" data-id=\"71e6412\" data-element_type=\"section\" data-e-type=\"section\">\n\t\t\t\t\t\t<div class=\"elementor-container elementor-column-gap-default\">\n\t\t\t\t\t<div class=\"elementor-column elementor-col-100 elementor-top-column elementor-element elementor-element-32710eb\" data-id=\"32710eb\" data-element_type=\"column\" data-e-type=\"column\">\n\t\t\t<div class=\"elementor-widget-wrap elementor-element-populated\">\n\t\t\t\t\t\t<div class=\"elementor-element elementor-element-1039ba1 elementor-widget elementor-widget-image\" data-id=\"1039ba1\" data-element_type=\"widget\" data-e-type=\"widget\" data-widget_type=\"image.default\">\n\t\t\t\t<div class=\"elementor-widget-container\">\n\t\t\t\t\t\t\t\t\t\t\t\t\t\t\t<img loading=\"lazy\" decoding=\"async\" width=\"2049\" height=\"720\" src=\"https:\/\/cerca.io\/wp-content\/uploads\/2026\/09\/miniature.webp\" class=\"attachment-full size-full wp-image-24859\" alt=\"Impulsar a tus equipos tras el verano\" srcset=\"https:\/\/cerca.io\/wp-content\/uploads\/2026\/09\/miniature.webp 2049w, https:\/\/cerca.io\/wp-content\/uploads\/2026\/09\/miniature-300x105.webp 300w, https:\/\/cerca.io\/wp-content\/uploads\/2026\/09\/miniature-1024x360.webp 1024w, https:\/\/cerca.io\/wp-content\/uploads\/2026\/09\/miniature-768x270.webp 768w, https:\/\/cerca.io\/wp-content\/uploads\/2026\/09\/miniature-1536x540.webp 1536w, https:\/\/cerca.io\/wp-content\/uploads\/2026\/09\/miniature-18x6.webp 18w\" sizes=\"(max-width: 2049px) 100vw, 2049px\" \/>\t\t\t\t\t\t\t\t\t\t\t\t\t\t\t<\/div>\n\t\t\t\t<\/div>\n\t\t\t\t<div class=\"elementor-element elementor-element-43a0b2c elementor-widget elementor-widget-heading\" data-id=\"43a0b2c\" data-element_type=\"widget\" data-e-type=\"widget\" data-widget_type=\"heading.default\">\n\t\t\t\t<div class=\"elementor-widget-container\">\n\t\t\t\t\t<h1 class=\"elementor-heading-title elementor-size-default\">C\u00f3mo impulsar a tus equipos tras las vacaciones: 3 acciones para reactivarlos sin sobrecargarlos<\/h1>\t\t\t\t<\/div>\n\t\t\t\t<\/div>\n\t\t\t\t<div class=\"elementor-element elementor-element-2370ef9 elementor-widget elementor-widget-text-editor\" data-id=\"2370ef9\" data-element_type=\"widget\" data-e-type=\"widget\" data-widget_type=\"text-editor.default\">\n\t\t\t\t<div class=\"elementor-widget-container\">\n\t\t\t\t\t\t\t\t\t<p data-key=\"Xl1At\" data-pm-slice=\"1 1 []\" class=\"translation-block\">Tras el periodo estival, <strong>la vuelta al trabajo representa un momento delicado<\/strong> para los directivos, los responsables de equipo, los profesionales de recursos humanos y los responsables de redes de franquicias. Es necesario <strong>reactivar la actividad y recuperar una din\u00e1mica com\u00fan<\/strong>, aunque cada persona retome sus h\u00e1bitos a un ritmo diferente. La tentaci\u00f3n suele ser presentar de inmediato todos los proyectos y objetivos de los pr\u00f3ximos meses.\n```<\/p><p data-key=\"CLFRO\">Sin embargo, <strong>esta acumulaci\u00f3n puede producir el efecto inverso<\/strong> confundir las prioridades, dispersar los esfuerzos y acentuar la fatiga. Para remobilizar de forma duradera, es mejor <strong>escuchar el terreno, dar una direcci\u00f3n clara y concentrar la energ\u00eda en un primer \u00e9xito colectivo<\/strong>.<\/p><p data-key=\"2mbzj\">Tres acciones permiten lograrlo: <strong>recopilar las necesidades reales<\/strong>, <strong>elegir una prioridad com\u00fan para los primeros 30 d\u00edas<\/strong> y <strong>difundir las pr\u00e1cticas que funcionan<\/strong>.<\/p>\t\t\t\t\t\t\t\t<\/div>\n\t\t\t\t<\/div>\n\t\t\t\t<div class=\"elementor-element elementor-element-36b7427 elementor-align-center elementor-widget elementor-widget-button\" data-id=\"36b7427\" data-element_type=\"widget\" data-e-type=\"widget\" data-widget_type=\"button.default\">\n\t\t\t\t<div class=\"elementor-widget-container\">\n\t\t\t\t\t\t\t\t\t<div class=\"elementor-button-wrapper\">\n\t\t\t\t\t<a class=\"elementor-button elementor-button-link elementor-size-sm elementor-animation-bob\" href=\"https:\/\/cerca.io\/es\/animacion-de-seguimiento\/\">\n\t\t\t\t\t\t<span class=\"elementor-button-content-wrapper\">\n\t\t\t\t\t\t\t\t\t<span class=\"elementor-button-text\">Descubrir Cerca<\/span>\n\t\t\t\t\t<\/span>\n\t\t\t\t\t<\/a>\n\t\t\t\t<\/div>\n\t\t\t\t\t\t\t\t<\/div>\n\t\t\t\t<\/div>\n\t\t\t\t<div class=\"elementor-element elementor-element-db89654 elementor-widget elementor-widget-heading\" data-id=\"db89654\" data-element_type=\"widget\" data-e-type=\"widget\" data-widget_type=\"heading.default\">\n\t\t\t\t<div class=\"elementor-widget-container\">\n\t\t\t\t\t<h2 class=\"elementor-heading-title elementor-size-default\">Errores frecuentes que dificultan la vuelta al trabajo<\/h2>\t\t\t\t<\/div>\n\t\t\t\t<\/div>\n\t\t\t\t<div class=\"elementor-element elementor-element-6e77e43 elementor-widget elementor-widget-text-editor\" data-id=\"6e77e43\" data-element_type=\"widget\" data-e-type=\"widget\" data-widget_type=\"text-editor.default\">\n\t\t\t\t<div class=\"elementor-widget-container\">\n\t\t\t\t\t\t\t\t\t<p data-key=\"lHsjs\" data-pm-slice=\"1 1 []\" class=\"translation-block\">La reacci\u00f3n habitual tras las vacaciones suele ser previsible: <strong>retomar los proyectos suspendidos durante el verano, presentar los objetivos del trimestre y multiplicar los anuncios urgentes<\/strong>, para despu\u00e9s pedir a todo el mundo que recupere de inmediato un ritmo intenso.\n```<\/p><p data-key=\"hpzeK\">La intenci\u00f3n es leg\u00edtima. La empresa o la red desea recuperar impulso. Pero <strong>si todo se presenta como prioritario, los equipos ya no saben d\u00f3nde concentrar sus esfuerzos<\/strong>. Ellas pasan de un tema a otro, avanzan parcialmente en varios expedientes y experimentan r\u00e1pidamente la sensaci\u00f3n de no terminar nada.<\/p><p data-key=\"tZp0G\">En una red de franquicias, <strong>la diferencia puede ser a\u00fan m\u00e1s marcada<\/strong>. Una implantaci\u00f3n tal vez deba resolver un problema de contrataci\u00f3n, mientras que otra busca mejorar su comunicaci\u00f3n local o su organizaci\u00f3n. Lanzar varios proyectos nacionales sin tener en cuenta estas realidades corre el riesgo de provocar <strong>dispersi\u00f3n, desorientaci\u00f3n y fatiga<\/strong>.<\/p><p data-key=\"5y5kf\">La falta de compromiso resultante <strong>no es necesariamente una falta de voluntad<\/strong>. A menudo traduce una dificultad m\u00e1s simple: los colaboradores o los franquiciados <strong>ya no saben lo que realmente importa<\/strong>.<\/p>\t\t\t\t\t\t\t\t<\/div>\n\t\t\t\t<\/div>\n\t\t\t\t<div class=\"elementor-element elementor-element-af80f24 elementor-widget elementor-widget-heading\" data-id=\"af80f24\" data-element_type=\"widget\" data-e-type=\"widget\" data-widget_type=\"heading.default\">\n\t\t\t\t<div class=\"elementor-widget-container\">\n\t\t\t\t\t<h2 class=\"elementor-heading-title elementor-size-default\">Los verdaderos resortes de la removilizaci\u00f3n<\/h2>\t\t\t\t<\/div>\n\t\t\t\t<\/div>\n\t\t\t\t<div class=\"elementor-element elementor-element-7f4d9b7 elementor-widget elementor-widget-text-editor\" data-id=\"7f4d9b7\" data-element_type=\"widget\" data-e-type=\"widget\" data-widget_type=\"text-editor.default\">\n\t\t\t\t<div class=\"elementor-widget-container\">\n\t\t\t\t\t\t\t\t\t<p data-key=\"H1r7c\" data-pm-slice=\"1 1 []\"><strong>Un equipo no recupera su energ\u00eda porque recibe m\u00e1s instrucciones.<\/strong> Se mobiliza cuando comprende la direcci\u00f3n elegida, se siente escuchada y sabe qu\u00e9 puede hacer avanzar concretamente.<\/p><p data-key=\"skNaG\">Esta direcci\u00f3n debe <strong>vincular las acciones solicitadas a un desaf\u00edo comprensible<\/strong> mejorar el servicio a los clientes, simplificar el trabajo diario, reforzar la calidad o desarrollar la actividad. Tambi\u00e9n debe tener en cuenta las <strong>observaciones de campo<\/strong>, que a menudo revelan obst\u00e1culos o necesidades invisibles en los paneles de control.<\/p><p data-key=\"Ul0xC\"><strong>Limitar el n\u00famero de prioridades<\/strong> permite entonces reducir los arbitrajes permanentes. Por \u00faltimo, <strong>un resultado observable a corto plazo<\/strong> mantiene m\u00e1s la motivaci\u00f3n que una ambici\u00f3n lejana. Cuando los equipos ven los efectos de sus acciones y comprenden su contribuci\u00f3n, recuperan m\u00e1s f\u00e1cilmente <strong>el deseo de avanzar juntos<\/strong>.<\/p>\t\t\t\t\t\t\t\t<\/div>\n\t\t\t\t<\/div>\n\t\t\t\t<div class=\"elementor-element elementor-element-45eb047 elementor-widget elementor-widget-heading\" data-id=\"45eb047\" data-element_type=\"widget\" data-e-type=\"widget\" data-widget_type=\"heading.default\">\n\t\t\t\t<div class=\"elementor-widget-container\">\n\t\t\t\t\t<h3 class=\"elementor-heading-title elementor-size-default\">Acci\u00f3n 1 \u2013 Tomar el terreno como punto de partida<\/h3>\t\t\t\t<\/div>\n\t\t\t\t<\/div>\n\t\t\t\t<div class=\"elementor-element elementor-element-491ff95 elementor-widget elementor-widget-text-editor\" data-id=\"491ff95\" data-element_type=\"widget\" data-e-type=\"widget\" data-widget_type=\"text-editor.default\">\n\t\t\t\t<div class=\"elementor-widget-container\">\n\t\t\t\t\t\t\t\t\t<p data-key=\"rPIWf\" data-pm-slice=\"1 1 []\">Antes de presentar una hoja de ruta finalizada, t\u00f3mese el tiempo de <strong>consultar a los equipos o a los franquiciados<\/strong>. No se trata de someter cada decisi\u00f3n a votaci\u00f3n, sino de verificar que las orientaciones previstas responden a las necesidades reales.<\/p><p data-key=\"Db28a\">Tres preguntas pueden estructurar esta escucha:<\/p><ul class=\"list-el\" data-key=\"9qjSn\"><li data-key=\"d8O9T\"><p data-key=\"fGgW8\"><strong>\u00bfQu\u00e9 ha funcionado bien en los \u00faltimos meses?<\/strong><\/p><\/li><li data-key=\"wgtNC\"><p data-key=\"x5mdf\"><strong>\u00bfQu\u00e9 les ha ralentizado?<\/strong><\/p><\/li><li data-key=\"bgRNk\"><p data-key=\"3fWtp\"><strong>\u00bfSobre qu\u00e9 tema necesitan ser acompa\u00f1ados?<\/strong><\/p><\/li><\/ul><p data-key=\"aGBcj\">La primera pregunta permite identificar <strong>las pr\u00e1cticas que se deben conservar<\/strong>. La segunda hace surgir los obst\u00e1culos concretos: herramienta poco adaptada, procedimiento complejo, falta de informaci\u00f3n o dificultad de organizaci\u00f3n. La tercera ayuda a elegir una respuesta \u00fatil, ya se trate de una formaci\u00f3n, un soporte operativo, un intercambio entre pares o un acompa\u00f1amiento individual.<\/p><p data-key=\"QULp5\">El formato puede seguir siendo sencillo: <strong>encuesta de unos minutos, entrevista individual, reuni\u00f3n de equipo o taller colectivo<\/strong>. En una red amplia, un sondeo permite identificar las tendencias comunes, y luego los intercambios espec\u00edficos ayudan a profundizar en los temas importantes.<\/p><p data-key=\"t23Ca\">Esta consulta debe ser <strong>seguida de una restituci\u00f3n<\/strong>. Explique qu\u00e9 se ha retenido, qu\u00e9 requiere m\u00e1s tiempo y qu\u00e9 no se podr\u00e1 tratar de inmediato. Sin este retorno, la escucha corre el riesgo de percibirse como una formalidad.<\/p>\t\t\t\t\t\t\t\t<\/div>\n\t\t\t\t<\/div>\n\t\t\t\t<div class=\"elementor-element elementor-element-022b7bb elementor-widget elementor-widget-heading\" data-id=\"022b7bb\" data-element_type=\"widget\" data-e-type=\"widget\" data-widget_type=\"heading.default\">\n\t\t\t\t<div class=\"elementor-widget-container\">\n\t\t\t\t\t<h3 class=\"elementor-heading-title elementor-size-default\">Acci\u00f3n 2 \u2013 Crear una primera victoria colectiva<\/h3>\t\t\t\t<\/div>\n\t\t\t\t<\/div>\n\t\t\t\t<div class=\"elementor-element elementor-element-c437c05 elementor-widget elementor-widget-text-editor\" data-id=\"c437c05\" data-element_type=\"widget\" data-e-type=\"widget\" data-widget_type=\"text-editor.default\">\n\t\t\t\t<div class=\"elementor-widget-container\">\n\t\t\t\t\t\t\t\t\t<p data-key=\"kBrAd\" data-pm-slice=\"1 1 []\">En lugar de lanzar todos los objetivos del trimestre, elija <strong>una prioridad com\u00fan para los primeros 30 d\u00edas<\/strong>. Debe ser lo suficientemente importante como para movilizar a los equipos, pero lo bastante espec\u00edfica como para producir <strong>un resultado visible r\u00e1pidamente<\/strong>.<\/p><p data-key=\"dvLfM\">Esta prioridad puede referirse a la experiencia del cliente, la formaci\u00f3n, la satisfacci\u00f3n, la comunicaci\u00f3n local o el rendimiento comercial. Una red puede, por ejemplo, decidir reducir el tiempo de respuesta a las solicitudes de los clientes, aumentar la participaci\u00f3n en una formaci\u00f3n o acompa\u00f1ar cada apertura en la implementaci\u00f3n de una acci\u00f3n local.<\/p><p data-key=\"2zd1Q\">Traducir la prioridad en <strong>un objetivo preciso, con un indicador simple y un plazo corto<\/strong>. \u00abMejorar la satisfacci\u00f3n del cliente\u00bb sigue siendo abstracto. <strong>\u00abVolver a contactar en un plazo de 48 horas a cada cliente que haya manifestado su insatisfacci\u00f3n durante las pr\u00f3ximas cuatro semanas\u00bb<\/strong> proporciona un marco claro y mensurable.<\/p><p data-key=\"DQduq\">El indicador debe <strong>ayudar a seguir el progreso, no instalar una presi\u00f3n permanente<\/strong>. Un plazo, una tasa de participaci\u00f3n o un n\u00famero de acciones realizadas puede ser suficiente. Cuanto m\u00e1s sencillo sea el seguimiento, m\u00e1s energ\u00eda podr\u00e1n dedicar los equipos a la acci\u00f3n.<\/p><p data-key=\"9f1Aa\">En una red de franquicias, conserve <strong>un margen de adaptaci\u00f3n local<\/strong>. La cabeza de red fija el destino y propone recursos; cada franquiciado elige los medios adaptados a su equipo, a su clientela y a su territorio. <strong>marco com\u00fan combinado con libertad de ejecuci\u00f3n<\/strong> fomenta la apropiaci\u00f3n.<\/p>\t\t\t\t\t\t\t\t<\/div>\n\t\t\t\t<\/div>\n\t\t\t\t<div class=\"elementor-element elementor-element-5ec17e7 elementor-widget elementor-widget-heading\" data-id=\"5ec17e7\" data-element_type=\"widget\" data-e-type=\"widget\" data-widget_type=\"heading.default\">\n\t\t\t\t<div class=\"elementor-widget-container\">\n\t\t\t\t\t<h3 class=\"elementor-heading-title elementor-size-default\">Acci\u00f3n 3 \u2013 Difundir y poner en valor los \u00e9xitos<\/h3>\t\t\t\t<\/div>\n\t\t\t\t<\/div>\n\t\t\t\t<div class=\"elementor-element elementor-element-6e9d6fb elementor-widget elementor-widget-text-editor\" data-id=\"6e9d6fb\" data-element_type=\"widget\" data-e-type=\"widget\" data-widget_type=\"text-editor.default\">\n\t\t\t\t<div class=\"elementor-widget-container\">\n\t\t\t\t\t\t\t\t\t<p data-key=\"rvslt\" data-pm-slice=\"1 1 []\">Cuando una iniciativa funciona, compartir \u00fanicamente el resultado obtenido no basta. Una cifra puede suscitar inter\u00e9s, pero no ayuda a los otros equipos a actuar. Para hacer que el \u00e9xito sea \u00fatil para la red, es necesario <strong>explicar el m\u00e9todo empleado<\/strong>.<\/p><p data-key=\"dFKt9\">Presenta brevemente <strong>el problema inicial, las acciones realizadas, las dificultades encontradas y los ajustes efectuados<\/strong>. Una iniciativa local puede convertirse entonces en una pr\u00e1ctica que otros centros podr\u00e1n probar: nueva organizaci\u00f3n de la acogida, soporte de comunicaci\u00f3n, m\u00e9todo de integraci\u00f3n o seguimiento m\u00e1s eficaz de las solicitudes de los clientes.<\/p><p data-key=\"uZx1X\">La difusi\u00f3n puede adoptar varias formas: presentaci\u00f3n en reuni\u00f3n, art\u00edculo en un bolet\u00edn interno, testimonio, v\u00eddeo corto o publicaci\u00f3n en un espacio colaborativo. El objetivo no es transformar cada \u00e9xito en una regla obligatoria, sino <strong>poner soluciones concretas a disposici\u00f3n de todos<\/strong>.<\/p><p data-key=\"7wnwp\">Piense tambi\u00e9n en <strong>poner en valor a las personas detr\u00e1s de la iniciativa<\/strong>. Este reconocimiento demuestra que las ideas del terreno participan realmente en la progresi\u00f3n colectiva.<\/p>\t\t\t\t\t\t\t\t<\/div>\n\t\t\t\t<\/div>\n\t\t\t\t<div class=\"elementor-element elementor-element-b1c8678 elementor-widget elementor-widget-global elementor-global-20642 elementor-widget-image\" data-id=\"b1c8678\" data-element_type=\"widget\" data-e-type=\"widget\" data-widget_type=\"image.default\">\n\t\t\t\t<div class=\"elementor-widget-container\">\n\t\t\t\t\t\t\t\t\t\t\t\t\t\t\t\t<a href=\"https:\/\/cerca.io\/es\/prueba-gratuita-foc-2\/\" target=\"_blank\">\n\t\t\t\t\t\t\t<img loading=\"lazy\" decoding=\"async\" width=\"2049\" height=\"720\" src=\"https:\/\/cerca.io\/wp-content\/uploads\/2025\/10\/ES_cta-article.png\" class=\"elementor-animation-bob attachment-full size-full wp-image-20041\" alt=\"franquiciador\" srcset=\"https:\/\/cerca.io\/wp-content\/uploads\/2025\/10\/ES_cta-article.png 2049w, https:\/\/cerca.io\/wp-content\/uploads\/2025\/10\/ES_cta-article-300x105.png 300w, https:\/\/cerca.io\/wp-content\/uploads\/2025\/10\/ES_cta-article-1024x360.png 1024w, https:\/\/cerca.io\/wp-content\/uploads\/2025\/10\/ES_cta-article-768x270.png 768w, https:\/\/cerca.io\/wp-content\/uploads\/2025\/10\/ES_cta-article-1536x540.png 1536w, https:\/\/cerca.io\/wp-content\/uploads\/2025\/10\/ES_cta-article-18x6.png 18w\" sizes=\"(max-width: 2049px) 100vw, 2049px\" \/>\t\t\t\t\t\t\t\t<\/a>\n\t\t\t\t\t\t\t\t\t\t\t\t\t\t\t<\/div>\n\t\t\t\t<\/div>\n\t\t\t\t<div class=\"elementor-element elementor-element-1e8a74d elementor-widget elementor-widget-heading\" data-id=\"1e8a74d\" data-element_type=\"widget\" data-e-type=\"widget\" data-widget_type=\"heading.default\">\n\t\t\t\t<div class=\"elementor-widget-container\">\n\t\t\t\t\t<h2 class=\"elementor-heading-title elementor-size-default\">Un plan de acci\u00f3n para los primeros 30 d\u00edas\n<\/h2>\t\t\t\t<\/div>\n\t\t\t\t<\/div>\n\t\t\t\t<div class=\"elementor-element elementor-element-3371741 wpr-data-table-type-custom wpr-table-align-items-left elementor-widget elementor-widget-wpr-data-table\" data-id=\"3371741\" data-element_type=\"widget\" data-e-type=\"widget\" data-widget_type=\"wpr-data-table.default\">\n\t\t\t\t<div class=\"elementor-widget-container\">\n\t\t\t\t\t\n\t\t\t\t\n\t\t<div class=\"wpr-table-container\">\n\t\t<div class=\"wpr-table-inner-container\" data-table-sorting=\"no\" data-custom-pagination=\"no\" data-row-pagination=\"\" data-entry-info=\"no\" data-rows-per-page=\"\">\n\n\t\t\n\t\t\t<table class=\"wpr-data-table\" id=\"wpr-data-table\">\n\t\t\t\t\t\t\t\t\n\t\t\t\t<thead>\n\t\t\t\t\t<tr class=\"wpr-table-head-row wpr-table-row\">\n\t\t\t\t\t\n\t\t\t\t\t\t<th class=\"wpr-table-th elementor-repeater-item-e5af3b1\" colspan=\"1\">\n\t\t\t\t\t\t\t<div class=\"\">\n\t\t\t\t\t\t\t\t\t\t\t\t\t\t\t\t\n\t\t\t\t\t\t\t\t\t\t\t\t\t\t\t\t\t<span class=\"wpr-table-text\">Periodo<\/span>\n\t\t\t\t\t\t\t\t\t\t\t\t\t\t\t\t\t\t\t\t\t\t\t\t\t\t\t\t\t\t\t\t\t\t\t\t\t\t\t\t\t\t\t\t\t\t\t<\/div>\n\t\t\t\t\t\t<\/th>\n\t\t\t\t\t\t\n\t\t\t\t\t\t<th class=\"wpr-table-th elementor-repeater-item-621a425\" colspan=\"1\">\n\t\t\t\t\t\t\t<div class=\"\">\n\t\t\t\t\t\t\t\t\t\t\t\t\t\t\t\t\n\t\t\t\t\t\t\t\t\t\t\t\t\t\t\t\t\t<span class=\"wpr-table-text\">Objetivo<\/span>\n\t\t\t\t\t\t\t\t\t\t\t\t\t\t\t\t\t\t\t\t\t\t\t\t\t\t\t\t\t\t\t\t\t\t\t\t\t\t\t\t\t\t\t\t\t\t\t<\/div>\n\t\t\t\t\t\t<\/th>\n\t\t\t\t\t\t\n\t\t\t\t\t\t<th class=\"wpr-table-th elementor-repeater-item-b5fb89e\" colspan=\"1\">\n\t\t\t\t\t\t\t<div class=\"\">\n\t\t\t\t\t\t\t\t\t\t\t\t\t\t\t\t\n\t\t\t\t\t\t\t\t\t\t\t\t\t\t\t\t\t<span class=\"wpr-table-text\">Acciones esenciales<\/span>\n\t\t\t\t\t\t\t\t\t\t\t\t\t\t\t\t\t\t\t\t\t\t\t\t\t\t\t\t\t\t\t\t\t\t\t\t\t\t\t\t\t\t\t\t\t\t\t<\/div>\n\t\t\t\t\t\t<\/th>\n\t\t\t\t\t\t\t\t\t\t\t<\/tr>\n\t\t\t\t<\/thead>\n\n\t\t\t\t<tbody>\n\t\t\t\t\t\t\t\t\t<tr class=\"wpr-table-body-row wpr-table-row elementor-repeater-item-d498284 wpr-odd\">\n\t\t\t\t\t\t\t\t\t\t\t\t\t\n\t\t\t\t\t\t\t<td colspan=\"\" rowspan=\"\" class=\"elementor-repeater-item-a043c7f wpr-table-td\">\n\n\t\t\t\t\t\t\t\t<div class=\"wpr-td-content-wrapper\">\n\n\t\t\t\t\t\t\t\t\t\t\t\t\t\t\t\t\t\t\t\t\t\t\t\t\t\t\t\t\t<a href=\"https:\/\/royal-elementor-addons.com\/\" target=\"_blank\" rel=\"nofollow noopener\">\n\t\t\t\t\t\t\t\t\t \n\t\t\t\t\t\t\t\t\t\t\t<span class=\"wpr-table-text\">\n\t\t\t\t\t\t\t\t\t\t\t\tSemana 1\t\t\t\t\t\t\t\t\t\t\t<\/span>\n\t\t\t\t\t\t\t\t\t\t\t\t\t\t\t\t\t\t\t\t<\/a>\n\t\t\t\t\t\t\t\t\t\t\t\t\t\t\t\t\t\t\t\t\t\t\t\t\t\t\t\t\n\t\t\t\t\t\t\t\t<\/div>\n\n\t\t\t\t\t\t\t<\/td>\n\t\t\t\t\t\t\t\t\t\t\t\t\t\t\t\n\t\t\t\t\t\t\t<td colspan=\"\" rowspan=\"\" class=\"elementor-repeater-item-e9b984e wpr-table-td\">\n\n\t\t\t\t\t\t\t\t<div class=\"wpr-td-content-wrapper\">\n\n\t\t\t\t\t\t\t\t\t\t\t\t\t\t\t\t\t\t\t\t\t\t\t\t\t\t\t\t\t<a href=\"https:\/\/royal-elementor-addons.com\/\" target=\"_blank\" rel=\"nofollow noopener\">\n\t\t\t\t\t\t\t\t\t \n\t\t\t\t\t\t\t\t\t\t\t<span class=\"wpr-table-text\">\n\t\t\t\t\t\t\t\t\t\t\t\tEscuchar\t\t\t\t\t\t\t\t\t\t\t<\/span>\n\t\t\t\t\t\t\t\t\t\t\t\t\t\t\t\t\t\t\t\t<\/a>\n\t\t\t\t\t\t\t\t\t\t\t\t\t\t\t\t\t\t\t\t\t\t\t\t\t\t\t\t\n\t\t\t\t\t\t\t\t<\/div>\n\n\t\t\t\t\t\t\t<\/td>\n\t\t\t\t\t\t\t\t\t\t\t\t\t\t\t\n\t\t\t\t\t\t\t<td colspan=\"\" rowspan=\"\" class=\"elementor-repeater-item-43e01e0 wpr-table-td\">\n\n\t\t\t\t\t\t\t\t<div class=\"wpr-td-content-wrapper\">\n\n\t\t\t\t\t\t\t\t\t\t\t\t\t\t\t\t\t\t\t\t\t\t\t\t\t\t\t\t\t<a href=\"https:\/\/royal-elementor-addons.com\/\" target=\"_blank\" rel=\"nofollow noopener\">\n\t\t\t\t\t\t\t\t\t \n\t\t\t\t\t\t\t\t\t\t\t<span class=\"wpr-table-text\">\n\t\t\t\t\t\t\t\t\t\t\t\tPlantear las tres preguntas, recopilar las respuestas e identificar las necesidades recurrentes, as\u00ed como las pr\u00e1cticas que ya funcionan.\t\t\t\t\t\t\t\t\t\t\t<\/span>\n\t\t\t\t\t\t\t\t\t\t\t\t\t\t\t\t\t\t\t\t<\/a>\n\t\t\t\t\t\t\t\t\t\t\t\t\t\t\t\t\t\t\t\t\t\t\t\t\t\t\t\t\n\t\t\t\t\t\t\t\t<\/div>\n\n\t\t\t\t\t\t\t<\/td>\n\t\t\t\t\t\t\t\t\t\t\t\t<\/tr>\n\t\t\t        \t\t\t\t\t<tr class=\"wpr-table-body-row wpr-table-row elementor-repeater-item-b1117fa wpr-odd\">\n\t\t\t\t\t\t\t\t\t\t\t\t\t\n\t\t\t\t\t\t\t<td colspan=\"\" rowspan=\"\" class=\"elementor-repeater-item-710df1a wpr-table-td\">\n\n\t\t\t\t\t\t\t\t<div class=\"wpr-td-content-wrapper\">\n\n\t\t\t\t\t\t\t\t\t\t\t\t\t\t\t\t\t\t\t\t\t\t\t\t\t\t\t\t\t<a href=\"https:\/\/royal-elementor-addons.com\/\" target=\"_blank\" rel=\"nofollow noopener\">\n\t\t\t\t\t\t\t\t\t \n\t\t\t\t\t\t\t\t\t\t\t<span class=\"wpr-table-text\">\n\t\t\t\t\t\t\t\t\t\t\t\tSemana 2\t\t\t\t\t\t\t\t\t\t\t<\/span>\n\t\t\t\t\t\t\t\t\t\t\t\t\t\t\t\t\t\t\t\t<\/a>\n\t\t\t\t\t\t\t\t\t\t\t\t\t\t\t\t\t\t\t\t\t\t\t\t\t\t\t\t\n\t\t\t\t\t\t\t\t<\/div>\n\n\t\t\t\t\t\t\t<\/td>\n\t\t\t\t\t\t\t\t\t\t\t\t\t\t\t\n\t\t\t\t\t\t\t<td colspan=\"\" rowspan=\"\" class=\"elementor-repeater-item-cde00c9 wpr-table-td\">\n\n\t\t\t\t\t\t\t\t<div class=\"wpr-td-content-wrapper\">\n\n\t\t\t\t\t\t\t\t\t\t\t\t\t\t\t\t\t\t\t\t\t\t\t\t\t\t\t\t\t<a href=\"https:\/\/royal-elementor-addons.com\/\" target=\"_blank\" rel=\"nofollow noopener\">\n\t\t\t\t\t\t\t\t\t \n\t\t\t\t\t\t\t\t\t\t\t<span class=\"wpr-table-text\">\n\t\t\t\t\t\t\t\t\t\t\t\tClarificador\t\t\t\t\t\t\t\t\t\t\t<\/span>\n\t\t\t\t\t\t\t\t\t\t\t\t\t\t\t\t\t\t\t\t<\/a>\n\t\t\t\t\t\t\t\t\t\t\t\t\t\t\t\t\t\t\t\t\t\t\t\t\t\t\t\t\n\t\t\t\t\t\t\t\t<\/div>\n\n\t\t\t\t\t\t\t<\/td>\n\t\t\t\t\t\t\t\t\t\t\t\t\t\t\t\n\t\t\t\t\t\t\t<td colspan=\"\" rowspan=\"\" class=\"elementor-repeater-item-32375e8 wpr-table-td\">\n\n\t\t\t\t\t\t\t\t<div class=\"wpr-td-content-wrapper\">\n\n\t\t\t\t\t\t\t\t\t\t\t\t\t\t\t\t\t\t\t\t\t\t\t\t\t\t\t\t\t<a href=\"https:\/\/royal-elementor-addons.com\/\" target=\"_blank\" rel=\"nofollow noopener\">\n\t\t\t\t\t\t\t\t\t \n\t\t\t\t\t\t\t\t\t\t\t<span class=\"wpr-table-text\">\n\t\t\t\t\t\t\t\t\t\t\t\tElegir una prioridad com\u00fan, explicar su utilidad y definir un objetivo, un indicador y un plazo.\t\t\t\t\t\t\t\t\t\t\t<\/span>\n\t\t\t\t\t\t\t\t\t\t\t\t\t\t\t\t\t\t\t\t<\/a>\n\t\t\t\t\t\t\t\t\t\t\t\t\t\t\t\t\t\t\t\t\t\t\t\t\t\t\t\t\n\t\t\t\t\t\t\t\t<\/div>\n\n\t\t\t\t\t\t\t<\/td>\n\t\t\t\t\t\t\t\t\t\t\t\t<\/tr>\n\t\t\t        \t\t\t\t\t<tr class=\"wpr-table-body-row wpr-table-row elementor-repeater-item-d864c59 wpr-odd\">\n\t\t\t\t\t\t\t\t\t\t\t\t\t\n\t\t\t\t\t\t\t<td colspan=\"\" rowspan=\"\" class=\"elementor-repeater-item-5cd9bd6 wpr-table-td\">\n\n\t\t\t\t\t\t\t\t<div class=\"wpr-td-content-wrapper\">\n\n\t\t\t\t\t\t\t\t\t\t\t\t\t\t\t\t\t\t\t\t\t\t\t\t\t\t\t\t\t<a href=\"https:\/\/royal-elementor-addons.com\/\" target=\"_blank\" rel=\"nofollow noopener\">\n\t\t\t\t\t\t\t\t\t \n\t\t\t\t\t\t\t\t\t\t\t<span class=\"wpr-table-text\">\n\t\t\t\t\t\t\t\t\t\t\t\tSemana 3\t\t\t\t\t\t\t\t\t\t\t<\/span>\n\t\t\t\t\t\t\t\t\t\t\t\t\t\t\t\t\t\t\t\t<\/a>\n\t\t\t\t\t\t\t\t\t\t\t\t\t\t\t\t\t\t\t\t\t\t\t\t\t\t\t\t\n\t\t\t\t\t\t\t\t<\/div>\n\n\t\t\t\t\t\t\t<\/td>\n\t\t\t\t\t\t\t\t\t\t\t\t\t\t\t\n\t\t\t\t\t\t\t<td colspan=\"\" rowspan=\"\" class=\"elementor-repeater-item-55418a1 wpr-table-td\">\n\n\t\t\t\t\t\t\t\t<div class=\"wpr-td-content-wrapper\">\n\n\t\t\t\t\t\t\t\t\t\t\t\t\t\t\t\t\t\t\t\t\t\t\t\t\t\t\t\t\t<a href=\"https:\/\/royal-elementor-addons.com\/\" target=\"_blank\" rel=\"nofollow noopener\">\n\t\t\t\t\t\t\t\t\t \n\t\t\t\t\t\t\t\t\t\t\t<span class=\"wpr-table-text\">\n\t\t\t\t\t\t\t\t\t\t\t\tClarificador\t\t\t\t\t\t\t\t\t\t\t<\/span>\n\t\t\t\t\t\t\t\t\t\t\t\t\t\t\t\t\t\t\t\t<\/a>\n\t\t\t\t\t\t\t\t\t\t\t\t\t\t\t\t\t\t\t\t\t\t\t\t\t\t\t\t\n\t\t\t\t\t\t\t\t<\/div>\n\n\t\t\t\t\t\t\t<\/td>\n\t\t\t\t\t\t\t\t\t\t\t\t\t\t\t\n\t\t\t\t\t\t\t<td colspan=\"\" rowspan=\"\" class=\"elementor-repeater-item-422c2e8 wpr-table-td\">\n\n\t\t\t\t\t\t\t\t<div class=\"wpr-td-content-wrapper\">\n\n\t\t\t\t\t\t\t\t\t\t\t\t\t\t\t\t\t\t\t\t\t\t\t\t\t\t\t\t\t<a href=\"https:\/\/royal-elementor-addons.com\/\" target=\"_blank\" rel=\"nofollow noopener\">\n\t\t\t\t\t\t\t\t\t \n\t\t\t\t\t\t\t\t\t\t\t<span class=\"wpr-table-text\">\n\t\t\t\t\t\t\t\t\t\t\t\tElegir una prioridad com\u00fan, explicar su utilidad y definir un objetivo, un indicador y un plazo.\t\t\t\t\t\t\t\t\t\t\t<\/span>\n\t\t\t\t\t\t\t\t\t\t\t\t\t\t\t\t\t\t\t\t<\/a>\n\t\t\t\t\t\t\t\t\t\t\t\t\t\t\t\t\t\t\t\t\t\t\t\t\t\t\t\t\n\t\t\t\t\t\t\t\t<\/div>\n\n\t\t\t\t\t\t\t<\/td>\n\t\t\t\t\t\t\t\t\t\t\t\t<\/tr>\n\t\t\t        \t\t\t\t\t<tr class=\"wpr-table-body-row wpr-table-row elementor-repeater-item-a542644 wpr-odd\">\n\t\t\t\t\t\t\t\t\t\t\t\t\t\n\t\t\t\t\t\t\t<td colspan=\"\" rowspan=\"\" class=\"elementor-repeater-item-f44e240 wpr-table-td\">\n\n\t\t\t\t\t\t\t\t<div class=\"wpr-td-content-wrapper\">\n\n\t\t\t\t\t\t\t\t\t\t\t\t\t\t\t\t\t\t\t\t\t\t\t\t\t\t\t\t\t<a href=\"https:\/\/royal-elementor-addons.com\/\" target=\"_blank\" rel=\"nofollow noopener\">\n\t\t\t\t\t\t\t\t\t \n\t\t\t\t\t\t\t\t\t\t\t<span class=\"wpr-table-text\">\n\t\t\t\t\t\t\t\t\t\t\t\tSemana 4\t\t\t\t\t\t\t\t\t\t\t<\/span>\n\t\t\t\t\t\t\t\t\t\t\t\t\t\t\t\t\t\t\t\t<\/a>\n\t\t\t\t\t\t\t\t\t\t\t\t\t\t\t\t\t\t\t\t\t\t\t\t\t\t\t\t\n\t\t\t\t\t\t\t\t<\/div>\n\n\t\t\t\t\t\t\t<\/td>\n\t\t\t\t\t\t\t\t\t\t\t\t\t\t\t\n\t\t\t\t\t\t\t<td colspan=\"\" rowspan=\"\" class=\"elementor-repeater-item-496c0ac wpr-table-td\">\n\n\t\t\t\t\t\t\t\t<div class=\"wpr-td-content-wrapper\">\n\n\t\t\t\t\t\t\t\t\t\t\t\t\t\t\t\t\t\t\t\t\t\t\t\t\t\t\t\t\t<a href=\"https:\/\/royal-elementor-addons.com\/\" target=\"_blank\" rel=\"nofollow noopener\">\n\t\t\t\t\t\t\t\t\t \n\t\t\t\t\t\t\t\t\t\t\t<span class=\"wpr-table-text\">\n\t\t\t\t\t\t\t\t\t\t\t\tClarificador\t\t\t\t\t\t\t\t\t\t\t<\/span>\n\t\t\t\t\t\t\t\t\t\t\t\t\t\t\t\t\t\t\t\t<\/a>\n\t\t\t\t\t\t\t\t\t\t\t\t\t\t\t\t\t\t\t\t\t\t\t\t\t\t\t\t\n\t\t\t\t\t\t\t\t<\/div>\n\n\t\t\t\t\t\t\t<\/td>\n\t\t\t\t\t\t\t\t\t\t\t\t\t\t\t\n\t\t\t\t\t\t\t<td colspan=\"\" rowspan=\"\" class=\"elementor-repeater-item-3b1e7f3 wpr-table-td\">\n\n\t\t\t\t\t\t\t\t<div class=\"wpr-td-content-wrapper\">\n\n\t\t\t\t\t\t\t\t\t\t\t\t\t\t\t\t\t\t\t\t\t\t\t\t\t\t\t\t\t<a href=\"https:\/\/royal-elementor-addons.com\/\" target=\"_blank\" rel=\"nofollow noopener\">\n\t\t\t\t\t\t\t\t\t \n\t\t\t\t\t\t\t\t\t\t\t<span class=\"wpr-table-text\">\n\t\t\t\t\t\t\t\t\t\t\t\tElegir una prioridad com\u00fan, explicar su utilidad y definir un objetivo, un indicador y un plazo.\t\t\t\t\t\t\t\t\t\t\t<\/span>\n\t\t\t\t\t\t\t\t\t\t\t\t\t\t\t\t\t\t\t\t<\/a>\n\t\t\t\t\t\t\t\t\t\t\t\t\t\t\t\t\t\t\t\t\t\t\t\t\t\t\t\t\n\t\t\t\t\t\t\t\t<\/div>\n\n\t\t\t\t\t\t\t<\/td>\n\t\t\t\t\t\t\t\t\t\t\t\t<\/tr>\n\t\t\t        \t\t\t\t<\/tbody>\n\t\t\t<\/table>\n\t\t<\/div>\n\t\t<\/div>\n    \t\t\t\t\t<\/div>\n\t\t\t\t<\/div>\n\t\t\t\t<div class=\"elementor-element elementor-element-f3e5675 elementor-widget elementor-widget-text-editor\" data-id=\"f3e5675\" data-element_type=\"widget\" data-e-type=\"widget\" data-widget_type=\"text-editor.default\">\n\t\t\t\t<div class=\"elementor-widget-container\">\n\t\t\t\t\t\t\t\t\t<p data-key=\"FRUVO\" data-pm-slice=\"1 1 []\">A finales de mes, este balance debe permitir decidir la continuaci\u00f3n: <strong>continuar la acci\u00f3n, ajustarla o seleccionar una nueva prioridad<\/strong>. No se trata de volver a poner en circulaci\u00f3n todos los proyectos de inmediato.<\/p>\t\t\t\t\t\t\t\t<\/div>\n\t\t\t\t<\/div>\n\t\t\t\t<div class=\"elementor-element elementor-element-a03ab2c elementor-widget elementor-widget-heading\" data-id=\"a03ab2c\" data-element_type=\"widget\" data-e-type=\"widget\" data-widget_type=\"heading.default\">\n\t\t\t\t<div class=\"elementor-widget-container\">\n\t\t\t\t\t<h2 class=\"elementor-heading-title elementor-size-default\">Removilizar es hacer que la acci\u00f3n colectiva sea m\u00e1s clara<\/h2>\t\t\t\t<\/div>\n\t\t\t\t<\/div>\n\t\t\t\t<div class=\"elementor-element elementor-element-e97868f elementor-widget elementor-widget-text-editor\" data-id=\"e97868f\" data-element_type=\"widget\" data-e-type=\"widget\" data-widget_type=\"text-editor.default\">\n\t\t\t\t<div class=\"elementor-widget-container\">\n\t\t\t\t\t\t\t\t\t<p data-key=\"qJqwu\" data-pm-slice=\"1 1 []\" class=\"translation-block\"><strong>Impulsar a los equipos tras las vacaciones no significa acelerar en todos los frentes.<\/strong> Una reactivaci\u00f3n duradera se basa en tres decisiones: <strong>escuchar la realidad sobre el terreno, concentrar los esfuerzos en un primer logro colectivo y compartir los aprendizajes<\/strong>.<\/p><p data-key=\"ZoJAa\">Una direcci\u00f3n clara reduce la dispersi\u00f3n. Un resultado r\u00e1pidamente observable redonne confiance. Enfin, <strong>el lugar otorgado a cada uno transforma una hoja de ruta en una din\u00e1mica compartida<\/strong>.<\/p><p data-key=\"b37DH\" class=\"translation-block\">Al preparar la vuelta al trabajo, <strong>\u00bfqu\u00e9 prioridad podr\u00eda aclarar, aplazar o eliminar para ayudar a sus equipos a alcanzar mejores resultados juntos?<\/strong><\/p>\t\t\t\t\t\t\t\t<\/div>\n\t\t\t\t<\/div>\n\t\t\t\t<div class=\"elementor-element elementor-element-a10b799 elementor-align-center elementor-widget elementor-widget-button\" data-id=\"a10b799\" data-element_type=\"widget\" data-e-type=\"widget\" data-widget_type=\"button.default\">\n\t\t\t\t<div class=\"elementor-widget-container\">\n\t\t\t\t\t\t\t\t\t<div class=\"elementor-button-wrapper\">\n\t\t\t\t\t<a class=\"elementor-button elementor-button-link elementor-size-sm elementor-animation-bob\" href=\"\/es\/prueba-gratuita-foc-2\/\">\n\t\t\t\t\t\t<span class=\"elementor-button-content-wrapper\">\n\t\t\t\t\t\t\t\t\t<span class=\"elementor-button-text\">Solicita tu prueba gratuita de 30 d\u00edas sin compromiso<\/span>\n\t\t\t\t\t<\/span>\n\t\t\t\t\t<\/a>\n\t\t\t\t<\/div>\n\t\t\t\t\t\t\t\t<\/div>\n\t\t\t\t<\/div>\n\t\t\t\t<div class=\"elementor-element elementor-element-14f6201 elementor-widget elementor-widget-heading\" data-id=\"14f6201\" data-element_type=\"widget\" data-e-type=\"widget\" data-widget_type=\"heading.default\">\n\t\t\t\t<div class=\"elementor-widget-container\">\n\t\t\t\t\t<h2 class=\"elementor-heading-title elementor-size-default\">FAQ - Gesti\u00f3n y motivaci\u00f3n de los equipos tras las vacaciones<\/h2>\t\t\t\t<\/div>\n\t\t\t\t<\/div>\n\t\t\t\t<div class=\"elementor-element elementor-element-4075eb7 elementor-widget elementor-widget-accordion\" data-id=\"4075eb7\" data-element_type=\"widget\" data-e-type=\"widget\" data-widget_type=\"accordion.default\">\n\t\t\t\t<div class=\"elementor-widget-container\">\n\t\t\t\t\t\t\t<div class=\"elementor-accordion\">\n\t\t\t\t\t\t\t<div class=\"elementor-accordion-item\">\n\t\t\t\t\t<div id=\"elementor-tab-title-6751\" class=\"elementor-tab-title\" data-tab=\"1\" role=\"button\" aria-controls=\"elementor-tab-content-6751\" aria-expanded=\"false\">\n\t\t\t\t\t\t\t\t\t\t\t\t\t<span class=\"elementor-accordion-icon elementor-accordion-icon-left\" aria-hidden=\"true\">\n\t\t\t\t\t\t\t\t\t\t\t\t\t\t\t<span class=\"elementor-accordion-icon-closed\"><i class=\"fas fa-plus\"><\/i><\/span>\n\t\t\t\t\t\t\t\t<span class=\"elementor-accordion-icon-opened\"><i class=\"fas fa-minus\"><\/i><\/span>\n\t\t\t\t\t\t\t\t\t\t\t\t\t\t<\/span>\n\t\t\t\t\t\t\t\t\t\t\t\t<a class=\"elementor-accordion-title\" tabindex=\"0\">\u00bfC\u00f3mo gestionar los regresos de vacaciones escalonados en un equipo?<\/a>\n\t\t\t\t\t<\/div>\n\t\t\t\t\t<div id=\"elementor-tab-content-6751\" class=\"elementor-tab-content elementor-clearfix\" data-tab=\"1\" role=\"region\" aria-labelledby=\"elementor-tab-title-6751\"><p data-key=\"9P3nE\" data-pm-slice=\"1 1 []\">Cuando los colaboradores regresen en fechas diferentes, evite hacer recaer todo el regreso en una \u00fanica reuni\u00f3n. Prep\u00e1rese <strong>un soporte breve que presenta el contexto, las decisiones tomadas y los pr\u00f3ximos plazos<\/strong>. Prevea tambi\u00e9n varios momentos de intercambio para que todos puedan hacer sus preguntas y contribuir. Esta organizaci\u00f3n limita las diferencias de informaci\u00f3n sin obligar al equipo a esperar a que todo el mundo est\u00e9 presente.<\/p><\/div>\n\t\t\t\t<\/div>\n\t\t\t\t\t\t\t<div class=\"elementor-accordion-item\">\n\t\t\t\t\t<div id=\"elementor-tab-title-6752\" class=\"elementor-tab-title\" data-tab=\"2\" role=\"button\" aria-controls=\"elementor-tab-content-6752\" aria-expanded=\"false\">\n\t\t\t\t\t\t\t\t\t\t\t\t\t<span class=\"elementor-accordion-icon elementor-accordion-icon-left\" aria-hidden=\"true\">\n\t\t\t\t\t\t\t\t\t\t\t\t\t\t\t<span class=\"elementor-accordion-icon-closed\"><i class=\"fas fa-plus\"><\/i><\/span>\n\t\t\t\t\t\t\t\t<span class=\"elementor-accordion-icon-opened\"><i class=\"fas fa-minus\"><\/i><\/span>\n\t\t\t\t\t\t\t\t\t\t\t\t\t\t<\/span>\n\t\t\t\t\t\t\t\t\t\t\t\t<a class=\"elementor-accordion-title\" tabindex=\"0\">\u00bfCu\u00e1l es el papel del responsable directo durante la vuelta al trabajo?<\/a>\n\t\t\t\t\t<\/div>\n\t\t\t\t\t<div id=\"elementor-tab-content-6752\" class=\"elementor-tab-content elementor-clearfix\" data-tab=\"2\" role=\"region\" aria-labelledby=\"elementor-tab-title-6752\"><p data-key=\"f1UR8\" data-pm-slice=\"1 1 []\">El gerente de primera l\u00ednea <strong>traducir las orientaciones generales en referencias concretas para su equipo<\/strong>. Ayuda a organizar la carga de trabajo, identifica los obst\u00e1culos y eleva las necesidades a la direcci\u00f3n. Su papel consiste tambi\u00e9n en regular el ritmo de reanudaci\u00f3n y mantener el di\u00e1logo. <strong>Su disponibilidad y su capacidad para aclarar las decisiones<\/strong> que influye directamente en la calidad de la removilizaci\u00f3n.<\/p><\/div>\n\t\t\t\t<\/div>\n\t\t\t\t\t\t\t<div class=\"elementor-accordion-item\">\n\t\t\t\t\t<div id=\"elementor-tab-title-6753\" class=\"elementor-tab-title\" data-tab=\"3\" role=\"button\" aria-controls=\"elementor-tab-content-6753\" aria-expanded=\"false\">\n\t\t\t\t\t\t\t\t\t\t\t\t\t<span class=\"elementor-accordion-icon elementor-accordion-icon-left\" aria-hidden=\"true\">\n\t\t\t\t\t\t\t\t\t\t\t\t\t\t\t<span class=\"elementor-accordion-icon-closed\"><i class=\"fas fa-plus\"><\/i><\/span>\n\t\t\t\t\t\t\t\t<span class=\"elementor-accordion-icon-opened\"><i class=\"fas fa-minus\"><\/i><\/span>\n\t\t\t\t\t\t\t\t\t\t\t\t\t\t<\/span>\n\t\t\t\t\t\t\t\t\t\t\t\t<a class=\"elementor-accordion-title\" tabindex=\"0\">\u00bfC\u00f3mo mantener la motivaci\u00f3n de los equipos despu\u00e9s de los primeros 30 d\u00edas?<\/a>\n\t\t\t\t\t<\/div>\n\t\t\t\t\t<div id=\"elementor-tab-content-6753\" class=\"elementor-tab-content elementor-clearfix\" data-tab=\"3\" role=\"region\" aria-labelledby=\"elementor-tab-title-6753\"><p data-key=\"9eJDy\" data-pm-slice=\"1 1 []\">Al final del primer mes, organice <strong>una evaluaci\u00f3n para identificar los progresos, las dificultades y las ense\u00f1anzas \u00fatiles<\/strong>. Decida claramente si la acci\u00f3n debe continuarse, ajustarse o cerrarse antes de abrir un nuevo proyecto. Los puntos regulares, espaciados y centrados en los obst\u00e1culos permiten despu\u00e9s mantener la din\u00e1mica. <strong>sin multiplicar las reuniones ni crear una sucesi\u00f3n permanente de nuevas urgencias<\/strong>.<\/p><\/div>\n\t\t\t\t<\/div>\n\t\t\t\t\t\t\t\t<\/div>\n\t\t\t\t\t\t<\/div>\n\t\t\t\t<\/div>\n\t\t\t\t<div class=\"elementor-element elementor-element-417c2d6 elementor-widget elementor-widget-heading\" data-id=\"417c2d6\" data-element_type=\"widget\" data-e-type=\"widget\" data-widget_type=\"heading.default\">\n\t\t\t\t<div class=\"elementor-widget-container\">\n\t\t\t\t\t<h2 class=\"elementor-heading-title elementor-size-default\">Estos art\u00edculos pueden ser de su inter\u00e9s: <\/h2>\t\t\t\t<\/div>\n\t\t\t\t<\/div>\n\t\t\t\t<div class=\"elementor-element elementor-element-3f1595b elementor-widget elementor-widget-global elementor-global-23522 elementor-widget-ucaddon_post_grid\" data-id=\"3f1595b\" data-element_type=\"widget\" data-e-type=\"widget\" data-widget_type=\"ucaddon_post_grid.default\">\n\t\t\t\t<div class=\"elementor-widget-container\">\n\t\t\t\t\t\n<!-- start Post Grid -->\n\t\t<link id='font-awesome-css' href='https:\/\/cerca.io\/wp-content\/plugins\/unlimited-elements-for-elementor-premium\/assets_libraries\/font-awesome6\/fontawesome-all.min.css' type='text\/css' rel='stylesheet' >\n\t\t<link id='font-awesome-4-shim-css' href='https:\/\/cerca.io\/wp-content\/plugins\/unlimited-elements-for-elementor-premium\/assets_libraries\/font-awesome6\/fontawesome-v4-shims.min.css' type='text\/css' rel='stylesheet' >\n\n<style>\/* widget: Post Grid *\/\n\n\n\n#uc_post_grid_elementor_3f1595b.uc_post_grid_style_one .uc_post_grid_style_one_wrap {\n   display:grid;\n}\n\n\n#uc_post_grid_elementor_3f1595b .uc_post_grid_style_one_item\n{\n  position:relative;\n}\n\n#uc_post_grid_elementor_3f1595b .uc_post_image\n{\n  transition:0.3s;\n  position:relative;\n  overflow:hidden;\n}\n\n#uc_post_grid_elementor_3f1595b .uc_post_image img\n{\n  width:100%;\n  display:block;\n  transition:0.3s;\n}\n\n\n\t#uc_post_grid_elementor_3f1595b .ue-item:hover .uc_post_image img\n    {\n      transform:scale(1.1,1.1);\n    }\n\t\n\n\n\n\n\n\n#uc_post_grid_elementor_3f1595b .uc_post_image_overlay\n{\n  position:absolute;\n  top:0px;\n  left:0px;\n  height:100%;\n  width:100%;\n  transition:0.3s;\n}\n\n#uc_post_grid_elementor_3f1595b .uc_more_btn-custom-field\n{\n  display:inline-block;\n  text-align:center;\n  text-decoration:none;\n  transition:0.3s;\n}\n\n#uc_post_grid_elementor_3f1595b .uc_more_btn\n{\n  display:block;\n  text-align:center;\n  text-decoration:none;\n  transition:0.3s;\n}\n\n.ue-grid-item-category a\n{\n  display:inline-block;\n  font-size:10px;\n  position: relative;\n  z-index: 1;\n}\n#uc_post_grid_elementor_3f1595b .ue-grid-item-category a{\n    cursor: text;\n  }\n.uc_post_title\n{\n  font-size:21px;\n}\n\n\n\n#uc_post_grid_elementor_3f1595b .ue_post_grid_item\n{\n  display:flex;\n  flex-direction:column;\n}\n\n#uc_post_grid_elementor_3f1595b.uc_post_grid_style_one .uc_content{\n flex-grow:1;\n}\n\n#uc_post_grid_elementor_3f1595b.uc_post_grid_style_one .uc_content > div\n{\n  height:100%;\n  display:flex;\n  flex-direction:column;\n  justify-content: space-between;}\n\n    #uc_post_grid_elementor_3f1595b .uc_post_button\n   {\n     margin-top:auto;\n   }\n  \n\n\n\n\n\n\n\n\n\n\n\n\n\n\n\n\n\n\n\n\n\n\n#uc_post_grid_elementor_3f1595b .ue-meta-data\n{\n  \n  display:flex;\n\n  flex-wrap: wrap;\n  line-height:1em;\n}\n\n#uc_post_grid_elementor_3f1595b .ue-grid-item-meta-data\n{\n      display:inline-flex;\n      align-items:center;\n}\n\n#uc_post_grid_elementor_3f1595b .ue-grid-item-meta-data a{\n  color:inherit;\n}\n\n.ue-grid-item-meta-data\n{\n  font-size:12px;\n}\n\n#uc_post_grid_elementor_3f1595b .ue-grid-item-meta-data-icon\n{\n  line-height:1em;\n}\n\n#uc_post_grid_elementor_3f1595b .ue-grid-item-meta-data-icon svg\n{\n  width:1em;\n  height:1em;\n}\n\n#uc_post_grid_elementor_3f1595b .ue-debug-meta\n{\n  padding:10px;\n  border:1px solid red;\n  position:relative;\n  line-height:1.5em;\n  font-size:11px;\n  width:100%;\n}\n\n#uc_post_grid_elementor_3f1595b .uc_btn_inner\n{\n  display:inline-flex;\n  align-items:center;\n}\n\n#uc_post_grid_elementor_3f1595b .uc_btn_inner svg\n{\n  width:1em;\n  height:1em;\n}\n\n  #uc_post_grid_elementor_3f1595b .ue_post_full_link{\n    position:absolute;\n    width:100%;\n    height:100%;\n    top:0;\n    left:0;\n  }\n\n\n\n\n\n<\/style>\n\n<div class=\"uc_post_grid_style_one uc-filterable-grid uc-remote-parent\" id=\"uc_post_grid_elementor_3f1595b\"  data-ajax='true'  data-filterbehave='ajax'  querydata='{&quot;count_posts&quot;:2,&quot;total_posts&quot;:162,&quot;page&quot;:1,&quot;num_pages&quot;:81,&quot;orderdir&quot;:&quot;desc&quot;}'  data-remoteid='auto' data-widgetname='Post Grid'>\n\t\t<div class=\"uc_post_grid_style_one_wrap ue_post_grid uc-items-wrapper\">\n\t\t\t\n\n\n\n<div id=\"uc_post_grid_elementor_3f1595b_item1\" class=\"uc_post_grid_style_one_item ue_post_grid_item ue-item\">\n  \n      <a class=\"uc_post_grid_style_one_image\" href=\"https:\/\/cerca.io\/es\/retour-de-vacances-reseau-de-franchise\/\" target=\"_blank\">\n     <div class=\"uc_post_image\">\n       <img loading=\"lazy\" decoding=\"async\" src=\"https:\/\/cerca.io\/wp-content\/uploads\/2026\/08\/Miniature-Blog-Retour-de-vacances-768x317.jpg\"  alt=\"Mini blog: Regreso de vacaciones\" width=\"768\" height=\"317\">\n       <div class=\"uc_post_image_overlay\"><\/div>\n     <\/div>\n    <\/a>\n   \n  <div class=\"uc_content\">\n    <div class=\"uc_content_inner\">\n      <div class=\"uc_content-info-wrapper\" >\n        \n               \n        \t<div class=\"ue-grid-item-category\">              \n                            \t<a href=\"javascript:void(0);\">Franquicia<\/a>\n                            \n        \t<\/div>\n        \t\n      \n              \n\n            \t\t      \t\t\t<div class=\"uc_post_title\"><a class=\"\" href=\"https:\/\/cerca.io\/es\/retour-de-vacances-reseau-de-franchise\/\" target=\"_blank\"><h3 class=\"ue_p_title\">De regreso de las vacaciones: \u00bfc\u00f3mo revisar su red de franquicias sin dedicarle toda la semana?<\/h3><\/a><\/div>\n      \t\t      \t\n                      \n       \n        <div class=\"ue-meta-data\">\n            \n    <div class=\"ue-grid-item-meta-data\"><span class=\"ue-grid-item-meta-data-icon\"><i class='fas fa-calendar-week'><\/i><\/span>  28 de agosto de 2026<\/div>        \n                \n        \n\t\n                \n                \n                \n                \n    \t\t\t\n      \n            \n  <\/div>\t\n      \t<div class=\"uc_post_text\">Recupere el control de su red de franquicias despu\u00e9s de las vacaciones: indicadores, auditor\u00edas, acciones y...<\/div>\n     \n                 \n                            \n                                  \n     <\/div>                      \n           <div class=\"uc_post_button\">\n        \n        <a class=\"uc_more_btn\" target=\"_blank\" href=\"https:\/\/cerca.io\/es\/retour-de-vacances-reseau-de-franchise\/\">\n          <div class=\"uc_btn_inner\">\n            <div class=\"uc_btn_txt\">M\u00e1s informaci\u00f3n<\/div>\n                      <\/div>\n      \t<\/a>\n        \n                \n      <\/div>                           \n \t<\/div>  <\/div>      \n  <a class=\"ue_post_full_link\" href=\"https:\/\/cerca.io\/es\/retour-de-vacances-reseau-de-franchise\/\" target=\"_blank\"><\/a>      \n<\/div>\n\n\n\n\n<div id=\"uc_post_grid_elementor_3f1595b_item2\" class=\"uc_post_grid_style_one_item ue_post_grid_item ue-item\">\n  \n      <a class=\"uc_post_grid_style_one_image\" href=\"https:\/\/cerca.io\/es\/suivi-des-actions-correctives-magasins\/\" target=\"_blank\">\n     <div class=\"uc_post_image\">\n       <img loading=\"lazy\" decoding=\"async\" src=\"https:\/\/cerca.io\/wp-content\/uploads\/2026\/08\/miniature-768x317.png\"  alt=\"miniatura\" width=\"768\" height=\"317\">\n       <div class=\"uc_post_image_overlay\"><\/div>\n     <\/div>\n    <\/a>\n   \n  <div class=\"uc_content\">\n    <div class=\"uc_content_inner\">\n      <div class=\"uc_content-info-wrapper\" >\n        \n               \n        \t<div class=\"ue-grid-item-category\">              \n                            \t<a href=\"javascript:void(0);\">Redes multiimplantadas<\/a>\n                            \n        \t<\/div>\n        \t\n      \n              \n\n            \t\t      \t\t\t<div class=\"uc_post_title\"><a class=\"\" href=\"https:\/\/cerca.io\/es\/suivi-des-actions-correctives-magasins\/\" target=\"_blank\"><h3 class=\"ue_p_title\">C\u00f3mo automatizar el seguimiento de las acciones correctivas<\/h3><\/a><\/div>\n      \t\t      \t\n                      \n       \n        <div class=\"ue-meta-data\">\n            \n    <div class=\"ue-grid-item-meta-data\"><span class=\"ue-grid-item-meta-data-icon\"><i class='fas fa-calendar-week'><\/i><\/span>  21 de agosto de 2026<\/div>        \n                \n        \n\t\n                \n                \n                \n                \n    \t\t\t\n      \n            \n  <\/div>\t\n      \t<div class=\"uc_post_text\">Descubra c\u00f3mo automatizar el seguimiento de las acciones correctivas en una red de tiendas. Desde la identificaci\u00f3n...<\/div>\n     \n                 \n                            \n                                  \n     <\/div>                      \n           <div class=\"uc_post_button\">\n        \n        <a class=\"uc_more_btn\" target=\"_blank\" href=\"https:\/\/cerca.io\/es\/suivi-des-actions-correctives-magasins\/\">\n          <div class=\"uc_btn_inner\">\n            <div class=\"uc_btn_txt\">M\u00e1s informaci\u00f3n<\/div>\n                      <\/div>\n      \t<\/a>\n        \n                \n      <\/div>                           \n \t<\/div>  <\/div>      \n  <a class=\"ue_post_full_link\" href=\"https:\/\/cerca.io\/es\/suivi-des-actions-correctives-magasins\/\" target=\"_blank\"><\/a>      \n<\/div>\n\n\t\t<\/div>\n\t<\/div>\n\n\n\n  <div id=\"uc_post_grid_elementor_3f1595b_empty_message\" class=\"ue-no-posts-found\"  style=\"display:none\" >\u00a1Aqu\u00ed no hay nada \ud83d\udc40!<\/div>\n\n\n<!-- end Post Grid -->\t\t\t\t<\/div>\n\t\t\t\t<\/div>\n\t\t\t\t\t<\/div>\n\t\t<\/div>\n\t\t\t\t\t<\/div>\n\t\t<\/section>\n\t\t\t\t<\/div>","protected":false},"excerpt":{"rendered":"<p>Comment booster ses \u00e9quipes \u00e0 la rentr\u00e9e sans multiplier les objectifs ni accentuer la pression ? D\u00e9couvrez trois actions concr\u00e8tes et un plan de 30 jours pour \u00e9couter le terrain, clarifier les priorit\u00e9s et recr\u00e9er une dynamique collective durable.<\/p>","protected":false},"author":8,"featured_media":24861,"comment_status":"closed","ping_status":"closed","sticky":false,"template":"","format":"standard","meta":{"content-type":"","footnotes":""},"categories":[109],"tags":[140,146,139],"class_list":["post-24857","post","type-post","status-publish","format-standard","has-post-thumbnail","hentry","category-articles-generaux","tag-en","tag-esp","tag-fr"],"_links":{"self":[{"href":"https:\/\/cerca.io\/es\/wp-json\/wp\/v2\/posts\/24857","targetHints":{"allow":["GET"]}}],"collection":[{"href":"https:\/\/cerca.io\/es\/wp-json\/wp\/v2\/posts"}],"about":[{"href":"https:\/\/cerca.io\/es\/wp-json\/wp\/v2\/types\/post"}],"author":[{"embeddable":true,"href":"https:\/\/cerca.io\/es\/wp-json\/wp\/v2\/users\/8"}],"replies":[{"embeddable":true,"href":"https:\/\/cerca.io\/es\/wp-json\/wp\/v2\/comments?post=24857"}],"version-history":[{"count":16,"href":"https:\/\/cerca.io\/es\/wp-json\/wp\/v2\/posts\/24857\/revisions"}],"predecessor-version":[{"id":24883,"href":"https:\/\/cerca.io\/es\/wp-json\/wp\/v2\/posts\/24857\/revisions\/24883"}],"wp:featuredmedia":[{"embeddable":true,"href":"https:\/\/cerca.io\/es\/wp-json\/wp\/v2\/media\/24861"}],"wp:attachment":[{"href":"https:\/\/cerca.io\/es\/wp-json\/wp\/v2\/media?parent=24857"}],"wp:term":[{"taxonomy":"category","embeddable":true,"href":"https:\/\/cerca.io\/es\/wp-json\/wp\/v2\/categories?post=24857"},{"taxonomy":"post_tag","embeddable":true,"href":"https:\/\/cerca.io\/es\/wp-json\/wp\/v2\/tags?post=24857"}],"curies":[{"name":"bien jugado","href":"https:\/\/api.w.org\/{rel}","templated":true}]}}