{
    "id": 11408,
    "date": "2020-04-07T15:34:40",
    "date_gmt": "2020-04-07T13:34:40",
    "guid": {
        "rendered": "http:\/\/test2.franchiseoncloud.fr\/?p=11408"
    },
    "modified": "2025-11-13T11:38:37",
    "modified_gmt": "2025-11-13T10:38:37",
    "slug": "ucar-choisit-franchise-on-cloud",
    "status": "publish",
    "type": "post",
    "link": "https:\/\/cerca.io\/fr_fr\/ucar-choisit-franchise-on-cloud\/",
    "title": {
        "rendered": "UCAR choisit Cerca ex Franchise On Cloud"
    },
    "content": {
        "rendered": "<div data-elementor-type=\"wp-post\" data-elementor-id=\"11408\" class=\"elementor elementor-11408\" data-elementor-post-type=\"post\">\n\t\t\t\t\t\t<section class=\"elementor-section elementor-top-section elementor-element elementor-element-a16d57f elementor-section-boxed elementor-section-height-default elementor-section-height-default wpr-particle-no wpr-jarallax-no wpr-parallax-no wpr-sticky-section-no\" data-id=\"a16d57f\" data-element_type=\"section\" data-e-type=\"section\">\n\t\t\t\t\t\t<div class=\"elementor-container elementor-column-gap-default\">\n\t\t\t\t\t<div class=\"elementor-column elementor-col-100 elementor-top-column elementor-element elementor-element-38f031b\" data-id=\"38f031b\" data-element_type=\"column\" data-e-type=\"column\">\n\t\t\t<div class=\"elementor-widget-wrap elementor-element-populated\">\n\t\t\t\t\t\t<div class=\"elementor-element elementor-element-4dca61a elementor-widget elementor-widget-image\" data-id=\"4dca61a\" data-element_type=\"widget\" data-e-type=\"widget\" data-widget_type=\"image.default\">\n\t\t\t\t<div class=\"elementor-widget-container\">\n\t\t\t\t\t\t\t\t\t\t\t\t\t\t\t<img fetchpriority=\"high\" decoding=\"async\" width=\"2049\" height=\"720\" src=\"https:\/\/cerca.io\/wp-content\/uploads\/2020\/04\/new-client-ucar-Visuel-article.png\" class=\"attachment-full size-full wp-image-21305\" alt=\"ucar cerca\" srcset=\"https:\/\/cerca.io\/wp-content\/uploads\/2020\/04\/new-client-ucar-Visuel-article.png 2049w, https:\/\/cerca.io\/wp-content\/uploads\/2020\/04\/new-client-ucar-Visuel-article-300x105.png 300w, https:\/\/cerca.io\/wp-content\/uploads\/2020\/04\/new-client-ucar-Visuel-article-1024x360.png 1024w, https:\/\/cerca.io\/wp-content\/uploads\/2020\/04\/new-client-ucar-Visuel-article-768x270.png 768w, https:\/\/cerca.io\/wp-content\/uploads\/2020\/04\/new-client-ucar-Visuel-article-1536x540.png 1536w, https:\/\/cerca.io\/wp-content\/uploads\/2020\/04\/new-client-ucar-Visuel-article-18x6.png 18w\" sizes=\"(max-width: 2049px) 100vw, 2049px\" \/>\t\t\t\t\t\t\t\t\t\t\t\t\t\t\t<\/div>\n\t\t\t\t<\/div>\n\t\t\t\t<div class=\"elementor-element elementor-element-5c90565 elementor-widget elementor-widget-heading\" data-id=\"5c90565\" data-element_type=\"widget\" data-e-type=\"widget\" data-widget_type=\"heading.default\">\n\t\t\t\t<div class=\"elementor-widget-container\">\n\t\t\t\t\t<h2 class=\"elementor-heading-title elementor-size-default\">UCAR choisit Cerca ex Franchise On Cloud<\/h2>\t\t\t\t<\/div>\n\t\t\t\t<\/div>\n\t\t\t\t<div class=\"elementor-element elementor-element-1bcc921 elementor-widget elementor-widget-text-editor\" data-id=\"1bcc921\" data-element_type=\"widget\" data-e-type=\"widget\" data-widget_type=\"text-editor.default\">\n\t\t\t\t<div class=\"elementor-widget-container\">\n\t\t\t\t\t\t\t\t\t<div dir=\"auto\"><p><a href=\"https:\/\/ucar.fr\/franchise\/\" target=\"_blank\" rel=\"noopener nofollow\"><span style=\"text-decoration: underline; color: #1284e0;\">UCAR<\/span><\/a> adopte la solution\u00a0 \u00ab\u00a0<span style=\"text-decoration: underline; color: #1284e0;\"><a style=\"color: #1284e0; text-decoration: underline;\" title=\"Notre fonctionnalit\u00e9\" href=\"https:\/\/cerca.io\/fr_fr\/seduisez-et-recrutez-vos-candidats\/\" target=\"_blank\" rel=\"noopener\">recrutement des candidats et gestion des ouvertures<\/a><\/span>\u00a0\u00bb de Cerca ex Franchise On Cloud.<\/p><p>Gr\u00e2ce \u00e0 cette solution, chaque candidat \u00e0 la franchise UCAR b\u00e9n\u00e9ficie d\u2019un <strong>espace personnel en ligne<\/strong> pour organiser l\u2019ensemble de son parcours candidat dans les meilleures conditions pour r\u00e9ussir son ouverture.<\/p><p>UCAR r\u00e9affirme, une nouvelle fois, son avance sur l&rsquo;utilisation des nouvelles technologies\u00a0au b\u00e9n\u00e9fice de ses franchis\u00e9s et ses candidats.<\/p><\/div>\t\t\t\t\t\t\t\t<\/div>\n\t\t\t\t<\/div>\n\t\t\t\t<div class=\"elementor-element elementor-element-8155df8 elementor-align-center elementor-widget elementor-widget-button\" data-id=\"8155df8\" data-element_type=\"widget\" data-e-type=\"widget\" data-widget_type=\"button.default\">\n\t\t\t\t<div class=\"elementor-widget-container\">\n\t\t\t\t\t\t\t\t\t<div class=\"elementor-button-wrapper\">\n\t\t\t\t\t<a class=\"elementor-button elementor-button-link elementor-size-sm elementor-animation-bob\" href=\"https:\/\/cerca.io\/fr_fr\/seduisez-et-recrutez-vos-candidats\/\">\n\t\t\t\t\t\t<span class=\"elementor-button-content-wrapper\">\n\t\t\t\t\t\t\t\t\t<span class=\"elementor-button-text\">S\u00e9duisez &amp; Recrutez vos candidats \u2728<\/span>\n\t\t\t\t\t<\/span>\n\t\t\t\t\t<\/a>\n\t\t\t\t<\/div>\n\t\t\t\t\t\t\t\t<\/div>\n\t\t\t\t<\/div>\n\t\t\t\t\t<\/div>\n\t\t<\/div>\n\t\t\t\t\t<\/div>\n\t\t<\/section>\n\t\t\t\t<section class=\"elementor-section elementor-top-section elementor-element elementor-element-788ee4c elementor-section-boxed elementor-section-height-default elementor-section-height-default wpr-particle-no wpr-jarallax-no wpr-parallax-no wpr-sticky-section-no\" data-id=\"788ee4c\" data-element_type=\"section\" data-e-type=\"section\">\n\t\t\t\t\t\t<div class=\"elementor-container elementor-column-gap-default\">\n\t\t\t\t\t<div class=\"elementor-column elementor-col-100 elementor-top-column elementor-element elementor-element-45e227b\" data-id=\"45e227b\" data-element_type=\"column\" data-e-type=\"column\">\n\t\t\t<div class=\"elementor-widget-wrap elementor-element-populated\">\n\t\t\t\t\t\t<div class=\"elementor-element elementor-element-2d3b0e2 elementor-widget elementor-widget-heading\" data-id=\"2d3b0e2\" data-element_type=\"widget\" data-e-type=\"widget\" data-widget_type=\"heading.default\">\n\t\t\t\t<div class=\"elementor-widget-container\">\n\t\t\t\t\t<h2 class=\"elementor-heading-title elementor-size-default\">Ces articles peuvent vous int\u00e9resser : <\/h2>\t\t\t\t<\/div>\n\t\t\t\t<\/div>\n\t\t\t\t<div class=\"elementor-element elementor-element-69f8ca0 elementor-widget elementor-widget-global elementor-global-18806 elementor-widget-obfx-posts-grid\" data-id=\"69f8ca0\" data-element_type=\"widget\" data-e-type=\"widget\" data-widget_type=\"obfx-posts-grid.default\">\n\t\t\t\t<div class=\"elementor-widget-container\">\n\t\t\t\t\t<div class=\"obfx-grid\"><div class=\"obfx-grid-container obfx-grid-mobile-1 obfx-grid-desktop-2\"><div class=\"obfx-grid-wrapper\"><article class=\"obfx-grid-col\"><div class=\"obfx-grid-col-image\" ><a href=\"https:\/\/cerca.io\/fr_fr\/convertir-leads-en-franchises\/\" title=\"Comment convertir davantage de leads en franchis\u00e9s engag\u00e9s ?\"><img decoding=\"async\" width=\"1746\" height=\"720\" src=\"https:\/\/cerca.io\/wp-content\/uploads\/2025\/10\/comment-trasnformer-un-lead-en-deal-Minia-blog.png\" class=\"img-responsive wp-post-image\" alt=\"comment trasnformer un lead en deal &#8211; Minia blog\" srcset=\"https:\/\/cerca.io\/wp-content\/uploads\/2025\/10\/comment-trasnformer-un-lead-en-deal-Minia-blog.png 1746w, https:\/\/cerca.io\/wp-content\/uploads\/2025\/10\/comment-trasnformer-un-lead-en-deal-Minia-blog-300x124.png 300w, https:\/\/cerca.io\/wp-content\/uploads\/2025\/10\/comment-trasnformer-un-lead-en-deal-Minia-blog-1024x422.png 1024w, https:\/\/cerca.io\/wp-content\/uploads\/2025\/10\/comment-trasnformer-un-lead-en-deal-Minia-blog-768x317.png 768w, https:\/\/cerca.io\/wp-content\/uploads\/2025\/10\/comment-trasnformer-un-lead-en-deal-Minia-blog-1536x633.png 1536w, https:\/\/cerca.io\/wp-content\/uploads\/2025\/10\/comment-trasnformer-un-lead-en-deal-Minia-blog-18x7.png 18w\" sizes=\"(max-width: 1746px) 100vw, 1746px\" \/><\/a><\/div><div class=\"obfx-grid-col-content\">\t\t\t<h2 class=\"entry-title obfx-grid-title\">\n\t\t\t\t\t\t\t<a href=\"https:\/\/cerca.io\/fr_fr\/convertir-leads-en-franchises\/\" title=\"Comment convertir davantage de leads en franchis\u00e9s engag\u00e9s ?\">\n\t\t\t\t\tComment convertir davantage de leads en franchis\u00e9s engag\u00e9s ?\t\t\t\t<\/a>\n\t\t\t\t\t\t\t<\/h2>\n\t\t\t<\/div><\/article><\/div><div class=\"obfx-grid-wrapper\"><article class=\"obfx-grid-col\"><div class=\"obfx-grid-col-image\" ><a href=\"https:\/\/cerca.io\/fr_fr\/piloter-son-activite-avec-des-reportings\/\" title=\"Comment piloter son activit\u00e9 gr\u00e2ce \u00e0 des reportings performants\"><img decoding=\"async\" width=\"1747\" height=\"720\" src=\"https:\/\/cerca.io\/wp-content\/uploads\/2019\/03\/Comment-piloter-son-activite-grace-a-des-reportings-performants-minia.png\" class=\"img-responsive wp-post-image\" alt=\"Comment piloter son activit\u00e9 gr\u00e2ce \u00e0 des reportings performants -minia\" srcset=\"https:\/\/cerca.io\/wp-content\/uploads\/2019\/03\/Comment-piloter-son-activite-grace-a-des-reportings-performants-minia.png 1747w, https:\/\/cerca.io\/wp-content\/uploads\/2019\/03\/Comment-piloter-son-activite-grace-a-des-reportings-performants-minia-300x124.png 300w, https:\/\/cerca.io\/wp-content\/uploads\/2019\/03\/Comment-piloter-son-activite-grace-a-des-reportings-performants-minia-1024x422.png 1024w, https:\/\/cerca.io\/wp-content\/uploads\/2019\/03\/Comment-piloter-son-activite-grace-a-des-reportings-performants-minia-768x317.png 768w\" sizes=\"(max-width: 1747px) 100vw, 1747px\" \/><\/a><\/div><div class=\"obfx-grid-col-content\">\t\t\t<h2 class=\"entry-title obfx-grid-title\">\n\t\t\t\t\t\t\t<a href=\"https:\/\/cerca.io\/fr_fr\/piloter-son-activite-avec-des-reportings\/\" title=\"Comment piloter son activit\u00e9 gr\u00e2ce \u00e0 des reportings performants\">\n\t\t\t\t\tComment piloter son activit\u00e9 gr\u00e2ce \u00e0 des reportings performants\t\t\t\t<\/a>\n\t\t\t\t\t\t\t<\/h2>\n\t\t\t<\/div><\/article><\/div><\/div><!-- .obfx-grid-container --><\/div><!-- .obfx-grid -->\t\t\t\t<\/div>\n\t\t\t\t<\/div>\n\t\t\t\t\t<\/div>\n\t\t<\/div>\n\t\t\t\t\t<\/div>\n\t\t<\/section>\n\t\t\t\t<\/div>",
        "protected": false
    },
    "excerpt": {
        "rendered": "<p>Un nouveau client pour Franchise on Cloud : UCAR qui d\u00e9veloppe le recrutement de ses candidats \u00e0 la franchise, avec un espace num\u00e9rique d\u00e9di\u00e9<\/p>",
        "protected": false
    },
    "author": 1,
    "featured_media": 21306,
    "comment_status": "closed",
    "ping_status": "closed",
    "sticky": false,
    "template": "",
    "format": "standard",
    "meta": {
        "content-type": "",
        "om_disable_all_campaigns": false,
        "_monsterinsights_skip_tracking": false,
        "_monsterinsights_sitenote_active": false,
        "_monsterinsights_sitenote_note": "",
        "_monsterinsights_sitenote_category": 0,
        "_uf_show_specific_survey": 0,
        "_uf_disable_surveys": false,
        "_themeisle_gutenberg_block_has_review": false,
        "footnotes": ""
    },
    "categories": [
        63,
        105
    ],
    "tags": [
        139
    ],
    "class_list": [
        "post-11408",
        "post",
        "type-post",
        "status-publish",
        "format-standard",
        "has-post-thumbnail",
        "hentry",
        "category-blog",
        "category-nouvelles-enseignes",
        "tag-fr"
    ],
    "aioseo_notices": [],
    "_links": {
        "self": [
            {
                "href": "https:\/\/cerca.io\/fr_fr\/wp-json\/wp\/v2\/posts\/11408",
                "targetHints": {
                    "allow": [
                        "GET"
                    ]
                }
            }
        ],
        "collection": [
            {
                "href": "https:\/\/cerca.io\/fr_fr\/wp-json\/wp\/v2\/posts"
            }
        ],
        "about": [
            {
                "href": "https:\/\/cerca.io\/fr_fr\/wp-json\/wp\/v2\/types\/post"
            }
        ],
        "author": [
            {
                "embeddable": true,
                "href": "https:\/\/cerca.io\/fr_fr\/wp-json\/wp\/v2\/users\/1"
            }
        ],
        "replies": [
            {
                "embeddable": true,
                "href": "https:\/\/cerca.io\/fr_fr\/wp-json\/wp\/v2\/comments?post=11408"
            }
        ],
        "version-history": [
            {
                "count": 17,
                "href": "https:\/\/cerca.io\/fr_fr\/wp-json\/wp\/v2\/posts\/11408\/revisions"
            }
        ],
        "predecessor-version": [
            {
                "id": 21315,
                "href": "https:\/\/cerca.io\/fr_fr\/wp-json\/wp\/v2\/posts\/11408\/revisions\/21315"
            }
        ],
        "wp:featuredmedia": [
            {
                "embeddable": true,
                "href": "https:\/\/cerca.io\/fr_fr\/wp-json\/wp\/v2\/media\/21306"
            }
        ],
        "wp:attachment": [
            {
                "href": "https:\/\/cerca.io\/fr_fr\/wp-json\/wp\/v2\/media?parent=11408"
            }
        ],
        "wp:term": [
            {
                "taxonomy": "category",
                "embeddable": true,
                "href": "https:\/\/cerca.io\/fr_fr\/wp-json\/wp\/v2\/categories?post=11408"
            },
            {
                "taxonomy": "post_tag",
                "embeddable": true,
                "href": "https:\/\/cerca.io\/fr_fr\/wp-json\/wp\/v2\/tags?post=11408"
            }
        ],
        "curies": [
            {
                "name": "wp",
                "href": "https:\/\/api.w.org\/{rel}",
                "templated": true
            }
        ]
    }
}