{
    "id": 11411,
    "date": "2019-09-23T15:36:26",
    "date_gmt": "2019-09-23T13:36:26",
    "guid": {
        "rendered": "http:\/\/test2.franchiseoncloud.fr\/?p=11411"
    },
    "modified": "2025-11-13T11:38:43",
    "modified_gmt": "2025-11-13T10:38:43",
    "slug": "franchise-on-cloud-sur-bfm-tv",
    "status": "publish",
    "type": "post",
    "link": "https:\/\/cerca.io\/fr_fr\/franchise-on-cloud-sur-bfm-tv\/",
    "title": {
        "rendered": "Cerca ex Franchise On Cloud sur BFM TV"
    },
    "content": {
        "rendered": "<div data-elementor-type=\"wp-post\" data-elementor-id=\"11411\" class=\"elementor elementor-11411\" data-elementor-post-type=\"post\">\n\t\t\t\t\t\t<section class=\"elementor-section elementor-top-section elementor-element elementor-element-28a5c88 elementor-section-boxed elementor-section-height-default elementor-section-height-default wpr-particle-no wpr-jarallax-no wpr-parallax-no wpr-sticky-section-no\" data-id=\"28a5c88\" data-element_type=\"section\" data-e-type=\"section\">\n\t\t\t\t\t\t<div class=\"elementor-container elementor-column-gap-default\">\n\t\t\t\t\t<div class=\"elementor-column elementor-col-100 elementor-top-column elementor-element elementor-element-ce3c142\" data-id=\"ce3c142\" data-element_type=\"column\" data-e-type=\"column\">\n\t\t\t<div class=\"elementor-widget-wrap elementor-element-populated\">\n\t\t\t\t\t\t<div class=\"elementor-element elementor-element-215c318 elementor-widget elementor-widget-image\" data-id=\"215c318\" data-element_type=\"widget\" data-e-type=\"widget\" data-widget_type=\"image.default\">\n\t\t\t\t<div class=\"elementor-widget-container\">\n\t\t\t\t\t\t\t\t\t\t\t\t\t\t\t<img fetchpriority=\"high\" decoding=\"async\" width=\"2049\" height=\"720\" src=\"https:\/\/cerca.io\/wp-content\/uploads\/2019\/09\/news-bfmtv-Visuel-article.png\" class=\"attachment-full size-full wp-image-21316\" alt=\"bfm tv cerca\" srcset=\"https:\/\/cerca.io\/wp-content\/uploads\/2019\/09\/news-bfmtv-Visuel-article.png 2049w, https:\/\/cerca.io\/wp-content\/uploads\/2019\/09\/news-bfmtv-Visuel-article-300x105.png 300w, https:\/\/cerca.io\/wp-content\/uploads\/2019\/09\/news-bfmtv-Visuel-article-1024x360.png 1024w, https:\/\/cerca.io\/wp-content\/uploads\/2019\/09\/news-bfmtv-Visuel-article-768x270.png 768w, https:\/\/cerca.io\/wp-content\/uploads\/2019\/09\/news-bfmtv-Visuel-article-1536x540.png 1536w, https:\/\/cerca.io\/wp-content\/uploads\/2019\/09\/news-bfmtv-Visuel-article-18x6.png 18w\" sizes=\"(max-width: 2049px) 100vw, 2049px\" \/>\t\t\t\t\t\t\t\t\t\t\t\t\t\t\t<\/div>\n\t\t\t\t<\/div>\n\t\t\t\t<div class=\"elementor-element elementor-element-0703dfd elementor-widget elementor-widget-heading\" data-id=\"0703dfd\" data-element_type=\"widget\" data-e-type=\"widget\" data-widget_type=\"heading.default\">\n\t\t\t\t<div class=\"elementor-widget-container\">\n\t\t\t\t\t<h2 class=\"elementor-heading-title elementor-size-default\">Cerca ex Franchise On Cloud sur BFM TV<\/h2>\t\t\t\t<\/div>\n\t\t\t\t<\/div>\n\t\t\t\t<div class=\"elementor-element elementor-element-84ad894 elementor-widget elementor-widget-text-editor\" data-id=\"84ad894\" data-element_type=\"widget\" data-e-type=\"widget\" data-widget_type=\"text-editor.default\">\n\t\t\t\t<div class=\"elementor-widget-container\">\n\t\t\t\t\t\t\t\t\t<div dir=\"auto\"><p>Cerca ex Franchise On Cloud \u00e9tait l\u2019invit\u00e9e de BFM TV le 10 septembre 2019 pour rappeler l\u2019importance de choisir les bons outils digitaux pour r\u00e9ussir en tant que Franchiseur.<\/p><p><strong>Un bref r\u00e9sum\u00e9 de l\u2019interview :<\/strong><\/p><p class=\"title-large padding-bottomx2 blocx3\">La France occupe actuellement la <strong>premi\u00e8re place europ\u00e9enne et la troisi\u00e8me mondiale dans le secteur de la franchise<\/strong>. Olivier Pires, pr\u00e9sident de l\u2019entreprise Cerca ex Franchise On Cloud, fait la lumi\u00e8re sur les solutions b\u00e9n\u00e9fiques au d\u00e9veloppement de ce secteur d\u2019activit\u00e9, tout en r\u00e9sumant leur ambition \u00e0 l\u2019international.<\/p><p>Il y a une dizaine d\u2019ann\u00e9es, le secteur de la franchise repr\u00e9sentait 1\u00a0000\u00a0enseignes. Actuellement, ce chiffre est pass\u00e9 \u00e0 2\u00a0000\u00a0pour <strong>60 \u00e0 140 milliards de chiffre d\u2019affaires<\/strong> selon la structure juridique. Ce d\u00e9veloppement est caract\u00e9ris\u00e9 par 70 000\u00a0points de vente qui assurent 700\u00a0000\u00a0\u00e0 1\u00a0000\u00a0000\u00a0d\u2019emplois.<\/p><p>Pour cette ann\u00e9e 2019, Cerca ex Franchise On Cloud prend en compte le grand enjeu de ce secteur pour l\u2019\u00e9laboration de ses solutions envers les franchiseurs : <strong>trouver les bons outils digitaux pour un d\u00e9veloppement rapide et \u00e0 moindre co\u00fbt<\/strong>. En d\u2019autres termes, les solutions propos\u00e9es visent \u00e0 <strong>aider les franchiseurs \u00e0 accompagner au mieux leurs franchis\u00e9s dans leur d\u00e9veloppement commun<\/strong>.<\/p><p>Comme toujours, derri\u00e8re la technologie il y a la place de <strong>l\u2019humain<\/strong> \u00e0 prendre en compte. Ce facteur garantit la r\u00e9ussite d\u2019un projet digital au sein des entreprises, comme c\u2019est le cas pour notre client\u00e8le.<\/p><\/div>\t\t\t\t\t\t\t\t<\/div>\n\t\t\t\t<\/div>\n\t\t\t\t<div class=\"elementor-element elementor-element-03fb097 elementor-widget elementor-widget-global elementor-global-20642 elementor-widget-image\" data-id=\"03fb097\" data-element_type=\"widget\" data-e-type=\"widget\" data-widget_type=\"image.default\">\n\t\t\t\t<div class=\"elementor-widget-container\">\n\t\t\t\t\t\t\t\t\t\t\t\t\t\t\t\t<a href=\"https:\/\/cerca.io\/fr_fr\/essai-gratuit-foc-2\/\" target=\"_blank\">\n\t\t\t\t\t\t\t<img decoding=\"async\" width=\"2049\" height=\"720\" src=\"https:\/\/cerca.io\/wp-content\/uploads\/2022\/06\/cta-article.png\" class=\"elementor-animation-bob attachment-full size-full wp-image-20041\" alt=\"franchiseur\" srcset=\"https:\/\/cerca.io\/wp-content\/uploads\/2022\/06\/cta-article.png 2049w, https:\/\/cerca.io\/wp-content\/uploads\/2022\/06\/cta-article-300x105.png 300w, https:\/\/cerca.io\/wp-content\/uploads\/2022\/06\/cta-article-1024x360.png 1024w, https:\/\/cerca.io\/wp-content\/uploads\/2022\/06\/cta-article-768x270.png 768w, https:\/\/cerca.io\/wp-content\/uploads\/2022\/06\/cta-article-1536x540.png 1536w\" sizes=\"(max-width: 2049px) 100vw, 2049px\" \/>\t\t\t\t\t\t\t\t<\/a>\n\t\t\t\t\t\t\t\t\t\t\t\t\t\t\t<\/div>\n\t\t\t\t<\/div>\n\t\t\t\t<div class=\"elementor-element elementor-element-9b4e9e3 elementor-widget elementor-widget-heading\" data-id=\"9b4e9e3\" data-element_type=\"widget\" data-e-type=\"widget\" data-widget_type=\"heading.default\">\n\t\t\t\t<div class=\"elementor-widget-container\">\n\t\t\t\t\t<h2 class=\"elementor-heading-title elementor-size-default\">Le logiciel Cerca ex Franchise On Cloud en pleine lumi\u00e8re sur BFM TV<\/h2>\t\t\t\t<\/div>\n\t\t\t\t<\/div>\n\t\t\t\t<div class=\"elementor-element elementor-element-55276ca elementor-widget elementor-widget-text-editor\" data-id=\"55276ca\" data-element_type=\"widget\" data-e-type=\"widget\" data-widget_type=\"text-editor.default\">\n\t\t\t\t<div class=\"elementor-widget-container\">\n\t\t\t\t\t\t\t\t\t<div dir=\"auto\"><p>La qualit\u00e9 des solutions de Cerca ex Franchise On Cloud en est le reflet, car notre entreprise est certifi\u00e9e <a href=\"https:\/\/cerca.io\/fr_fr\/iso-9001-certification-accompagnement\/\"><strong><span style=\"text-decoration: underline; color: #1284e0;\">ISO 9001<\/span><\/strong><\/a>. Elle mise sur l\u2019apport de logiciels correspondant aux besoins sp\u00e9cifiques ainsi que l\u2019accompagnement des dirigeants et de leurs \u00e9quipes dans la mise en place de leurs projets. La proximit\u00e9 est aussi privil\u00e9gi\u00e9e pour l\u2019utilisation ad\u00e9quate et op\u00e9rationnelle des solutions.<\/p><p>La r\u00e9ussite de Cerca ex Franchise on Cloud est \u00e9galement illustr\u00e9e par <strong>sa pr\u00e9sence dans plusieurs pays<\/strong>, tels que la Russie, l\u2019Espagne et derni\u00e8rement le Canada. D\u2019ailleurs, ce d\u00e9ploiement \u00e0 l\u2019international est toujours d\u2019actualit\u00e9, car ses clients, m\u00eame Fran\u00e7ais, sont pr\u00e9sents sur tous les continents. De ce fait, la principale ambition de Franchise On Cloud est de devenir le <span style=\"text-decoration: underline; color: #1284e0;\"><a style=\"color: #1284e0; text-decoration: underline;\" href=\"https:\/\/cerca.io\/fr_fr\/\">logiciel de gestion de franchise<\/a><\/span> de r\u00e9f\u00e9rence sur le march\u00e9 mondial.<\/p><\/div>\t\t\t\t\t\t\t\t<\/div>\n\t\t\t\t<\/div>\n\t\t\t\t<div class=\"elementor-element elementor-element-5bf4551 elementor-align-center elementor-widget elementor-widget-button\" data-id=\"5bf4551\" data-element_type=\"widget\" data-e-type=\"widget\" data-widget_type=\"button.default\">\n\t\t\t\t<div class=\"elementor-widget-container\">\n\t\t\t\t\t\t\t\t\t<div class=\"elementor-button-wrapper\">\n\t\t\t\t\t<a class=\"elementor-button elementor-button-link elementor-size-sm elementor-animation-bob\" href=\"https:\/\/cerca.io\/fr_fr\/essai-gratuit-foc-2\/\">\n\t\t\t\t\t\t<span class=\"elementor-button-content-wrapper\">\n\t\t\t\t\t\t\t\t\t<span class=\"elementor-button-text\">Scalez votre franchise avec Cerca \u2728<\/span>\n\t\t\t\t\t<\/span>\n\t\t\t\t\t<\/a>\n\t\t\t\t<\/div>\n\t\t\t\t\t\t\t\t<\/div>\n\t\t\t\t<\/div>\n\t\t\t\t\t<\/div>\n\t\t<\/div>\n\t\t\t\t\t<\/div>\n\t\t<\/section>\n\t\t\t\t<section class=\"elementor-section elementor-top-section elementor-element elementor-element-f1a818d elementor-section-boxed elementor-section-height-default elementor-section-height-default wpr-particle-no wpr-jarallax-no wpr-parallax-no wpr-sticky-section-no\" data-id=\"f1a818d\" data-element_type=\"section\" data-e-type=\"section\">\n\t\t\t\t\t\t<div class=\"elementor-container elementor-column-gap-default\">\n\t\t\t\t\t<div class=\"elementor-column elementor-col-100 elementor-top-column elementor-element elementor-element-12472ab\" data-id=\"12472ab\" data-element_type=\"column\" data-e-type=\"column\">\n\t\t\t<div class=\"elementor-widget-wrap elementor-element-populated\">\n\t\t\t\t\t\t<div class=\"elementor-element elementor-element-bbe790b elementor-widget elementor-widget-heading\" data-id=\"bbe790b\" data-element_type=\"widget\" data-e-type=\"widget\" data-widget_type=\"heading.default\">\n\t\t\t\t<div class=\"elementor-widget-container\">\n\t\t\t\t\t<h2 class=\"elementor-heading-title elementor-size-default\">Ces articles peuvent vous int\u00e9resser : <\/h2>\t\t\t\t<\/div>\n\t\t\t\t<\/div>\n\t\t\t\t<div class=\"elementor-element elementor-element-aaae7c0 elementor-widget elementor-widget-global elementor-global-18806 elementor-widget-obfx-posts-grid\" data-id=\"aaae7c0\" data-element_type=\"widget\" data-e-type=\"widget\" data-widget_type=\"obfx-posts-grid.default\">\n\t\t\t\t<div class=\"elementor-widget-container\">\n\t\t\t\t\t<div class=\"obfx-grid\"><div class=\"obfx-grid-container obfx-grid-mobile-1 obfx-grid-desktop-2\"><div class=\"obfx-grid-wrapper\"><article class=\"obfx-grid-col\"><div class=\"obfx-grid-col-image\" ><a href=\"https:\/\/cerca.io\/fr_fr\/marketing-digital-local-7-conseils-franchise\/\" title=\"Marketing Digital Local : 7 conseils pour performer en tant que franchise\"><img decoding=\"async\" width=\"1747\" height=\"720\" src=\"https:\/\/cerca.io\/wp-content\/uploads\/2022\/05\/Minia.png\" class=\"img-responsive wp-post-image\" alt=\"Marketing digital local\" srcset=\"https:\/\/cerca.io\/wp-content\/uploads\/2022\/05\/Minia.png 1747w, https:\/\/cerca.io\/wp-content\/uploads\/2022\/05\/Minia-300x124.png 300w, https:\/\/cerca.io\/wp-content\/uploads\/2022\/05\/Minia-1024x422.png 1024w, https:\/\/cerca.io\/wp-content\/uploads\/2022\/05\/Minia-768x317.png 768w, https:\/\/cerca.io\/wp-content\/uploads\/2022\/05\/Minia-1536x633.png 1536w, https:\/\/cerca.io\/wp-content\/uploads\/2022\/05\/Minia-18x7.png 18w\" sizes=\"(max-width: 1747px) 100vw, 1747px\" \/><\/a><\/div><div class=\"obfx-grid-col-content\">\t\t\t<h2 class=\"entry-title obfx-grid-title\">\n\t\t\t\t\t\t\t<a href=\"https:\/\/cerca.io\/fr_fr\/marketing-digital-local-7-conseils-franchise\/\" title=\"Marketing Digital Local : 7 conseils pour performer en tant que franchise\">\n\t\t\t\t\tMarketing Digital Local : 7 conseils pour performer en tant que franchise\t\t\t\t<\/a>\n\t\t\t\t\t\t\t<\/h2>\n\t\t\t<\/div><\/article><\/div><div class=\"obfx-grid-wrapper\"><article class=\"obfx-grid-col\"><div class=\"obfx-grid-col-image\" ><a href=\"https:\/\/cerca.io\/fr_fr\/pilotage-reseau-d-un-franchise-garantir-l-homogeneite\/\" title=\"Pilotage r\u00e9seau d&rsquo;une franchise : comment garantir l&rsquo;homog\u00e9n\u00e9it\u00e9 ?\"><img loading=\"lazy\" decoding=\"async\" width=\"1746\" height=\"720\" src=\"https:\/\/cerca.io\/wp-content\/uploads\/2026\/03\/Comment-un-franchiseur-pilote-vraiment-son-reseau-Minia-blog.png\" class=\"img-responsive wp-post-image\" alt=\"Comment un franchiseur pilote vraiment son r\u00e9seau\" srcset=\"https:\/\/cerca.io\/wp-content\/uploads\/2026\/03\/Comment-un-franchiseur-pilote-vraiment-son-reseau-Minia-blog.png 1746w, https:\/\/cerca.io\/wp-content\/uploads\/2026\/03\/Comment-un-franchiseur-pilote-vraiment-son-reseau-Minia-blog-300x124.png 300w, https:\/\/cerca.io\/wp-content\/uploads\/2026\/03\/Comment-un-franchiseur-pilote-vraiment-son-reseau-Minia-blog-1024x422.png 1024w, https:\/\/cerca.io\/wp-content\/uploads\/2026\/03\/Comment-un-franchiseur-pilote-vraiment-son-reseau-Minia-blog-768x317.png 768w, https:\/\/cerca.io\/wp-content\/uploads\/2026\/03\/Comment-un-franchiseur-pilote-vraiment-son-reseau-Minia-blog-1536x633.png 1536w, https:\/\/cerca.io\/wp-content\/uploads\/2026\/03\/Comment-un-franchiseur-pilote-vraiment-son-reseau-Minia-blog-18x7.png 18w\" sizes=\"(max-width: 1746px) 100vw, 1746px\" \/><\/a><\/div><div class=\"obfx-grid-col-content\">\t\t\t<h2 class=\"entry-title obfx-grid-title\">\n\t\t\t\t\t\t\t<a href=\"https:\/\/cerca.io\/fr_fr\/pilotage-reseau-d-un-franchise-garantir-l-homogeneite\/\" title=\"Pilotage r\u00e9seau d&rsquo;une franchise : comment garantir l&rsquo;homog\u00e9n\u00e9it\u00e9 ?\">\n\t\t\t\t\tPilotage r\u00e9seau d&rsquo;une franchise : comment garantir l&rsquo;homog\u00e9n\u00e9it\u00e9 ?\t\t\t\t<\/a>\n\t\t\t\t\t\t\t<\/h2>\n\t\t\t<\/div><\/article><\/div><\/div><!-- .obfx-grid-container --><\/div><!-- .obfx-grid -->\t\t\t\t<\/div>\n\t\t\t\t<\/div>\n\t\t\t\t\t<\/div>\n\t\t<\/div>\n\t\t\t\t\t<\/div>\n\t\t<\/section>\n\t\t\t\t<\/div>",
        "protected": false
    },
    "excerpt": {
        "rendered": "<p>Ce 10\/09\/19, nous retrouvions Olivier, dirigeant de Franchise on Cloud sur BFM TV, pour \u00e9voquer le choix crucial pour une franchise en termes d&rsquo;outils digitaux<\/p>",
        "protected": false
    },
    "author": 1,
    "featured_media": 21317,
    "comment_status": "closed",
    "ping_status": "closed",
    "sticky": false,
    "template": "",
    "format": "standard",
    "meta": {
        "content-type": "",
        "om_disable_all_campaigns": false,
        "_monsterinsights_skip_tracking": false,
        "_monsterinsights_sitenote_active": false,
        "_monsterinsights_sitenote_note": "",
        "_monsterinsights_sitenote_category": 0,
        "_uf_show_specific_survey": 0,
        "_uf_disable_surveys": false,
        "_themeisle_gutenberg_block_has_review": false,
        "footnotes": ""
    },
    "categories": [
        63,
        101
    ],
    "tags": [
        139
    ],
    "class_list": [
        "post-11411",
        "post",
        "type-post",
        "status-publish",
        "format-standard",
        "has-post-thumbnail",
        "hentry",
        "category-blog",
        "category-actualites",
        "tag-fr"
    ],
    "aioseo_notices": [],
    "_links": {
        "self": [
            {
                "href": "https:\/\/cerca.io\/fr_fr\/wp-json\/wp\/v2\/posts\/11411",
                "targetHints": {
                    "allow": [
                        "GET"
                    ]
                }
            }
        ],
        "collection": [
            {
                "href": "https:\/\/cerca.io\/fr_fr\/wp-json\/wp\/v2\/posts"
            }
        ],
        "about": [
            {
                "href": "https:\/\/cerca.io\/fr_fr\/wp-json\/wp\/v2\/types\/post"
            }
        ],
        "author": [
            {
                "embeddable": true,
                "href": "https:\/\/cerca.io\/fr_fr\/wp-json\/wp\/v2\/users\/1"
            }
        ],
        "replies": [
            {
                "embeddable": true,
                "href": "https:\/\/cerca.io\/fr_fr\/wp-json\/wp\/v2\/comments?post=11411"
            }
        ],
        "version-history": [
            {
                "count": 32,
                "href": "https:\/\/cerca.io\/fr_fr\/wp-json\/wp\/v2\/posts\/11411\/revisions"
            }
        ],
        "predecessor-version": [
            {
                "id": 21728,
                "href": "https:\/\/cerca.io\/fr_fr\/wp-json\/wp\/v2\/posts\/11411\/revisions\/21728"
            }
        ],
        "wp:featuredmedia": [
            {
                "embeddable": true,
                "href": "https:\/\/cerca.io\/fr_fr\/wp-json\/wp\/v2\/media\/21317"
            }
        ],
        "wp:attachment": [
            {
                "href": "https:\/\/cerca.io\/fr_fr\/wp-json\/wp\/v2\/media?parent=11411"
            }
        ],
        "wp:term": [
            {
                "taxonomy": "category",
                "embeddable": true,
                "href": "https:\/\/cerca.io\/fr_fr\/wp-json\/wp\/v2\/categories?post=11411"
            },
            {
                "taxonomy": "post_tag",
                "embeddable": true,
                "href": "https:\/\/cerca.io\/fr_fr\/wp-json\/wp\/v2\/tags?post=11411"
            }
        ],
        "curies": [
            {
                "name": "wp",
                "href": "https:\/\/api.w.org\/{rel}",
                "templated": true
            }
        ]
    }
}