{
    "id": 11419,
    "date": "2019-04-15T15:50:54",
    "date_gmt": "2019-04-15T13:50:54",
    "guid": {
        "rendered": "http:\/\/test2.franchiseoncloud.fr\/?p=11419"
    },
    "modified": "2025-11-13T11:39:14",
    "modified_gmt": "2025-11-13T10:39:14",
    "slug": "otacos-palme-de-la-croissance-en-2019",
    "status": "publish",
    "type": "post",
    "link": "https:\/\/cerca.io\/fr_fr\/otacos-palme-de-la-croissance-en-2019\/",
    "title": {
        "rendered": "O\u2019 Tacos, utilisateur de Cerca ex Franchise On Cloud depuis 4 ans et palme de la croissance 2019."
    },
    "content": {
        "rendered": "<div data-elementor-type=\"wp-post\" data-elementor-id=\"11419\" class=\"elementor elementor-11419\" data-elementor-post-type=\"post\">\n\t\t\t\t\t\t<section class=\"elementor-section elementor-top-section elementor-element elementor-element-5fd2333d elementor-section-boxed elementor-section-height-default elementor-section-height-default wpr-particle-no wpr-jarallax-no wpr-parallax-no wpr-sticky-section-no\" data-id=\"5fd2333d\" data-element_type=\"section\" data-e-type=\"section\">\n\t\t\t\t\t\t<div class=\"elementor-container elementor-column-gap-default\">\n\t\t\t\t\t<div class=\"elementor-column elementor-col-100 elementor-top-column elementor-element elementor-element-1a9960fc\" data-id=\"1a9960fc\" data-element_type=\"column\" data-e-type=\"column\">\n\t\t\t<div class=\"elementor-widget-wrap elementor-element-populated\">\n\t\t\t\t\t\t<div class=\"elementor-element elementor-element-e27b4ad elementor-widget elementor-widget-image\" data-id=\"e27b4ad\" data-element_type=\"widget\" data-e-type=\"widget\" data-widget_type=\"image.default\">\n\t\t\t\t<div class=\"elementor-widget-container\">\n\t\t\t\t\t\t\t\t\t\t\t\t\t\t\t<img fetchpriority=\"high\" decoding=\"async\" width=\"2049\" height=\"720\" src=\"https:\/\/cerca.io\/wp-content\/uploads\/2019\/04\/otacos-palme-croissance-2019-Visuel-article.png\" class=\"attachment-full size-full wp-image-21729\" alt=\"otacos palme de la croissance cerca\" srcset=\"https:\/\/cerca.io\/wp-content\/uploads\/2019\/04\/otacos-palme-croissance-2019-Visuel-article.png 2049w, https:\/\/cerca.io\/wp-content\/uploads\/2019\/04\/otacos-palme-croissance-2019-Visuel-article-300x105.png 300w, https:\/\/cerca.io\/wp-content\/uploads\/2019\/04\/otacos-palme-croissance-2019-Visuel-article-1024x360.png 1024w, https:\/\/cerca.io\/wp-content\/uploads\/2019\/04\/otacos-palme-croissance-2019-Visuel-article-768x270.png 768w, https:\/\/cerca.io\/wp-content\/uploads\/2019\/04\/otacos-palme-croissance-2019-Visuel-article-1536x540.png 1536w, https:\/\/cerca.io\/wp-content\/uploads\/2019\/04\/otacos-palme-croissance-2019-Visuel-article-18x6.png 18w\" sizes=\"(max-width: 2049px) 100vw, 2049px\" \/>\t\t\t\t\t\t\t\t\t\t\t\t\t\t\t<\/div>\n\t\t\t\t<\/div>\n\t\t\t\t<div class=\"elementor-element elementor-element-5d77d55 elementor-widget elementor-widget-heading\" data-id=\"5d77d55\" data-element_type=\"widget\" data-e-type=\"widget\" data-widget_type=\"heading.default\">\n\t\t\t\t<div class=\"elementor-widget-container\">\n\t\t\t\t\t<h2 class=\"elementor-heading-title elementor-size-default\">O\u2019 Tacos, utilisateur de Cerca ex Franchise On Cloud depuis 4 ans et palme de la croissance 2019.<\/h2>\t\t\t\t<\/div>\n\t\t\t\t<\/div>\n\t\t\t\t<div class=\"elementor-element elementor-element-3b0f73a elementor-widget elementor-widget-text-editor\" data-id=\"3b0f73a\" data-element_type=\"widget\" data-e-type=\"widget\" data-widget_type=\"text-editor.default\">\n\t\t\t\t<div class=\"elementor-widget-container\">\n\t\t\t\t\t\t\t\t\t<div dir=\"auto\"><p>Les membres du jury ont d\u00e9cern\u00e9 cette ann\u00e9e, la <strong>palme de la croissance<\/strong> au r\u00e9seau\u00a0<a title=\"En savoir plus sur la franchise O&#039;Tacos\" href=\"https:\/\/o-tacos.com\/fr\/franchises\" target=\"_blank\" rel=\"noopener noreferrer nofollow\">O\u2019Tacos<\/a> qui, avec <strong>225 restaurants<\/strong> fait figure d\u2019ovni dans la galaxie de la restauration.<\/p><p>Pour Silman Traor\u00e9, l\u2019un des cofondateur de la cha\u00eene, <span style=\"font-size: inherit;\">\u00ab <\/span><em style=\"font-size: inherit;\">C\u2019est une grande fiert\u00e9 d\u2019avoir \u00e9t\u00e9 r\u00e9compens\u00e9 par ses pairs et ces palmes r\u00e9compensent un vrai parcours. On est parvenu \u00e0 <strong>mettre en parall\u00e8le une croissance digitale et une croissance physique<\/strong><\/em><span style=\"font-size: inherit;\"> \u00bb.<\/span><\/p><\/div>\t\t\t\t\t\t\t\t<\/div>\n\t\t\t\t<\/div>\n\t\t\t\t<div class=\"elementor-element elementor-element-7bf4e14 elementor-widget elementor-widget-image\" data-id=\"7bf4e14\" data-element_type=\"widget\" data-e-type=\"widget\" data-widget_type=\"image.default\">\n\t\t\t\t<div class=\"elementor-widget-container\">\n\t\t\t\t\t\t\t\t\t\t\t\t\t\t\t<img decoding=\"async\" width=\"2049\" height=\"720\" src=\"https:\/\/cerca.io\/wp-content\/uploads\/2019\/04\/otacos-palme-croissance-2019-Visuel-article-2.png\" class=\"attachment-full size-full wp-image-21730\" alt=\"\" srcset=\"https:\/\/cerca.io\/wp-content\/uploads\/2019\/04\/otacos-palme-croissance-2019-Visuel-article-2.png 2049w, https:\/\/cerca.io\/wp-content\/uploads\/2019\/04\/otacos-palme-croissance-2019-Visuel-article-2-300x105.png 300w, https:\/\/cerca.io\/wp-content\/uploads\/2019\/04\/otacos-palme-croissance-2019-Visuel-article-2-1024x360.png 1024w, https:\/\/cerca.io\/wp-content\/uploads\/2019\/04\/otacos-palme-croissance-2019-Visuel-article-2-768x270.png 768w, https:\/\/cerca.io\/wp-content\/uploads\/2019\/04\/otacos-palme-croissance-2019-Visuel-article-2-1536x540.png 1536w, https:\/\/cerca.io\/wp-content\/uploads\/2019\/04\/otacos-palme-croissance-2019-Visuel-article-2-18x6.png 18w\" sizes=\"(max-width: 2049px) 100vw, 2049px\" \/>\t\t\t\t\t\t\t\t\t\t\t\t\t\t\t<\/div>\n\t\t\t\t<\/div>\n\t\t\t\t<div class=\"elementor-element elementor-element-07c96fd elementor-widget elementor-widget-text-editor\" data-id=\"07c96fd\" data-element_type=\"widget\" data-e-type=\"widget\" data-widget_type=\"text-editor.default\">\n\t\t\t\t<div class=\"elementor-widget-container\">\n\t\t\t\t\t\t\t\t\t<div dir=\"auto\"><blockquote><p><strong>Pour O\u2019Tacos, <em style=\"font-size: inherit;\">\u00ab Cerca ex Franchise On Cloud est l&rsquo;outil indispensable et sans \u00e9quivalent pour se d\u00e9velopper \u00bb<\/em><span style=\"font-size: inherit;\">.\u00a0<\/span><\/strong><\/p><p><strong><em style=\"font-size: inherit;\">\u00ab La plateforme Cerca ex Franchise On Cloud nous a permis de <span style=\"text-decoration: underline; color: #1284e0;\"><a style=\"color: #1284e0; text-decoration: underline;\" title=\"D\u00e9couvrir cette fonctionnalit\u00e9\" href=\"https:\/\/cerca.io\/fr_fr\/seduisez-et-recrutez-vos-candidats\/\" target=\"_blank\" rel=\"noopener\">professionnaliser notre process de recrutement<\/a><\/span> et de <a title=\"D\u00e9couvrez comment g\u00e9rer votre r\u00e9seau de franchise\" href=\"https:\/\/cerca.io\/fr_fr\/suivi-animation\/\" target=\"_blank\" rel=\"noopener\"><span style=\"text-decoration: underline; color: #1284e0;\">mieux coordonner les diff\u00e9rentes \u00e9quipes qui interviennent dans l\u2019ouverture d\u2019un restaurant<\/span><\/a><\/em><span style=\"font-size: inherit;\"> \u00a0\u00bb <\/span><\/strong><\/p><\/blockquote><p>D\u00e9clare Iheb JEBALI, Directeur D\u00e9veloppement de O\u2019 Tacos Corporation.<\/p><\/div>\t\t\t\t\t\t\t\t<\/div>\n\t\t\t\t<\/div>\n\t\t\t\t\t<\/div>\n\t\t<\/div>\n\t\t\t\t\t<\/div>\n\t\t<\/section>\n\t\t\t\t<section class=\"elementor-section elementor-top-section elementor-element elementor-element-817678d elementor-section-boxed elementor-section-height-default elementor-section-height-default wpr-particle-no wpr-jarallax-no wpr-parallax-no wpr-sticky-section-no\" data-id=\"817678d\" data-element_type=\"section\" data-e-type=\"section\">\n\t\t\t\t\t\t<div class=\"elementor-container elementor-column-gap-default\">\n\t\t\t\t\t<div class=\"elementor-column elementor-col-100 elementor-top-column elementor-element elementor-element-b807682\" data-id=\"b807682\" data-element_type=\"column\" data-e-type=\"column\">\n\t\t\t<div class=\"elementor-widget-wrap elementor-element-populated\">\n\t\t\t\t\t\t<div class=\"elementor-element elementor-element-6e34d6a elementor-widget elementor-widget-heading\" data-id=\"6e34d6a\" data-element_type=\"widget\" data-e-type=\"widget\" data-widget_type=\"heading.default\">\n\t\t\t\t<div class=\"elementor-widget-container\">\n\t\t\t\t\t<h2 class=\"elementor-heading-title elementor-size-default\">Ces articles peuvent vous int\u00e9resser : <\/h2>\t\t\t\t<\/div>\n\t\t\t\t<\/div>\n\t\t\t\t<div class=\"elementor-element elementor-element-910cd88 elementor-widget elementor-widget-global elementor-global-18806 elementor-widget-obfx-posts-grid\" data-id=\"910cd88\" data-element_type=\"widget\" data-e-type=\"widget\" data-widget_type=\"obfx-posts-grid.default\">\n\t\t\t\t<div class=\"elementor-widget-container\">\n\t\t\t\t\t<div class=\"obfx-grid\"><div class=\"obfx-grid-container obfx-grid-mobile-1 obfx-grid-desktop-2\"><div class=\"obfx-grid-wrapper\"><article class=\"obfx-grid-col\"><div class=\"obfx-grid-col-image\" ><a href=\"https:\/\/cerca.io\/fr_fr\/franchise-on-cloud-logiciel-certifie-iso-9001\/\" title=\"Cerca ex Franchise On Cloud, seul logiciel Franchise certifi\u00e9 ISO 9001\"><img decoding=\"async\" width=\"1747\" height=\"720\" src=\"https:\/\/cerca.io\/wp-content\/uploads\/2018\/05\/iso-9001-minia.png\" class=\"img-responsive wp-post-image\" alt=\"iso-9001-minia\" srcset=\"https:\/\/cerca.io\/wp-content\/uploads\/2018\/05\/iso-9001-minia.png 1747w, https:\/\/cerca.io\/wp-content\/uploads\/2018\/05\/iso-9001-minia-300x124.png 300w, https:\/\/cerca.io\/wp-content\/uploads\/2018\/05\/iso-9001-minia-1024x422.png 1024w, https:\/\/cerca.io\/wp-content\/uploads\/2018\/05\/iso-9001-minia-768x317.png 768w, https:\/\/cerca.io\/wp-content\/uploads\/2018\/05\/iso-9001-minia-1536x633.png 1536w, https:\/\/cerca.io\/wp-content\/uploads\/2018\/05\/iso-9001-minia-18x7.png 18w\" sizes=\"(max-width: 1747px) 100vw, 1747px\" \/><\/a><\/div><div class=\"obfx-grid-col-content\">\t\t\t<h2 class=\"entry-title obfx-grid-title\">\n\t\t\t\t\t\t\t<a href=\"https:\/\/cerca.io\/fr_fr\/franchise-on-cloud-logiciel-certifie-iso-9001\/\" title=\"Cerca ex Franchise On Cloud, seul logiciel Franchise certifi\u00e9 ISO 9001\">\n\t\t\t\t\tCerca ex Franchise On Cloud, seul logiciel Franchise certifi\u00e9 ISO 9001\t\t\t\t<\/a>\n\t\t\t\t\t\t\t<\/h2>\n\t\t\t<\/div><\/article><\/div><div class=\"obfx-grid-wrapper\"><article class=\"obfx-grid-col\"><div class=\"obfx-grid-col-image\" ><a href=\"https:\/\/cerca.io\/fr_fr\/exemple-de-dashboard-reseau\/\" title=\"Exemple de dashboard r\u00e9seau : quand piloter devient enfin lisible.\"><img loading=\"lazy\" decoding=\"async\" width=\"1746\" height=\"720\" src=\"https:\/\/cerca.io\/wp-content\/uploads\/2026\/03\/Exemple-de-dashboard-reseau-Minia-blog.png\" class=\"img-responsive wp-post-image\" alt=\"Exemple de dashboard r\u00e9seau\" srcset=\"https:\/\/cerca.io\/wp-content\/uploads\/2026\/03\/Exemple-de-dashboard-reseau-Minia-blog.png 1746w, https:\/\/cerca.io\/wp-content\/uploads\/2026\/03\/Exemple-de-dashboard-reseau-Minia-blog-300x124.png 300w, https:\/\/cerca.io\/wp-content\/uploads\/2026\/03\/Exemple-de-dashboard-reseau-Minia-blog-1024x422.png 1024w, https:\/\/cerca.io\/wp-content\/uploads\/2026\/03\/Exemple-de-dashboard-reseau-Minia-blog-768x317.png 768w, https:\/\/cerca.io\/wp-content\/uploads\/2026\/03\/Exemple-de-dashboard-reseau-Minia-blog-1536x633.png 1536w, https:\/\/cerca.io\/wp-content\/uploads\/2026\/03\/Exemple-de-dashboard-reseau-Minia-blog-18x7.png 18w\" sizes=\"(max-width: 1746px) 100vw, 1746px\" \/><\/a><\/div><div class=\"obfx-grid-col-content\">\t\t\t<h2 class=\"entry-title obfx-grid-title\">\n\t\t\t\t\t\t\t<a href=\"https:\/\/cerca.io\/fr_fr\/exemple-de-dashboard-reseau\/\" title=\"Exemple de dashboard r\u00e9seau : quand piloter devient enfin lisible.\">\n\t\t\t\t\tExemple de dashboard r\u00e9seau : quand piloter devient enfin lisible.\t\t\t\t<\/a>\n\t\t\t\t\t\t\t<\/h2>\n\t\t\t<\/div><\/article><\/div><\/div><!-- .obfx-grid-container --><\/div><!-- .obfx-grid -->\t\t\t\t<\/div>\n\t\t\t\t<\/div>\n\t\t\t\t\t<\/div>\n\t\t<\/div>\n\t\t\t\t\t<\/div>\n\t\t<\/section>\n\t\t\t\t<\/div>",
        "protected": false
    },
    "excerpt": {
        "rendered": "<p>O&rsquo;tacos nous parle de la palme de croissance et de son utilisation de la plateforme<\/p>",
        "protected": false
    },
    "author": 1,
    "featured_media": 21726,
    "comment_status": "closed",
    "ping_status": "closed",
    "sticky": false,
    "template": "",
    "format": "standard",
    "meta": {
        "content-type": "",
        "om_disable_all_campaigns": false,
        "_monsterinsights_skip_tracking": false,
        "_monsterinsights_sitenote_active": false,
        "_monsterinsights_sitenote_note": "",
        "_monsterinsights_sitenote_category": 0,
        "_uf_show_specific_survey": 0,
        "_uf_disable_surveys": false,
        "_themeisle_gutenberg_block_has_review": false,
        "footnotes": ""
    },
    "categories": [
        101
    ],
    "tags": [
        140,
        141,
        139
    ],
    "class_list": [
        "post-11419",
        "post",
        "type-post",
        "status-publish",
        "format-standard",
        "has-post-thumbnail",
        "hentry",
        "category-actualites",
        "tag-en",
        "tag-es",
        "tag-fr"
    ],
    "aioseo_notices": [],
    "_links": {
        "self": [
            {
                "href": "https:\/\/cerca.io\/fr_fr\/wp-json\/wp\/v2\/posts\/11419",
                "targetHints": {
                    "allow": [
                        "GET"
                    ]
                }
            }
        ],
        "collection": [
            {
                "href": "https:\/\/cerca.io\/fr_fr\/wp-json\/wp\/v2\/posts"
            }
        ],
        "about": [
            {
                "href": "https:\/\/cerca.io\/fr_fr\/wp-json\/wp\/v2\/types\/post"
            }
        ],
        "author": [
            {
                "embeddable": true,
                "href": "https:\/\/cerca.io\/fr_fr\/wp-json\/wp\/v2\/users\/1"
            }
        ],
        "replies": [
            {
                "embeddable": true,
                "href": "https:\/\/cerca.io\/fr_fr\/wp-json\/wp\/v2\/comments?post=11419"
            }
        ],
        "version-history": [
            {
                "count": 19,
                "href": "https:\/\/cerca.io\/fr_fr\/wp-json\/wp\/v2\/posts\/11419\/revisions"
            }
        ],
        "predecessor-version": [
            {
                "id": 21733,
                "href": "https:\/\/cerca.io\/fr_fr\/wp-json\/wp\/v2\/posts\/11419\/revisions\/21733"
            }
        ],
        "wp:featuredmedia": [
            {
                "embeddable": true,
                "href": "https:\/\/cerca.io\/fr_fr\/wp-json\/wp\/v2\/media\/21726"
            }
        ],
        "wp:attachment": [
            {
                "href": "https:\/\/cerca.io\/fr_fr\/wp-json\/wp\/v2\/media?parent=11419"
            }
        ],
        "wp:term": [
            {
                "taxonomy": "category",
                "embeddable": true,
                "href": "https:\/\/cerca.io\/fr_fr\/wp-json\/wp\/v2\/categories?post=11419"
            },
            {
                "taxonomy": "post_tag",
                "embeddable": true,
                "href": "https:\/\/cerca.io\/fr_fr\/wp-json\/wp\/v2\/tags?post=11419"
            }
        ],
        "curies": [
            {
                "name": "wp",
                "href": "https:\/\/api.w.org\/{rel}",
                "templated": true
            }
        ]
    }
}