{
    "id": 11443,
    "date": "2019-01-05T16:13:34",
    "date_gmt": "2019-01-05T15:13:34",
    "guid": {
        "rendered": "http:\/\/test2.franchiseoncloud.fr\/?p=11443"
    },
    "modified": "2025-11-13T11:40:37",
    "modified_gmt": "2025-11-13T10:40:37",
    "slug": "tulip-residence-du-groupe-louvre-hotels",
    "status": "publish",
    "type": "post",
    "link": "https:\/\/cerca.io\/fr_fr\/tulip-residence-du-groupe-louvre-hotels\/",
    "title": {
        "rendered": "TULIP r\u00e9sidence, petite derni\u00e8re du groupe Louvre Hotels adopte Cerca ex Franchise On Cloud"
    },
    "content": {
        "rendered": "<div data-elementor-type=\"wp-post\" data-elementor-id=\"11443\" class=\"elementor elementor-11443\" data-elementor-post-type=\"post\">\n\t\t\t\t\t\t<section class=\"elementor-section elementor-top-section elementor-element elementor-element-fe6dd3e elementor-section-boxed elementor-section-height-default elementor-section-height-default wpr-particle-no wpr-jarallax-no wpr-parallax-no wpr-sticky-section-no\" data-id=\"fe6dd3e\" data-element_type=\"section\" data-e-type=\"section\">\n\t\t\t\t\t\t<div class=\"elementor-container elementor-column-gap-default\">\n\t\t\t\t\t<div class=\"elementor-column elementor-col-100 elementor-top-column elementor-element elementor-element-7621549a\" data-id=\"7621549a\" data-element_type=\"column\" data-e-type=\"column\">\n\t\t\t<div class=\"elementor-widget-wrap elementor-element-populated\">\n\t\t\t\t\t\t<div class=\"elementor-element elementor-element-9454a6a elementor-widget elementor-widget-image\" data-id=\"9454a6a\" data-element_type=\"widget\" data-e-type=\"widget\" data-widget_type=\"image.default\">\n\t\t\t\t<div class=\"elementor-widget-container\">\n\t\t\t\t\t\t\t\t\t\t\t\t\t\t\t<img fetchpriority=\"high\" decoding=\"async\" width=\"2049\" height=\"720\" src=\"https:\/\/cerca.io\/wp-content\/uploads\/2019\/01\/new-client-tulip-residences-Visuel-article.png\" class=\"attachment-full size-full wp-image-21784\" alt=\"tulip residences cerca\" srcset=\"https:\/\/cerca.io\/wp-content\/uploads\/2019\/01\/new-client-tulip-residences-Visuel-article.png 2049w, https:\/\/cerca.io\/wp-content\/uploads\/2019\/01\/new-client-tulip-residences-Visuel-article-300x105.png 300w, https:\/\/cerca.io\/wp-content\/uploads\/2019\/01\/new-client-tulip-residences-Visuel-article-1024x360.png 1024w, https:\/\/cerca.io\/wp-content\/uploads\/2019\/01\/new-client-tulip-residences-Visuel-article-768x270.png 768w, https:\/\/cerca.io\/wp-content\/uploads\/2019\/01\/new-client-tulip-residences-Visuel-article-1536x540.png 1536w, https:\/\/cerca.io\/wp-content\/uploads\/2019\/01\/new-client-tulip-residences-Visuel-article-18x6.png 18w\" sizes=\"(max-width: 2049px) 100vw, 2049px\" \/>\t\t\t\t\t\t\t\t\t\t\t\t\t\t\t<\/div>\n\t\t\t\t<\/div>\n\t\t\t\t<div class=\"elementor-element elementor-element-a7b666e elementor-widget elementor-widget-heading\" data-id=\"a7b666e\" data-element_type=\"widget\" data-e-type=\"widget\" data-widget_type=\"heading.default\">\n\t\t\t\t<div class=\"elementor-widget-container\">\n\t\t\t\t\t<h2 class=\"elementor-heading-title elementor-size-default\">TULIP r\u00e9sidence adopte Cerca ex Franchise On Cloud<\/h2>\t\t\t\t<\/div>\n\t\t\t\t<\/div>\n\t\t\t\t<div class=\"elementor-element elementor-element-55af237 elementor-widget elementor-widget-text-editor\" data-id=\"55af237\" data-element_type=\"widget\" data-e-type=\"widget\" data-widget_type=\"text-editor.default\">\n\t\t\t\t<div class=\"elementor-widget-container\">\n\t\t\t\t\t\t\t\t\t<div><div dir=\"auto\"><p><span style=\"text-decoration: underline; color: #1284e0;\"><a style=\"color: #1284e0; text-decoration: underline;\" href=\"https:\/\/joinville-le-pont.tuliphotelsresidences.com\/fr-fr\/\" target=\"_blank\" rel=\"noopener nofollow\">TULIP r\u00e9sidence<\/a><\/span> entend bien rebattre les cartes de l\u2019offre d\u2019h\u00f4tels en centre urbain avec un tout nouveau concept qui brise les codes et les fronti\u00e8res entre h\u00f4tel, lieu de travail, lieu de partage pendant ou apr\u00e8s le travail, \u2026<\/p><p><em>\u00ab\u00a0Une nouvelle offre est attendu par nos clients aujourd\u2019hui\u00a0\u00bb<\/em> d\u00e9clare Cyril Vaussard, \u00e0 qui le groupe <span style=\"text-decoration: underline; color: #1284e0;\"><a style=\"color: #1284e0; text-decoration: underline;\" href=\"https:\/\/www.louvrehotels.com\/fr\" target=\"_blank\" rel=\"noopener nofollow\">Louvre Hotels<\/a><\/span> a confi\u00e9 le d\u00e9veloppement de ce nouveau concept.<\/p><\/div><\/div>\t\t\t\t\t\t\t\t<\/div>\n\t\t\t\t<\/div>\n\t\t\t\t<div class=\"elementor-element elementor-element-9630f86 elementor-widget elementor-widget-heading\" data-id=\"9630f86\" data-element_type=\"widget\" data-e-type=\"widget\" data-widget_type=\"heading.default\">\n\t\t\t\t<div class=\"elementor-widget-container\">\n\t\t\t\t\t<h2 class=\"elementor-heading-title elementor-size-default\">Tulip r\u00e9sidence poursuit sa digitalisation<\/h2>\t\t\t\t<\/div>\n\t\t\t\t<\/div>\n\t\t\t\t<div class=\"elementor-element elementor-element-a1098a3 elementor-widget elementor-widget-text-editor\" data-id=\"a1098a3\" data-element_type=\"widget\" data-e-type=\"widget\" data-widget_type=\"text-editor.default\">\n\t\t\t\t<div class=\"elementor-widget-container\">\n\t\t\t\t\t\t\t\t\t<div dir=\"auto\"><p>Un chantier important et des enjeux forts qui n\u00e9cessitent l\u2019adoption d\u2019une plateforme collaborative pour <span style=\"text-decoration: underline; color: #1284e0;\"><a style=\"color: #1284e0; text-decoration: underline;\" title=\"Le management de votre franchise\" href=\"https:\/\/cerca.io\/fr_fr\/managez-et-engagez-votre-reseau\/\" target=\"_blank\" rel=\"noopener\">organiser au mieux le r\u00e9seau de nouveaux franchis\u00e9s<\/a><\/span> selon les hauts niveaux de standard du groupe <span style=\"text-decoration: underline; color: #1284e0;\"><a style=\"color: #1284e0; text-decoration: underline;\" href=\"https:\/\/joinville-le-pont.tuliphotelsresidences.com\/fr-fr\/\" target=\"_blank\" rel=\"noopener nofollow\">Tulip r\u00e9sidence<\/a><\/span> :<\/p><ul><li>Base de connaissance<\/li><li>Constitution de groupes de travail trans-m\u00e9tiers<\/li><li>Formation e-learning<\/li><li>Audits<\/li><li>&#8230;<\/li><\/ul><p>Autant de fonctionnalit\u00e9s mises en place par l\u2019\u00e9quipe Cerca Franchise On Cloud, ing\u00e9nieurs et responsable client\u00e8le pour \u00eatre au rendez-vous de ce tr\u00e8s beau projet qui va bousculer bien des acteurs install\u00e9s sur le march\u00e9.<\/p><\/div>\t\t\t\t\t\t\t\t<\/div>\n\t\t\t\t<\/div>\n\t\t\t\t\t<\/div>\n\t\t<\/div>\n\t\t\t\t\t<\/div>\n\t\t<\/section>\n\t\t\t\t<section class=\"elementor-section elementor-top-section elementor-element elementor-element-b7314a6 elementor-section-boxed elementor-section-height-default elementor-section-height-default wpr-particle-no wpr-jarallax-no wpr-parallax-no wpr-sticky-section-no\" data-id=\"b7314a6\" data-element_type=\"section\" data-e-type=\"section\">\n\t\t\t\t\t\t<div class=\"elementor-container elementor-column-gap-default\">\n\t\t\t\t\t<div class=\"elementor-column elementor-col-100 elementor-top-column elementor-element elementor-element-5f867ea\" data-id=\"5f867ea\" data-element_type=\"column\" data-e-type=\"column\">\n\t\t\t<div class=\"elementor-widget-wrap elementor-element-populated\">\n\t\t\t\t\t\t<div class=\"elementor-element elementor-element-1da649e elementor-widget elementor-widget-heading\" data-id=\"1da649e\" data-element_type=\"widget\" data-e-type=\"widget\" data-widget_type=\"heading.default\">\n\t\t\t\t<div class=\"elementor-widget-container\">\n\t\t\t\t\t<h2 class=\"elementor-heading-title elementor-size-default\">Ces articles peuvent vous int\u00e9resser : <\/h2>\t\t\t\t<\/div>\n\t\t\t\t<\/div>\n\t\t\t\t<div class=\"elementor-element elementor-element-ac2fc5d elementor-widget elementor-widget-global elementor-global-18806 elementor-widget-obfx-posts-grid\" data-id=\"ac2fc5d\" data-element_type=\"widget\" data-e-type=\"widget\" data-widget_type=\"obfx-posts-grid.default\">\n\t\t\t\t<div class=\"elementor-widget-container\">\n\t\t\t\t\t<div class=\"obfx-grid\"><div class=\"obfx-grid-container obfx-grid-mobile-1 obfx-grid-desktop-2\"><div class=\"obfx-grid-wrapper\"><article class=\"obfx-grid-col\"><div class=\"obfx-grid-col-image\" ><a href=\"https:\/\/cerca.io\/fr_fr\/audit-digital-vs-audit-papier\/\" title=\"Audit digital vs audit papier : un simple changement d\u2019outil ou un vrai changement de pilotage ?\"><img decoding=\"async\" width=\"1746\" height=\"720\" src=\"https:\/\/cerca.io\/wp-content\/uploads\/2026\/04\/audits-digitals-vs-papier-Minia-blog.png\" class=\"img-responsive wp-post-image\" alt=\"audits digitals vs papier\" srcset=\"https:\/\/cerca.io\/wp-content\/uploads\/2026\/04\/audits-digitals-vs-papier-Minia-blog.png 1746w, https:\/\/cerca.io\/wp-content\/uploads\/2026\/04\/audits-digitals-vs-papier-Minia-blog-300x124.png 300w, https:\/\/cerca.io\/wp-content\/uploads\/2026\/04\/audits-digitals-vs-papier-Minia-blog-1024x422.png 1024w, https:\/\/cerca.io\/wp-content\/uploads\/2026\/04\/audits-digitals-vs-papier-Minia-blog-768x317.png 768w, https:\/\/cerca.io\/wp-content\/uploads\/2026\/04\/audits-digitals-vs-papier-Minia-blog-1536x633.png 1536w, https:\/\/cerca.io\/wp-content\/uploads\/2026\/04\/audits-digitals-vs-papier-Minia-blog-18x7.png 18w\" sizes=\"(max-width: 1746px) 100vw, 1746px\" \/><\/a><\/div><div class=\"obfx-grid-col-content\">\t\t\t<h2 class=\"entry-title obfx-grid-title\">\n\t\t\t\t\t\t\t<a href=\"https:\/\/cerca.io\/fr_fr\/audit-digital-vs-audit-papier\/\" title=\"Audit digital vs audit papier : un simple changement d\u2019outil ou un vrai changement de pilotage ?\">\n\t\t\t\t\tAudit digital vs audit papier : un simple changement d\u2019outil ou un vrai changement de pilotage ?\t\t\t\t<\/a>\n\t\t\t\t\t\t\t<\/h2>\n\t\t\t<\/div><\/article><\/div><div class=\"obfx-grid-wrapper\"><article class=\"obfx-grid-col\"><div class=\"obfx-grid-col-image\" ><a href=\"https:\/\/cerca.io\/fr_fr\/franchise-development-report-2022\/\" title=\"Franchise Development Report 2022\"><img decoding=\"async\" width=\"1747\" height=\"720\" src=\"https:\/\/cerca.io\/wp-content\/uploads\/2022\/02\/franchise-dev-report-2022-minia.png\" class=\"img-responsive wp-post-image\" alt=\"franchise development\" srcset=\"https:\/\/cerca.io\/wp-content\/uploads\/2022\/02\/franchise-dev-report-2022-minia.png 1747w, https:\/\/cerca.io\/wp-content\/uploads\/2022\/02\/franchise-dev-report-2022-minia-300x124.png 300w, https:\/\/cerca.io\/wp-content\/uploads\/2022\/02\/franchise-dev-report-2022-minia-1024x422.png 1024w, https:\/\/cerca.io\/wp-content\/uploads\/2022\/02\/franchise-dev-report-2022-minia-768x317.png 768w, https:\/\/cerca.io\/wp-content\/uploads\/2022\/02\/franchise-dev-report-2022-minia-1536x633.png 1536w, https:\/\/cerca.io\/wp-content\/uploads\/2022\/02\/franchise-dev-report-2022-minia-18x7.png 18w\" sizes=\"(max-width: 1747px) 100vw, 1747px\" \/><\/a><\/div><div class=\"obfx-grid-col-content\">\t\t\t<h2 class=\"entry-title obfx-grid-title\">\n\t\t\t\t\t\t\t<a href=\"https:\/\/cerca.io\/fr_fr\/franchise-development-report-2022\/\" title=\"Franchise Development Report 2022\">\n\t\t\t\t\tFranchise Development Report 2022\t\t\t\t<\/a>\n\t\t\t\t\t\t\t<\/h2>\n\t\t\t<\/div><\/article><\/div><\/div><!-- .obfx-grid-container --><\/div><!-- .obfx-grid -->\t\t\t\t<\/div>\n\t\t\t\t<\/div>\n\t\t\t\t\t<\/div>\n\t\t<\/div>\n\t\t\t\t\t<\/div>\n\t\t<\/section>\n\t\t\t\t<\/div>",
        "protected": false
    },
    "excerpt": {
        "rendered": "<p>Tulip r\u00e9sidence rel\u00e8ve un nouveau d\u00e9fi, avec notre solution franchis\u00e9 pour le management de son r\u00e9seau<\/p>",
        "protected": false
    },
    "author": 1,
    "featured_media": 21788,
    "comment_status": "closed",
    "ping_status": "closed",
    "sticky": false,
    "template": "",
    "format": "standard",
    "meta": {
        "content-type": "",
        "om_disable_all_campaigns": false,
        "_monsterinsights_skip_tracking": false,
        "_monsterinsights_sitenote_active": false,
        "_monsterinsights_sitenote_note": "",
        "_monsterinsights_sitenote_category": 0,
        "_uf_show_specific_survey": 0,
        "_uf_disable_surveys": false,
        "_themeisle_gutenberg_block_has_review": false,
        "footnotes": ""
    },
    "categories": [
        63,
        105
    ],
    "tags": [
        139
    ],
    "class_list": [
        "post-11443",
        "post",
        "type-post",
        "status-publish",
        "format-standard",
        "has-post-thumbnail",
        "hentry",
        "category-blog",
        "category-nouvelles-enseignes",
        "tag-fr"
    ],
    "aioseo_notices": [],
    "_links": {
        "self": [
            {
                "href": "https:\/\/cerca.io\/fr_fr\/wp-json\/wp\/v2\/posts\/11443",
                "targetHints": {
                    "allow": [
                        "GET"
                    ]
                }
            }
        ],
        "collection": [
            {
                "href": "https:\/\/cerca.io\/fr_fr\/wp-json\/wp\/v2\/posts"
            }
        ],
        "about": [
            {
                "href": "https:\/\/cerca.io\/fr_fr\/wp-json\/wp\/v2\/types\/post"
            }
        ],
        "author": [
            {
                "embeddable": true,
                "href": "https:\/\/cerca.io\/fr_fr\/wp-json\/wp\/v2\/users\/1"
            }
        ],
        "replies": [
            {
                "embeddable": true,
                "href": "https:\/\/cerca.io\/fr_fr\/wp-json\/wp\/v2\/comments?post=11443"
            }
        ],
        "version-history": [
            {
                "count": 25,
                "href": "https:\/\/cerca.io\/fr_fr\/wp-json\/wp\/v2\/posts\/11443\/revisions"
            }
        ],
        "predecessor-version": [
            {
                "id": 21794,
                "href": "https:\/\/cerca.io\/fr_fr\/wp-json\/wp\/v2\/posts\/11443\/revisions\/21794"
            }
        ],
        "wp:featuredmedia": [
            {
                "embeddable": true,
                "href": "https:\/\/cerca.io\/fr_fr\/wp-json\/wp\/v2\/media\/21788"
            }
        ],
        "wp:attachment": [
            {
                "href": "https:\/\/cerca.io\/fr_fr\/wp-json\/wp\/v2\/media?parent=11443"
            }
        ],
        "wp:term": [
            {
                "taxonomy": "category",
                "embeddable": true,
                "href": "https:\/\/cerca.io\/fr_fr\/wp-json\/wp\/v2\/categories?post=11443"
            },
            {
                "taxonomy": "post_tag",
                "embeddable": true,
                "href": "https:\/\/cerca.io\/fr_fr\/wp-json\/wp\/v2\/tags?post=11443"
            }
        ],
        "curies": [
            {
                "name": "wp",
                "href": "https:\/\/api.w.org\/{rel}",
                "templated": true
            }
        ]
    }
}