{
    "id": 12547,
    "date": "2021-01-18T10:26:34",
    "date_gmt": "2021-01-18T09:26:34",
    "guid": {
        "rendered": "https:\/\/franchiseoncloud.fr\/?p=12547"
    },
    "modified": "2025-11-13T11:37:36",
    "modified_gmt": "2025-11-13T10:37:36",
    "slug": "nestenn-choisit-notre-plateforme-collaborative",
    "status": "publish",
    "type": "post",
    "link": "https:\/\/cerca.io\/fr_fr\/nestenn-choisit-notre-plateforme-collaborative\/",
    "title": {
        "rendered": "NESTENN choisit Cerca ex Franchise On Cloud"
    },
    "content": {
        "rendered": "<div data-elementor-type=\"wp-post\" data-elementor-id=\"12547\" class=\"elementor elementor-12547\" data-elementor-post-type=\"post\">\n\t\t\t\t\t\t<section class=\"elementor-section elementor-top-section elementor-element elementor-element-48dbf0a elementor-section-boxed elementor-section-height-default elementor-section-height-default wpr-particle-no wpr-jarallax-no wpr-parallax-no wpr-sticky-section-no\" data-id=\"48dbf0a\" data-element_type=\"section\" data-e-type=\"section\">\n\t\t\t\t\t\t<div class=\"elementor-container elementor-column-gap-default\">\n\t\t\t\t\t<div class=\"elementor-column elementor-col-100 elementor-top-column elementor-element elementor-element-6fbeab0\" data-id=\"6fbeab0\" data-element_type=\"column\" data-e-type=\"column\">\n\t\t\t<div class=\"elementor-widget-wrap elementor-element-populated\">\n\t\t\t\t\t\t<div class=\"elementor-element elementor-element-fdffe7b elementor-widget elementor-widget-image\" data-id=\"fdffe7b\" data-element_type=\"widget\" data-e-type=\"widget\" data-widget_type=\"image.default\">\n\t\t\t\t<div class=\"elementor-widget-container\">\n\t\t\t\t\t\t\t\t\t\t\t\t\t\t\t<img fetchpriority=\"high\" decoding=\"async\" width=\"2049\" height=\"720\" src=\"https:\/\/cerca.io\/wp-content\/uploads\/2021\/01\/new-client-nestenn-Visuel-article.png\" class=\"attachment-full size-full wp-image-21273\" alt=\"nestenn cerca\" srcset=\"https:\/\/cerca.io\/wp-content\/uploads\/2021\/01\/new-client-nestenn-Visuel-article.png 2049w, https:\/\/cerca.io\/wp-content\/uploads\/2021\/01\/new-client-nestenn-Visuel-article-300x105.png 300w, https:\/\/cerca.io\/wp-content\/uploads\/2021\/01\/new-client-nestenn-Visuel-article-1024x360.png 1024w, https:\/\/cerca.io\/wp-content\/uploads\/2021\/01\/new-client-nestenn-Visuel-article-768x270.png 768w, https:\/\/cerca.io\/wp-content\/uploads\/2021\/01\/new-client-nestenn-Visuel-article-1536x540.png 1536w, https:\/\/cerca.io\/wp-content\/uploads\/2021\/01\/new-client-nestenn-Visuel-article-18x6.png 18w\" sizes=\"(max-width: 2049px) 100vw, 2049px\" \/>\t\t\t\t\t\t\t\t\t\t\t\t\t\t\t<\/div>\n\t\t\t\t<\/div>\n\t\t\t\t<div class=\"elementor-element elementor-element-5c81dd9 elementor-widget elementor-widget-heading\" data-id=\"5c81dd9\" data-element_type=\"widget\" data-e-type=\"widget\" data-widget_type=\"heading.default\">\n\t\t\t\t<div class=\"elementor-widget-container\">\n\t\t\t\t\t<h2 class=\"elementor-heading-title elementor-size-default\">NESTENN choisit Cerca ex Franchise On Cloud<\/h2>\t\t\t\t<\/div>\n\t\t\t\t<\/div>\n\t\t\t\t<div class=\"elementor-element elementor-element-ee94069 elementor-widget elementor-widget-text-editor\" data-id=\"ee94069\" data-element_type=\"widget\" data-e-type=\"widget\" data-widget_type=\"text-editor.default\">\n\t\t\t\t<div class=\"elementor-widget-container\">\n\t\t\t\t\t\t\t\t\t<div dir=\"auto\"><p>D\u00e9ployer une plateforme collaborative dans un r\u00e9seau de plus de 350 agences, g\u00e9rer deux process candidats diff\u00e9rents sur le m\u00eame outil et permettre la connexion automatique avec d&rsquo;autres logiciels internes.<\/p><p>C&rsquo;est le pari que nous avons fait avec l&rsquo;enseigne <span style=\"text-decoration: underline; color: #1284e0;\"><a style=\"color: #1284e0; text-decoration: underline;\" href=\"https:\/\/nestenn.com\/\" target=\"_blank\" rel=\"noopener nofollow\">NESTENN<\/a><\/span>. Un beau challenge qui continu !<\/p><p><strong>Merci \u00e0 Olivier ALONSO, Delphine ROUXEL, Romain ODANO et C\u00e9dric LE ROUX pour leur confiance.<\/strong><\/p><\/div>\t\t\t\t\t\t\t\t<\/div>\n\t\t\t\t<\/div>\n\t\t\t\t<div class=\"elementor-element elementor-element-b7e3ba0 elementor-align-center elementor-widget elementor-widget-button\" data-id=\"b7e3ba0\" data-element_type=\"widget\" data-e-type=\"widget\" data-widget_type=\"button.default\">\n\t\t\t\t<div class=\"elementor-widget-container\">\n\t\t\t\t\t\t\t\t\t<div class=\"elementor-button-wrapper\">\n\t\t\t\t\t<a class=\"elementor-button elementor-button-link elementor-size-sm elementor-animation-bob\" href=\"https:\/\/cerca.io\/fr_fr\/essai-gratuit-foc-2\/\">\n\t\t\t\t\t\t<span class=\"elementor-button-content-wrapper\">\n\t\t\t\t\t\t\t\t\t<span class=\"elementor-button-text\">Scalez votre franchise avec Cerca \u2728<\/span>\n\t\t\t\t\t<\/span>\n\t\t\t\t\t<\/a>\n\t\t\t\t<\/div>\n\t\t\t\t\t\t\t\t<\/div>\n\t\t\t\t<\/div>\n\t\t\t\t\t<\/div>\n\t\t<\/div>\n\t\t\t\t\t<\/div>\n\t\t<\/section>\n\t\t\t\t<section class=\"elementor-section elementor-top-section elementor-element elementor-element-d25a6fb elementor-section-boxed elementor-section-height-default elementor-section-height-default wpr-particle-no wpr-jarallax-no wpr-parallax-no wpr-sticky-section-no\" data-id=\"d25a6fb\" data-element_type=\"section\" data-e-type=\"section\">\n\t\t\t\t\t\t<div class=\"elementor-container elementor-column-gap-default\">\n\t\t\t\t\t<div class=\"elementor-column elementor-col-100 elementor-top-column elementor-element elementor-element-bb54c66\" data-id=\"bb54c66\" data-element_type=\"column\" data-e-type=\"column\">\n\t\t\t<div class=\"elementor-widget-wrap elementor-element-populated\">\n\t\t\t\t\t\t<div class=\"elementor-element elementor-element-fd09f72 elementor-widget elementor-widget-heading\" data-id=\"fd09f72\" data-element_type=\"widget\" data-e-type=\"widget\" data-widget_type=\"heading.default\">\n\t\t\t\t<div class=\"elementor-widget-container\">\n\t\t\t\t\t<h2 class=\"elementor-heading-title elementor-size-default\">Ces articles peuvent vous int\u00e9resser : <\/h2>\t\t\t\t<\/div>\n\t\t\t\t<\/div>\n\t\t\t\t<div class=\"elementor-element elementor-element-c05e0f0 elementor-widget elementor-widget-global elementor-global-18806 elementor-widget-obfx-posts-grid\" data-id=\"c05e0f0\" data-element_type=\"widget\" data-e-type=\"widget\" data-widget_type=\"obfx-posts-grid.default\">\n\t\t\t\t<div class=\"elementor-widget-container\">\n\t\t\t\t\t<div class=\"obfx-grid\"><div class=\"obfx-grid-container obfx-grid-mobile-1 obfx-grid-desktop-2\"><div class=\"obfx-grid-wrapper\"><article class=\"obfx-grid-col\"><div class=\"obfx-grid-col-image\" ><a href=\"https:\/\/cerca.io\/fr_fr\/iso-9001-certification-accompagnement\/\" title=\"ISO 9001 : Notre certification qualit\u00e9 reconduite pour la troisi\u00e8me ann\u00e9e cons\u00e9cutive\"><img decoding=\"async\" width=\"1747\" height=\"720\" src=\"https:\/\/cerca.io\/wp-content\/uploads\/2021\/02\/news-iso-9001-minia.png\" class=\"img-responsive wp-post-image\" alt=\"iso 9001\" srcset=\"https:\/\/cerca.io\/wp-content\/uploads\/2021\/02\/news-iso-9001-minia.png 1747w, https:\/\/cerca.io\/wp-content\/uploads\/2021\/02\/news-iso-9001-minia-300x124.png 300w, https:\/\/cerca.io\/wp-content\/uploads\/2021\/02\/news-iso-9001-minia-1024x422.png 1024w, https:\/\/cerca.io\/wp-content\/uploads\/2021\/02\/news-iso-9001-minia-768x317.png 768w, https:\/\/cerca.io\/wp-content\/uploads\/2021\/02\/news-iso-9001-minia-1536x633.png 1536w, https:\/\/cerca.io\/wp-content\/uploads\/2021\/02\/news-iso-9001-minia-18x7.png 18w\" sizes=\"(max-width: 1747px) 100vw, 1747px\" \/><\/a><\/div><div class=\"obfx-grid-col-content\">\t\t\t<h2 class=\"entry-title obfx-grid-title\">\n\t\t\t\t\t\t\t<a href=\"https:\/\/cerca.io\/fr_fr\/iso-9001-certification-accompagnement\/\" title=\"ISO 9001 : Notre certification qualit\u00e9 reconduite pour la troisi\u00e8me ann\u00e9e cons\u00e9cutive\">\n\t\t\t\t\tISO 9001 : Notre certification qualit\u00e9 reconduite pour la troisi\u00e8me ann\u00e9e cons\u00e9cutive\t\t\t\t<\/a>\n\t\t\t\t\t\t\t<\/h2>\n\t\t\t<\/div><\/article><\/div><div class=\"obfx-grid-wrapper\"><article class=\"obfx-grid-col\"><div class=\"obfx-grid-col-image\" ><a href=\"https:\/\/cerca.io\/fr_fr\/incendie-ovh-haute-disponibilite\/\" title=\"Incendie chez OVH et perte de donn\u00e9es : Avec Franchise On Cloud, haute disponibilit\u00e9 garantie !\"><img decoding=\"async\" width=\"1747\" height=\"720\" src=\"https:\/\/cerca.io\/wp-content\/uploads\/2021\/03\/news-ovh-incendie-minia.png\" class=\"img-responsive wp-post-image\" alt=\"ovh\" srcset=\"https:\/\/cerca.io\/wp-content\/uploads\/2021\/03\/news-ovh-incendie-minia.png 1747w, https:\/\/cerca.io\/wp-content\/uploads\/2021\/03\/news-ovh-incendie-minia-300x124.png 300w, https:\/\/cerca.io\/wp-content\/uploads\/2021\/03\/news-ovh-incendie-minia-1024x422.png 1024w, https:\/\/cerca.io\/wp-content\/uploads\/2021\/03\/news-ovh-incendie-minia-768x317.png 768w, https:\/\/cerca.io\/wp-content\/uploads\/2021\/03\/news-ovh-incendie-minia-1536x633.png 1536w, https:\/\/cerca.io\/wp-content\/uploads\/2021\/03\/news-ovh-incendie-minia-18x7.png 18w\" sizes=\"(max-width: 1747px) 100vw, 1747px\" \/><\/a><\/div><div class=\"obfx-grid-col-content\">\t\t\t<h2 class=\"entry-title obfx-grid-title\">\n\t\t\t\t\t\t\t<a href=\"https:\/\/cerca.io\/fr_fr\/incendie-ovh-haute-disponibilite\/\" title=\"Incendie chez OVH et perte de donn\u00e9es : Avec Franchise On Cloud, haute disponibilit\u00e9 garantie !\">\n\t\t\t\t\tIncendie chez OVH et perte de donn\u00e9es : Avec Franchise On Cloud, haute disponibilit\u00e9 garantie !\t\t\t\t<\/a>\n\t\t\t\t\t\t\t<\/h2>\n\t\t\t<\/div><\/article><\/div><\/div><!-- .obfx-grid-container --><\/div><!-- .obfx-grid -->\t\t\t\t<\/div>\n\t\t\t\t<\/div>\n\t\t\t\t\t<\/div>\n\t\t<\/div>\n\t\t\t\t\t<\/div>\n\t\t<\/section>\n\t\t\t\t<\/div>",
        "protected": false
    },
    "excerpt": {
        "rendered": "<p>NESTENN choisit Cerca ex Franchise On Cloud D\u00e9ployer une plateforme collaborative dans un r\u00e9seau de plus de 350 agences, g\u00e9rer deux process candidats diff\u00e9rents sur le m\u00eame outil et permettre la connexion automatique avec d&rsquo;autres logiciels internes. C&rsquo;est le pari que nous avons fait avec l&rsquo;enseigne NESTENN. Un beau challenge qui continu ! Merci \u00e0 Olivier ALONSO, Delphine ROUXEL, Romain ODANO et C\u00e9dric LE ROUX pour leur confiance. Scalez votre franchise avec Cerca \u2728 Ces articles peuvent vous int\u00e9resser : Cerca ex Franchise On Cloud continue son expansion 5 nouvelles fonctionnalit\u00e9s qui vont plaire \u00e0 vos animateurs<\/p>",
        "protected": false
    },
    "author": 1,
    "featured_media": 21274,
    "comment_status": "closed",
    "ping_status": "closed",
    "sticky": false,
    "template": "",
    "format": "standard",
    "meta": {
        "content-type": "",
        "om_disable_all_campaigns": false,
        "_monsterinsights_skip_tracking": false,
        "_monsterinsights_sitenote_active": false,
        "_monsterinsights_sitenote_note": "",
        "_monsterinsights_sitenote_category": 0,
        "_uf_show_specific_survey": 0,
        "_uf_disable_surveys": false,
        "_themeisle_gutenberg_block_has_review": false,
        "footnotes": ""
    },
    "categories": [
        63,
        105
    ],
    "tags": [
        139
    ],
    "class_list": [
        "post-12547",
        "post",
        "type-post",
        "status-publish",
        "format-standard",
        "has-post-thumbnail",
        "hentry",
        "category-blog",
        "category-nouvelles-enseignes",
        "tag-fr"
    ],
    "aioseo_notices": [],
    "_links": {
        "self": [
            {
                "href": "https:\/\/cerca.io\/fr_fr\/wp-json\/wp\/v2\/posts\/12547",
                "targetHints": {
                    "allow": [
                        "GET"
                    ]
                }
            }
        ],
        "collection": [
            {
                "href": "https:\/\/cerca.io\/fr_fr\/wp-json\/wp\/v2\/posts"
            }
        ],
        "about": [
            {
                "href": "https:\/\/cerca.io\/fr_fr\/wp-json\/wp\/v2\/types\/post"
            }
        ],
        "author": [
            {
                "embeddable": true,
                "href": "https:\/\/cerca.io\/fr_fr\/wp-json\/wp\/v2\/users\/1"
            }
        ],
        "replies": [
            {
                "embeddable": true,
                "href": "https:\/\/cerca.io\/fr_fr\/wp-json\/wp\/v2\/comments?post=12547"
            }
        ],
        "version-history": [
            {
                "count": 32,
                "href": "https:\/\/cerca.io\/fr_fr\/wp-json\/wp\/v2\/posts\/12547\/revisions"
            }
        ],
        "predecessor-version": [
            {
                "id": 21283,
                "href": "https:\/\/cerca.io\/fr_fr\/wp-json\/wp\/v2\/posts\/12547\/revisions\/21283"
            }
        ],
        "wp:featuredmedia": [
            {
                "embeddable": true,
                "href": "https:\/\/cerca.io\/fr_fr\/wp-json\/wp\/v2\/media\/21274"
            }
        ],
        "wp:attachment": [
            {
                "href": "https:\/\/cerca.io\/fr_fr\/wp-json\/wp\/v2\/media?parent=12547"
            }
        ],
        "wp:term": [
            {
                "taxonomy": "category",
                "embeddable": true,
                "href": "https:\/\/cerca.io\/fr_fr\/wp-json\/wp\/v2\/categories?post=12547"
            },
            {
                "taxonomy": "post_tag",
                "embeddable": true,
                "href": "https:\/\/cerca.io\/fr_fr\/wp-json\/wp\/v2\/tags?post=12547"
            }
        ],
        "curies": [
            {
                "name": "wp",
                "href": "https:\/\/api.w.org\/{rel}",
                "templated": true
            }
        ]
    }
}