{
    "id": 12763,
    "date": "2021-01-25T15:32:04",
    "date_gmt": "2021-01-25T14:32:04",
    "guid": {
        "rendered": "https:\/\/franchiseoncloud.fr\/?p=12763"
    },
    "modified": "2025-11-13T11:36:21",
    "modified_gmt": "2025-11-13T10:36:21",
    "slug": "studio-comme-jaime-choisit-franchise-on-cloud",
    "status": "publish",
    "type": "post",
    "link": "https:\/\/cerca.io\/fr_fr\/studio-comme-jaime-choisit-franchise-on-cloud\/",
    "title": {
        "rendered": "Studio Comme J\u2019aime choisit Cerca ex Franchise On Cloud"
    },
    "content": {
        "rendered": "<div data-elementor-type=\"wp-post\" data-elementor-id=\"12763\" class=\"elementor elementor-12763\" data-elementor-post-type=\"post\">\n\t\t\t\t\t\t<section class=\"elementor-section elementor-top-section elementor-element elementor-element-6300319 elementor-section-boxed elementor-section-height-default elementor-section-height-default wpr-particle-no wpr-jarallax-no wpr-parallax-no wpr-sticky-section-no\" data-id=\"6300319\" data-element_type=\"section\" data-e-type=\"section\">\n\t\t\t\t\t\t<div class=\"elementor-container elementor-column-gap-default\">\n\t\t\t\t\t<div class=\"elementor-column elementor-col-100 elementor-top-column elementor-element elementor-element-2f68230c\" data-id=\"2f68230c\" data-element_type=\"column\" data-e-type=\"column\">\n\t\t\t<div class=\"elementor-widget-wrap elementor-element-populated\">\n\t\t\t\t\t\t<div class=\"elementor-element elementor-element-f99319c elementor-widget elementor-widget-image\" data-id=\"f99319c\" data-element_type=\"widget\" data-e-type=\"widget\" data-widget_type=\"image.default\">\n\t\t\t\t<div class=\"elementor-widget-container\">\n\t\t\t\t\t\t\t\t\t\t\t\t\t\t\t<img fetchpriority=\"high\" decoding=\"async\" width=\"2049\" height=\"720\" src=\"https:\/\/cerca.io\/wp-content\/uploads\/2025\/07\/new-clients-janvier-2021-comme-jaime-Visuel-article.png\" class=\"attachment-full size-full wp-image-21196\" alt=\"studio comme j&#039;aime cerca\" srcset=\"https:\/\/cerca.io\/wp-content\/uploads\/2025\/07\/new-clients-janvier-2021-comme-jaime-Visuel-article.png 2049w, https:\/\/cerca.io\/wp-content\/uploads\/2025\/07\/new-clients-janvier-2021-comme-jaime-Visuel-article-300x105.png 300w, https:\/\/cerca.io\/wp-content\/uploads\/2025\/07\/new-clients-janvier-2021-comme-jaime-Visuel-article-1024x360.png 1024w, https:\/\/cerca.io\/wp-content\/uploads\/2025\/07\/new-clients-janvier-2021-comme-jaime-Visuel-article-768x270.png 768w, https:\/\/cerca.io\/wp-content\/uploads\/2025\/07\/new-clients-janvier-2021-comme-jaime-Visuel-article-1536x540.png 1536w, https:\/\/cerca.io\/wp-content\/uploads\/2025\/07\/new-clients-janvier-2021-comme-jaime-Visuel-article-18x6.png 18w\" sizes=\"(max-width: 2049px) 100vw, 2049px\" \/>\t\t\t\t\t\t\t\t\t\t\t\t\t\t\t<\/div>\n\t\t\t\t<\/div>\n\t\t\t\t<div class=\"elementor-element elementor-element-5f29895 elementor-widget elementor-widget-text-editor\" data-id=\"5f29895\" data-element_type=\"widget\" data-e-type=\"widget\" data-widget_type=\"text-editor.default\">\n\t\t\t\t<div class=\"elementor-widget-container\">\n\t\t\t\t\t\t\t\t\t<p>L\u2019enseigne <span style=\"text-decoration: underline; color: #1284e0;\"><a style=\"color: #1284e0; text-decoration: underline;\" href=\"https:\/\/www.commejaime.fr\/?clef=google_marque_desk_mispel&amp;keyword=www.commejaime.fr&amp;match=p&amp;gad_source=1&amp;gad_campaignid=20990177188&amp;gbraid=0AAAAADyN7-b3oTKUiaMHXUpnOVIHYZ-cm&amp;gclid=Cj0KCQjw4qHEBhCDARIsALYKFNNBQ-nssGFgZGvVGoqvQGpq_896SoWZFL9ctX0ujFGh_TZKCeL5wVgaAhgGEALw_wcB\" target=\"_blank\" rel=\"noopener nofollow\">Studio COMME J&rsquo;AIME<\/a><\/span>, r\u00e9f\u00e9rent des soins d&rsquo;amincissement et du r\u00e9\u00e9quilibrage alimentaire, a d\u00e9marr\u00e9 l\u2019aventure avec Cerca ex Franchise On Cloud pour le recrutement de ses franchis\u00e9s.<\/p>\t\t\t\t\t\t\t\t<\/div>\n\t\t\t\t<\/div>\n\t\t\t\t<div class=\"elementor-element elementor-element-ec04c0c elementor-widget elementor-widget-heading\" data-id=\"ec04c0c\" data-element_type=\"widget\" data-e-type=\"widget\" data-widget_type=\"heading.default\">\n\t\t\t\t<div class=\"elementor-widget-container\">\n\t\t\t\t\t<h2 class=\"elementor-heading-title elementor-size-default\">Studio comme j'aime se digitalise en 2021<\/h2>\t\t\t\t<\/div>\n\t\t\t\t<\/div>\n\t\t\t\t<div class=\"elementor-element elementor-element-87163ea elementor-widget elementor-widget-text-editor\" data-id=\"87163ea\" data-element_type=\"widget\" data-e-type=\"widget\" data-widget_type=\"text-editor.default\">\n\t\t\t\t<div class=\"elementor-widget-container\">\n\t\t\t\t\t\t\t\t\t<p>Comme dirait Studio Comme J\u2019aime \u00ab <strong>\u00e7a change ma vie !<\/strong> \u00bb<\/p><p>Pour d\u00e9couvrir d&rsquo;autres enseignes, rendez-vous sur notre article de d\u00e9cembre : <span style=\"text-decoration: underline; color: #1284e0;\"><a style=\"color: #1284e0; text-decoration: underline;\" href=\"https:\/\/cerca.io\/fr_fr\/franchise-on-cloud-termine-bien-annee-2020\/\">Cerca ex Franchise On Cloud termine bien l&rsquo;ann\u00e9e 2020<\/a><\/span><\/p>\t\t\t\t\t\t\t\t<\/div>\n\t\t\t\t<\/div>\n\t\t\t\t\t<\/div>\n\t\t<\/div>\n\t\t\t\t\t<\/div>\n\t\t<\/section>\n\t\t\t\t<section class=\"elementor-section elementor-top-section elementor-element elementor-element-a20f5fa elementor-section-boxed elementor-section-height-default elementor-section-height-default wpr-particle-no wpr-jarallax-no wpr-parallax-no wpr-sticky-section-no\" data-id=\"a20f5fa\" data-element_type=\"section\" data-e-type=\"section\">\n\t\t\t\t\t\t<div class=\"elementor-container elementor-column-gap-default\">\n\t\t\t\t\t<div class=\"elementor-column elementor-col-100 elementor-top-column elementor-element elementor-element-75f5d91\" data-id=\"75f5d91\" data-element_type=\"column\" data-e-type=\"column\">\n\t\t\t<div class=\"elementor-widget-wrap elementor-element-populated\">\n\t\t\t\t\t\t<div class=\"elementor-element elementor-element-a2d890e elementor-widget elementor-widget-heading\" data-id=\"a2d890e\" data-element_type=\"widget\" data-e-type=\"widget\" data-widget_type=\"heading.default\">\n\t\t\t\t<div class=\"elementor-widget-container\">\n\t\t\t\t\t<h2 class=\"elementor-heading-title elementor-size-default\">Ces articles peuvent vous int\u00e9resser : <\/h2>\t\t\t\t<\/div>\n\t\t\t\t<\/div>\n\t\t\t\t<div class=\"elementor-element elementor-element-e510626 elementor-widget elementor-widget-global elementor-global-18806 elementor-widget-obfx-posts-grid\" data-id=\"e510626\" data-element_type=\"widget\" data-e-type=\"widget\" data-widget_type=\"obfx-posts-grid.default\">\n\t\t\t\t<div class=\"elementor-widget-container\">\n\t\t\t\t\t<div class=\"obfx-grid\"><div class=\"obfx-grid-container obfx-grid-mobile-1 obfx-grid-desktop-2\"><div class=\"obfx-grid-wrapper\"><article class=\"obfx-grid-col\"><div class=\"obfx-grid-col-image\" ><a href=\"https:\/\/cerca.io\/fr_fr\/otacos-palme-de-la-croissance-en-2019\/\" title=\"O\u2019 Tacos, utilisateur de Cerca ex Franchise On Cloud depuis 4 ans et palme de la croissance 2019.\"><img decoding=\"async\" width=\"1747\" height=\"720\" src=\"https:\/\/cerca.io\/wp-content\/uploads\/2019\/04\/otacos-palme-croissance-2019-minia.png\" class=\"img-responsive wp-post-image\" alt=\"otacos-palme-croissance-2019-minia\" srcset=\"https:\/\/cerca.io\/wp-content\/uploads\/2019\/04\/otacos-palme-croissance-2019-minia.png 1747w, https:\/\/cerca.io\/wp-content\/uploads\/2019\/04\/otacos-palme-croissance-2019-minia-300x124.png 300w, https:\/\/cerca.io\/wp-content\/uploads\/2019\/04\/otacos-palme-croissance-2019-minia-1024x422.png 1024w, https:\/\/cerca.io\/wp-content\/uploads\/2019\/04\/otacos-palme-croissance-2019-minia-768x317.png 768w, https:\/\/cerca.io\/wp-content\/uploads\/2019\/04\/otacos-palme-croissance-2019-minia-1536x633.png 1536w, https:\/\/cerca.io\/wp-content\/uploads\/2019\/04\/otacos-palme-croissance-2019-minia-18x7.png 18w\" sizes=\"(max-width: 1747px) 100vw, 1747px\" \/><\/a><\/div><div class=\"obfx-grid-col-content\">\t\t\t<h2 class=\"entry-title obfx-grid-title\">\n\t\t\t\t\t\t\t<a href=\"https:\/\/cerca.io\/fr_fr\/otacos-palme-de-la-croissance-en-2019\/\" title=\"O\u2019 Tacos, utilisateur de Cerca ex Franchise On Cloud depuis 4 ans et palme de la croissance 2019.\">\n\t\t\t\t\tO\u2019 Tacos, utilisateur de Cerca ex Franchise On Cloud depuis 4 ans et palme de la croissance 2019.\t\t\t\t<\/a>\n\t\t\t\t\t\t\t<\/h2>\n\t\t\t<\/div><\/article><\/div><div class=\"obfx-grid-wrapper\"><article class=\"obfx-grid-col\"><div class=\"obfx-grid-col-image\" ><a href=\"https:\/\/cerca.io\/fr_fr\/support-franchiseur-attendu-par-les-franchises\/\" title=\"Quel support les franchis\u00e9s attendent d&rsquo;un franchiseur ?\"><img decoding=\"async\" width=\"2560\" height=\"1013\" src=\"https:\/\/cerca.io\/wp-content\/uploads\/2022\/12\/Quel-support-les-franchises-attendent-dun-franchiseur1-scaled.jpg\" class=\"img-responsive wp-post-image\" alt=\"Quel-support-les-franchis\u00e9s-attendent-d&rsquo;un-franchiseur1\" srcset=\"https:\/\/cerca.io\/wp-content\/uploads\/2022\/12\/Quel-support-les-franchises-attendent-dun-franchiseur1-scaled.jpg 2560w, https:\/\/cerca.io\/wp-content\/uploads\/2022\/12\/Quel-support-les-franchises-attendent-dun-franchiseur1-300x119.jpg 300w, https:\/\/cerca.io\/wp-content\/uploads\/2022\/12\/Quel-support-les-franchises-attendent-dun-franchiseur1-1024x405.jpg 1024w, https:\/\/cerca.io\/wp-content\/uploads\/2022\/12\/Quel-support-les-franchises-attendent-dun-franchiseur1-768x304.jpg 768w, https:\/\/cerca.io\/wp-content\/uploads\/2022\/12\/Quel-support-les-franchises-attendent-dun-franchiseur1-1536x608.jpg 1536w, https:\/\/cerca.io\/wp-content\/uploads\/2022\/12\/Quel-support-les-franchises-attendent-dun-franchiseur1-2048x810.jpg 2048w, https:\/\/cerca.io\/wp-content\/uploads\/2022\/12\/Quel-support-les-franchises-attendent-dun-franchiseur1-130x50.jpg 130w\" sizes=\"(max-width: 2560px) 100vw, 2560px\" \/><\/a><\/div><div class=\"obfx-grid-col-content\">\t\t\t<h2 class=\"entry-title obfx-grid-title\">\n\t\t\t\t\t\t\t<a href=\"https:\/\/cerca.io\/fr_fr\/support-franchiseur-attendu-par-les-franchises\/\" title=\"Quel support les franchis\u00e9s attendent d&rsquo;un franchiseur ?\">\n\t\t\t\t\tQuel support les franchis\u00e9s attendent d&rsquo;un franchiseur ?\t\t\t\t<\/a>\n\t\t\t\t\t\t\t<\/h2>\n\t\t\t<\/div><\/article><\/div><\/div><!-- .obfx-grid-container --><\/div><!-- .obfx-grid -->\t\t\t\t<\/div>\n\t\t\t\t<\/div>\n\t\t\t\t\t<\/div>\n\t\t<\/div>\n\t\t\t\t\t<\/div>\n\t\t<\/section>\n\t\t\t\t<\/div>",
        "protected": false
    },
    "excerpt": {
        "rendered": "<p>L\u2019enseigne Studio COMME J&rsquo;AIME, r\u00e9f\u00e9rent des soins d&rsquo;amincissement et du r\u00e9\u00e9quilibrage alimentaire, a d\u00e9marr\u00e9 l\u2019aventure avec Cerca ex Franchise On Cloud pour le recrutement de ses franchis\u00e9s. Studio comme j&rsquo;aime se digitalise en 2021 Comme dirait Studio Comme J\u2019aime \u00ab \u00e7a change ma vie ! \u00bb Pour d\u00e9couvrir d&rsquo;autres enseignes, rendez-vous sur notre article de d\u00e9cembre : Cerca ex Franchise On Cloud termine bien l&rsquo;ann\u00e9e 2020 Ces articles peuvent vous int\u00e9resser : 5 fonctionnalit\u00e9s pour simplifier la gestion de vos projets L&rsquo;interface de vos rapports de visite profite de nouveaux ajouts ergonomiques<\/p>",
        "protected": false
    },
    "author": 1,
    "featured_media": 21197,
    "comment_status": "closed",
    "ping_status": "closed",
    "sticky": false,
    "template": "",
    "format": "standard",
    "meta": {
        "content-type": "",
        "om_disable_all_campaigns": false,
        "_monsterinsights_skip_tracking": false,
        "_monsterinsights_sitenote_active": false,
        "_monsterinsights_sitenote_note": "",
        "_monsterinsights_sitenote_category": 0,
        "_uf_show_specific_survey": 0,
        "_uf_disable_surveys": false,
        "_themeisle_gutenberg_block_has_review": false,
        "footnotes": ""
    },
    "categories": [
        63,
        105
    ],
    "tags": [
        139
    ],
    "class_list": [
        "post-12763",
        "post",
        "type-post",
        "status-publish",
        "format-standard",
        "has-post-thumbnail",
        "hentry",
        "category-blog",
        "category-nouvelles-enseignes",
        "tag-fr"
    ],
    "aioseo_notices": [],
    "_links": {
        "self": [
            {
                "href": "https:\/\/cerca.io\/fr_fr\/wp-json\/wp\/v2\/posts\/12763",
                "targetHints": {
                    "allow": [
                        "GET"
                    ]
                }
            }
        ],
        "collection": [
            {
                "href": "https:\/\/cerca.io\/fr_fr\/wp-json\/wp\/v2\/posts"
            }
        ],
        "about": [
            {
                "href": "https:\/\/cerca.io\/fr_fr\/wp-json\/wp\/v2\/types\/post"
            }
        ],
        "author": [
            {
                "embeddable": true,
                "href": "https:\/\/cerca.io\/fr_fr\/wp-json\/wp\/v2\/users\/1"
            }
        ],
        "replies": [
            {
                "embeddable": true,
                "href": "https:\/\/cerca.io\/fr_fr\/wp-json\/wp\/v2\/comments?post=12763"
            }
        ],
        "version-history": [
            {
                "count": 17,
                "href": "https:\/\/cerca.io\/fr_fr\/wp-json\/wp\/v2\/posts\/12763\/revisions"
            }
        ],
        "predecessor-version": [
            {
                "id": 21200,
                "href": "https:\/\/cerca.io\/fr_fr\/wp-json\/wp\/v2\/posts\/12763\/revisions\/21200"
            }
        ],
        "wp:featuredmedia": [
            {
                "embeddable": true,
                "href": "https:\/\/cerca.io\/fr_fr\/wp-json\/wp\/v2\/media\/21197"
            }
        ],
        "wp:attachment": [
            {
                "href": "https:\/\/cerca.io\/fr_fr\/wp-json\/wp\/v2\/media?parent=12763"
            }
        ],
        "wp:term": [
            {
                "taxonomy": "category",
                "embeddable": true,
                "href": "https:\/\/cerca.io\/fr_fr\/wp-json\/wp\/v2\/categories?post=12763"
            },
            {
                "taxonomy": "post_tag",
                "embeddable": true,
                "href": "https:\/\/cerca.io\/fr_fr\/wp-json\/wp\/v2\/tags?post=12763"
            }
        ],
        "curies": [
            {
                "name": "wp",
                "href": "https:\/\/api.w.org\/{rel}",
                "templated": true
            }
        ]
    }
}