{
    "id": 12818,
    "date": "2021-03-04T11:50:56",
    "date_gmt": "2021-03-04T10:50:56",
    "guid": {
        "rendered": "https:\/\/franchiseoncloud.fr\/?p=12818"
    },
    "modified": "2025-11-13T11:35:49",
    "modified_gmt": "2025-11-13T10:35:49",
    "slug": "fevrier-enseignes-choisi-franchise-on-cloud",
    "status": "publish",
    "type": "post",
    "link": "https:\/\/cerca.io\/fr_fr\/fevrier-enseignes-choisi-franchise-on-cloud\/",
    "title": {
        "rendered": "F\u00e9vrier : ces enseignes qui ont choisi Cerca ex Franchise On Cloud"
    },
    "content": {
        "rendered": "<div data-elementor-type=\"wp-post\" data-elementor-id=\"12818\" class=\"elementor elementor-12818\" data-elementor-post-type=\"post\">\n\t\t\t\t\t\t<section class=\"elementor-section elementor-top-section elementor-element elementor-element-42699e82 elementor-section-boxed elementor-section-height-default elementor-section-height-default wpr-particle-no wpr-jarallax-no wpr-parallax-no wpr-sticky-section-no\" data-id=\"42699e82\" data-element_type=\"section\" data-e-type=\"section\">\n\t\t\t\t\t\t<div class=\"elementor-container elementor-column-gap-default\">\n\t\t\t\t\t<div class=\"elementor-column elementor-col-100 elementor-top-column elementor-element elementor-element-4e0469b3\" data-id=\"4e0469b3\" data-element_type=\"column\" data-e-type=\"column\">\n\t\t\t<div class=\"elementor-widget-wrap elementor-element-populated\">\n\t\t\t\t\t\t<div class=\"elementor-element elementor-element-ae16ff5 elementor-widget elementor-widget-image\" data-id=\"ae16ff5\" data-element_type=\"widget\" data-e-type=\"widget\" data-widget_type=\"image.default\">\n\t\t\t\t<div class=\"elementor-widget-container\">\n\t\t\t\t\t\t\t\t\t\t\t\t\t\t\t<img fetchpriority=\"high\" decoding=\"async\" width=\"2049\" height=\"720\" src=\"https:\/\/cerca.io\/wp-content\/uploads\/2021\/03\/new-clients-fev-Visuel-article.png\" class=\"attachment-full size-full wp-image-21161\" alt=\"cerca ex franchise on cloud\" srcset=\"https:\/\/cerca.io\/wp-content\/uploads\/2021\/03\/new-clients-fev-Visuel-article.png 2049w, https:\/\/cerca.io\/wp-content\/uploads\/2021\/03\/new-clients-fev-Visuel-article-300x105.png 300w, https:\/\/cerca.io\/wp-content\/uploads\/2021\/03\/new-clients-fev-Visuel-article-1024x360.png 1024w, https:\/\/cerca.io\/wp-content\/uploads\/2021\/03\/new-clients-fev-Visuel-article-768x270.png 768w, https:\/\/cerca.io\/wp-content\/uploads\/2021\/03\/new-clients-fev-Visuel-article-1536x540.png 1536w, https:\/\/cerca.io\/wp-content\/uploads\/2021\/03\/new-clients-fev-Visuel-article-18x6.png 18w\" sizes=\"(max-width: 2049px) 100vw, 2049px\" \/>\t\t\t\t\t\t\t\t\t\t\t\t\t\t\t<\/div>\n\t\t\t\t<\/div>\n\t\t\t\t<div class=\"elementor-element elementor-element-20914fb elementor-widget elementor-widget-text-editor\" data-id=\"20914fb\" data-element_type=\"widget\" data-e-type=\"widget\" data-widget_type=\"text-editor.default\">\n\t\t\t\t<div class=\"elementor-widget-container\">\n\t\t\t\t\t\t\t\t\t<p>Un mot refl\u00e8te parfaitement le mois de F\u00e9vrier : Nouveaut\u00e9 ! Cerca ex Franchise On Cloud ne cesse de se d\u00e9velopper et d&rsquo;offrir les solutions digitales dont ont besoin les enseignes de franchise.<\/p><p><strong><span style=\"font-size: 16px;\">Nous sommes ravis d\u2019accueillir ces enseignes dans la communaut\u00e9 Cerca ex Franchise On Cloud :<\/span><\/strong><\/p>\t\t\t\t\t\t\t\t<\/div>\n\t\t\t\t<\/div>\n\t\t\t\t<div class=\"elementor-element elementor-element-a4daf3d elementor-widget elementor-widget-heading\" data-id=\"a4daf3d\" data-element_type=\"widget\" data-e-type=\"widget\" data-widget_type=\"heading.default\">\n\t\t\t\t<div class=\"elementor-widget-container\">\n\t\t\t\t\t<h2 class=\"elementor-heading-title elementor-size-default\">Autour de B\u00e9b\u00e9<\/h2>\t\t\t\t<\/div>\n\t\t\t\t<\/div>\n\t\t\t\t<div class=\"elementor-element elementor-element-4b5726d elementor-widget elementor-widget-text-editor\" data-id=\"4b5726d\" data-element_type=\"widget\" data-e-type=\"widget\" data-widget_type=\"text-editor.default\">\n\t\t\t\t<div class=\"elementor-widget-container\">\n\t\t\t\t\t\t\t\t\t<p><span style=\"text-decoration: underline; color: #1284e0;\"><a style=\"color: #1284e0; text-decoration: underline;\" href=\"https:\/\/www.autourdebebe.com\/\" target=\"_blank\" rel=\"noopener nofollow\">Autour de B\u00e9b\u00e9<\/a><\/span>\u00a0a \u00e9t\u00e9 cr\u00e9\u00e9e en 1977 par la soci\u00e9t\u00e9 SAGAM. L\u2019enseigne compte 110 magasins de pu\u00e9riculture ind\u00e9pendants. Elle propose, \u00e0 travers ses boutiques pour b\u00e9b\u00e9 et son site internet, diff\u00e9rents produits tels que\u00a0: poussette, si\u00e8ge auto, chambre b\u00e9b\u00e9, biberon, etc.<\/p>\t\t\t\t\t\t\t\t<\/div>\n\t\t\t\t<\/div>\n\t\t\t\t<div class=\"elementor-element elementor-element-eb22c6e elementor-widget elementor-widget-heading\" data-id=\"eb22c6e\" data-element_type=\"widget\" data-e-type=\"widget\" data-widget_type=\"heading.default\">\n\t\t\t\t<div class=\"elementor-widget-container\">\n\t\t\t\t\t<h2 class=\"elementor-heading-title elementor-size-default\">My Little Warung<\/h2>\t\t\t\t<\/div>\n\t\t\t\t<\/div>\n\t\t\t\t<div class=\"elementor-element elementor-element-2db53a5 elementor-widget elementor-widget-text-editor\" data-id=\"2db53a5\" data-element_type=\"widget\" data-e-type=\"widget\" data-widget_type=\"text-editor.default\">\n\t\t\t\t<div class=\"elementor-widget-container\">\n\t\t\t\t\t\t\t\t\t<p><span style=\"text-decoration: underline; color: #1284e0;\"><a style=\"color: #1284e0; text-decoration: underline;\" href=\"https:\/\/www.mylittlewarung.com\/\" target=\"_blank\" rel=\"nofollow noopener\">My Little Warung<\/a><\/span> est sp\u00e9cialis\u00e9e dans la cuisine traditionnelle, authentique et rapide. Elle propose des recettes typiques des warungs (petits restaurants de plage ou de rue ou des m\u00e8res de familles cuisinent des plats traditionnels avec des ingr\u00e9dients locaux), cuisin\u00e9es au wok ou mijot\u00e9es. Ces plats proviennent de diff\u00e9rents endroits comme Bali, Vietnam, Cambodge, Tha\u00eflande\u2026<\/p><p>Le concept est n\u00e9 gr\u00e2ce \u00e0 3 amis \u00e0 la suite d\u2019un s\u00e9jour en Indon\u00e9sie. Le premier restaurant est lanc\u00e9 en 2011 \u00e0 Grenoble. A ce jour, l\u2019enseigne compte environ 20 points de vente.<\/p>\t\t\t\t\t\t\t\t<\/div>\n\t\t\t\t<\/div>\n\t\t\t\t<div class=\"elementor-element elementor-element-747800f elementor-widget elementor-widget-heading\" data-id=\"747800f\" data-element_type=\"widget\" data-e-type=\"widget\" data-widget_type=\"heading.default\">\n\t\t\t\t<div class=\"elementor-widget-container\">\n\t\t\t\t\t<h2 class=\"elementor-heading-title elementor-size-default\">Factory &amp; Co<\/h2>\t\t\t\t<\/div>\n\t\t\t\t<\/div>\n\t\t\t\t<div class=\"elementor-element elementor-element-ac14874 elementor-widget elementor-widget-text-editor\" data-id=\"ac14874\" data-element_type=\"widget\" data-e-type=\"widget\" data-widget_type=\"text-editor.default\">\n\t\t\t\t<div class=\"elementor-widget-container\">\n\t\t\t\t\t\t\t\t\t<p><a href=\"https:\/\/www.factoryandco.com\/\" target=\"_blank\" rel=\"noopener nofollow\"><span style=\"text-decoration: underline; color: #1284e0;\">Factory &amp; Co<\/span><\/a> est un concept de restauration rapide qui allie la cuisine new-yorkaise et l\u2019excellence fran\u00e7aise. Le premier restaurant a \u00e9t\u00e9 ouvert en 2009. L\u2019id\u00e9e est venue de Jonathan Jablonski, car il est un r\u00e9el passionn\u00e9 de culture am\u00e9ricaine. L\u2019enseigne propose des aliments sal\u00e9s (burgers, american sandwiches\u2026), sucr\u00e9s (cheesecakes, muffins, cookies\u2026) mais \u00e9galement un Coffee Shop &amp; Juices (caf\u00e9s de sp\u00e9cialit\u00e9s, Smoothies et Milkshake\u2026)<\/p><p><strong><u>Chiffres cl\u00e9s<\/u><\/strong><strong>\u00a0:<\/strong><\/p><ul><li><strong>2014\u00a0:<\/strong> date du lancement en franchise<\/li><li><strong>21<\/strong> implantations<\/li><\/ul>\t\t\t\t\t\t\t\t<\/div>\n\t\t\t\t<\/div>\n\t\t\t\t<div class=\"elementor-element elementor-element-c4184b9 elementor-widget elementor-widget-global elementor-global-20642 elementor-widget-image\" data-id=\"c4184b9\" data-element_type=\"widget\" data-e-type=\"widget\" data-widget_type=\"image.default\">\n\t\t\t\t<div class=\"elementor-widget-container\">\n\t\t\t\t\t\t\t\t\t\t\t\t\t\t\t\t<a href=\"https:\/\/cerca.io\/fr_fr\/essai-gratuit-foc-2\/\" target=\"_blank\">\n\t\t\t\t\t\t\t<img decoding=\"async\" width=\"2049\" height=\"720\" src=\"https:\/\/cerca.io\/wp-content\/uploads\/2022\/06\/cta-article.png\" class=\"elementor-animation-bob attachment-full size-full wp-image-20041\" alt=\"franchiseur\" srcset=\"https:\/\/cerca.io\/wp-content\/uploads\/2022\/06\/cta-article.png 2049w, https:\/\/cerca.io\/wp-content\/uploads\/2022\/06\/cta-article-300x105.png 300w, https:\/\/cerca.io\/wp-content\/uploads\/2022\/06\/cta-article-1024x360.png 1024w, https:\/\/cerca.io\/wp-content\/uploads\/2022\/06\/cta-article-768x270.png 768w, https:\/\/cerca.io\/wp-content\/uploads\/2022\/06\/cta-article-1536x540.png 1536w\" sizes=\"(max-width: 2049px) 100vw, 2049px\" \/>\t\t\t\t\t\t\t\t<\/a>\n\t\t\t\t\t\t\t\t\t\t\t\t\t\t\t<\/div>\n\t\t\t\t<\/div>\n\t\t\t\t<div class=\"elementor-element elementor-element-b874232 elementor-widget elementor-widget-heading\" data-id=\"b874232\" data-element_type=\"widget\" data-e-type=\"widget\" data-widget_type=\"heading.default\">\n\t\t\t\t<div class=\"elementor-widget-container\">\n\t\t\t\t\t<h2 class=\"elementor-heading-title elementor-size-default\">FHV \u2013 FRANCE HYGIENE VENTILATION<\/h2>\t\t\t\t<\/div>\n\t\t\t\t<\/div>\n\t\t\t\t<div class=\"elementor-element elementor-element-136ed29 elementor-widget elementor-widget-text-editor\" data-id=\"136ed29\" data-element_type=\"widget\" data-e-type=\"widget\" data-widget_type=\"text-editor.default\">\n\t\t\t\t<div class=\"elementor-widget-container\">\n\t\t\t\t\t\t\t\t\t<p><a href=\"https:\/\/francehygieneventilation.fr\/\" target=\"_blank\" rel=\"noopener nofollow\"><span style=\"text-decoration: underline; color: #1284e0;\">FHV \u2013 FRANCE HYGIENE VENTILATION<\/span><\/a>\u00a0est sp\u00e9cialis\u00e9e dans l\u2019entretien, la r\u00e9paration, la maintenance et le contr\u00f4le des syst\u00e8mes de ventilation (VMC, hotte et climatisation). L\u2019enseigne assure la qualit\u00e9 de l\u2019air chez les professionnels et les particuliers. Elle a \u00e9t\u00e9 cr\u00e9\u00e9e en 2007. La franchise se lance en 2015.<\/p>\t\t\t\t\t\t\t\t<\/div>\n\t\t\t\t<\/div>\n\t\t\t\t<div class=\"elementor-element elementor-element-75340c9 elementor-widget elementor-widget-heading\" data-id=\"75340c9\" data-element_type=\"widget\" data-e-type=\"widget\" data-widget_type=\"heading.default\">\n\t\t\t\t<div class=\"elementor-widget-container\">\n\t\t\t\t\t<h2 class=\"elementor-heading-title elementor-size-default\">FHV \u2013 FRANCE HYGIENE VENTILATION<\/h2>\t\t\t\t<\/div>\n\t\t\t\t<\/div>\n\t\t\t\t<div class=\"elementor-element elementor-element-738c219 elementor-widget elementor-widget-text-editor\" data-id=\"738c219\" data-element_type=\"widget\" data-e-type=\"widget\" data-widget_type=\"text-editor.default\">\n\t\t\t\t<div class=\"elementor-widget-container\">\n\t\t\t\t\t\t\t\t\t<p><a href=\"https:\/\/www.le17-45.fr\/\" target=\"_blank\" rel=\"noopener nofollow\"><span style=\"text-decoration: underline; color: #1284e0;\">Le 17.45<\/span><\/a> propose au client de composer sa planche de fromage et de charcuterie parmi plus de 40 produits du terroir. L\u2019id\u00e9e est venue de 3 amis.<\/p><p><strong><u>Dates cl\u00e9s<\/u><\/strong><strong>\u00a0:<\/strong><\/p><ul><li>2015\u00a0: Date de cr\u00e9ation du r\u00e9seau<\/li><li>Mars 2016 : Ouverture du 1er Atelier<\/li><li>Octobre 2018 : Lancement du d\u00e9veloppement en franchise.<\/li><li>Novembre 2019\u00a0: ouvre sa premi\u00e8re franchise \u00e0 Bordeaux<\/li><\/ul><p>Pour plus d&rsquo;informations sur les enseignes qui nous ont rejoint le mois pr\u00e9c\u00e9dant, rendez-vous sur notre article : <span style=\"text-decoration: underline; color: #1284e0;\"><a style=\"color: #1284e0; text-decoration: underline;\" href=\"https:\/\/cerca.io\/fr_fr\/studio-comme-jaime-choisit-franchise-on-cloud\/\">Les nouvelles enseignes de janvier<\/a><\/span>.<\/p>\t\t\t\t\t\t\t\t<\/div>\n\t\t\t\t<\/div>\n\t\t\t\t<div class=\"elementor-element elementor-element-085d018 elementor-align-center elementor-widget elementor-widget-button\" data-id=\"085d018\" data-element_type=\"widget\" data-e-type=\"widget\" data-widget_type=\"button.default\">\n\t\t\t\t<div class=\"elementor-widget-container\">\n\t\t\t\t\t\t\t\t\t<div class=\"elementor-button-wrapper\">\n\t\t\t\t\t<a class=\"elementor-button elementor-button-link elementor-size-sm elementor-animation-bob\" href=\"https:\/\/cerca.io\/fr_fr\/essai-gratuit-foc-2\/\">\n\t\t\t\t\t\t<span class=\"elementor-button-content-wrapper\">\n\t\t\t\t\t\t\t\t\t<span class=\"elementor-button-text\">Scalez votre franchise avec Cerca \u2728<\/span>\n\t\t\t\t\t<\/span>\n\t\t\t\t\t<\/a>\n\t\t\t\t<\/div>\n\t\t\t\t\t\t\t\t<\/div>\n\t\t\t\t<\/div>\n\t\t\t\t\t<\/div>\n\t\t<\/div>\n\t\t\t\t\t<\/div>\n\t\t<\/section>\n\t\t\t\t<section class=\"elementor-section elementor-top-section elementor-element elementor-element-ea878e5 elementor-section-boxed elementor-section-height-default elementor-section-height-default wpr-particle-no wpr-jarallax-no wpr-parallax-no wpr-sticky-section-no\" data-id=\"ea878e5\" data-element_type=\"section\" data-e-type=\"section\">\n\t\t\t\t\t\t<div class=\"elementor-container elementor-column-gap-default\">\n\t\t\t\t\t<div class=\"elementor-column elementor-col-100 elementor-top-column elementor-element elementor-element-c317e7a\" data-id=\"c317e7a\" data-element_type=\"column\" data-e-type=\"column\">\n\t\t\t<div class=\"elementor-widget-wrap elementor-element-populated\">\n\t\t\t\t\t\t<div class=\"elementor-element elementor-element-d9131e1 elementor-widget elementor-widget-heading\" data-id=\"d9131e1\" data-element_type=\"widget\" data-e-type=\"widget\" data-widget_type=\"heading.default\">\n\t\t\t\t<div class=\"elementor-widget-container\">\n\t\t\t\t\t<h2 class=\"elementor-heading-title elementor-size-default\">Ces articles peuvent vous int\u00e9resser : <\/h2>\t\t\t\t<\/div>\n\t\t\t\t<\/div>\n\t\t\t\t<div class=\"elementor-element elementor-element-bc302b9 elementor-widget elementor-widget-global elementor-global-18806 elementor-widget-obfx-posts-grid\" data-id=\"bc302b9\" data-element_type=\"widget\" data-e-type=\"widget\" data-widget_type=\"obfx-posts-grid.default\">\n\t\t\t\t<div class=\"elementor-widget-container\">\n\t\t\t\t\t<div class=\"obfx-grid\"><div class=\"obfx-grid-container obfx-grid-mobile-1 obfx-grid-desktop-2\"><div class=\"obfx-grid-wrapper\"><article class=\"obfx-grid-col\"><div class=\"obfx-grid-col-image\" ><a href=\"https:\/\/cerca.io\/fr_fr\/structurer-un-reseau-de-franchise\/\" title=\"Structurer un r\u00e9seau de franchise : les cl\u00e9s selon votre rythme de croissance\"><img decoding=\"async\" width=\"1746\" height=\"720\" src=\"https:\/\/cerca.io\/wp-content\/uploads\/2025\/10\/structurer-un-reseau-solide-Minia-blog.png\" class=\"img-responsive wp-post-image\" alt=\"structurer-un-reseau-solide-Minia blog\" srcset=\"https:\/\/cerca.io\/wp-content\/uploads\/2025\/10\/structurer-un-reseau-solide-Minia-blog.png 1746w, https:\/\/cerca.io\/wp-content\/uploads\/2025\/10\/structurer-un-reseau-solide-Minia-blog-300x124.png 300w, https:\/\/cerca.io\/wp-content\/uploads\/2025\/10\/structurer-un-reseau-solide-Minia-blog-1024x422.png 1024w, https:\/\/cerca.io\/wp-content\/uploads\/2025\/10\/structurer-un-reseau-solide-Minia-blog-768x317.png 768w, https:\/\/cerca.io\/wp-content\/uploads\/2025\/10\/structurer-un-reseau-solide-Minia-blog-1536x633.png 1536w, https:\/\/cerca.io\/wp-content\/uploads\/2025\/10\/structurer-un-reseau-solide-Minia-blog-18x7.png 18w\" sizes=\"(max-width: 1746px) 100vw, 1746px\" \/><\/a><\/div><div class=\"obfx-grid-col-content\">\t\t\t<h2 class=\"entry-title obfx-grid-title\">\n\t\t\t\t\t\t\t<a href=\"https:\/\/cerca.io\/fr_fr\/structurer-un-reseau-de-franchise\/\" title=\"Structurer un r\u00e9seau de franchise : les cl\u00e9s selon votre rythme de croissance\">\n\t\t\t\t\tStructurer un r\u00e9seau de franchise : les cl\u00e9s selon votre rythme de croissance\t\t\t\t<\/a>\n\t\t\t\t\t\t\t<\/h2>\n\t\t\t<\/div><\/article><\/div><div class=\"obfx-grid-wrapper\"><article class=\"obfx-grid-col\"><div class=\"obfx-grid-col-image\" ><a href=\"https:\/\/cerca.io\/fr_fr\/nouveautes-ia-et-beta-tickets-mobile\/\" title=\"Janvier 2026 : De nouvelles fonctionnalit\u00e9s IA et la b\u00eata Tickets disponible sur mobile\"><img loading=\"lazy\" decoding=\"async\" width=\"1746\" height=\"720\" src=\"https:\/\/cerca.io\/wp-content\/uploads\/2026\/01\/nouveautes-janvier-2026-minia-blog-ENG.png\" class=\"img-responsive wp-post-image\" alt=\"nouveaut\u00e9s-janvier-2026-minia blog ENG\" srcset=\"https:\/\/cerca.io\/wp-content\/uploads\/2026\/01\/nouveautes-janvier-2026-minia-blog-ENG.png 1746w, https:\/\/cerca.io\/wp-content\/uploads\/2026\/01\/nouveautes-janvier-2026-minia-blog-ENG-300x124.png 300w, https:\/\/cerca.io\/wp-content\/uploads\/2026\/01\/nouveautes-janvier-2026-minia-blog-ENG-1024x422.png 1024w, https:\/\/cerca.io\/wp-content\/uploads\/2026\/01\/nouveautes-janvier-2026-minia-blog-ENG-768x317.png 768w, https:\/\/cerca.io\/wp-content\/uploads\/2026\/01\/nouveautes-janvier-2026-minia-blog-ENG-1536x633.png 1536w, https:\/\/cerca.io\/wp-content\/uploads\/2026\/01\/nouveautes-janvier-2026-minia-blog-ENG-18x7.png 18w\" sizes=\"(max-width: 1746px) 100vw, 1746px\" \/><\/a><\/div><div class=\"obfx-grid-col-content\">\t\t\t<h2 class=\"entry-title obfx-grid-title\">\n\t\t\t\t\t\t\t<a href=\"https:\/\/cerca.io\/fr_fr\/nouveautes-ia-et-beta-tickets-mobile\/\" title=\"Janvier 2026 : De nouvelles fonctionnalit\u00e9s IA et la b\u00eata Tickets disponible sur mobile\">\n\t\t\t\t\tJanvier 2026 : De nouvelles fonctionnalit\u00e9s IA et la b\u00eata Tickets disponible sur mobile\t\t\t\t<\/a>\n\t\t\t\t\t\t\t<\/h2>\n\t\t\t<\/div><\/article><\/div><\/div><!-- .obfx-grid-container --><\/div><!-- .obfx-grid -->\t\t\t\t<\/div>\n\t\t\t\t<\/div>\n\t\t\t\t\t<\/div>\n\t\t<\/div>\n\t\t\t\t\t<\/div>\n\t\t<\/section>\n\t\t\t\t<\/div>",
        "protected": false
    },
    "excerpt": {
        "rendered": "<p>Un mot refl\u00e8te parfaitement le mois de F\u00e9vrier : Nouveaut\u00e9 ! Cerca ex Franchise On Cloud ne cesse de se d\u00e9velopper et d&rsquo;offrir les solutions digitales dont ont besoin les enseignes de franchise. Nous sommes ravis d\u2019accueillir ces enseignes dans la communaut\u00e9 Cerca ex Franchise On Cloud : Autour de B\u00e9b\u00e9 Autour de B\u00e9b\u00e9\u00a0a \u00e9t\u00e9 cr\u00e9\u00e9e en 1977 par la soci\u00e9t\u00e9 SAGAM. L\u2019enseigne compte 110 magasins de pu\u00e9riculture ind\u00e9pendants. Elle propose, \u00e0 travers ses boutiques pour b\u00e9b\u00e9 et son site internet, diff\u00e9rents produits tels que\u00a0: poussette, si\u00e8ge auto, chambre b\u00e9b\u00e9, biberon, etc. My Little Warung My Little Warung est sp\u00e9cialis\u00e9e dans la cuisine traditionnelle, authentique et rapide. Elle propose des recettes typiques des warungs (petits restaurants de plage ou de rue ou des m\u00e8res de familles cuisinent des plats traditionnels avec des ingr\u00e9dients locaux), cuisin\u00e9es au wok ou mijot\u00e9es. Ces plats proviennent de diff\u00e9rents endroits comme Bali, Vietnam, Cambodge, Tha\u00eflande\u2026 Le concept est n\u00e9 gr\u00e2ce \u00e0 3 amis \u00e0 la suite d\u2019un s\u00e9jour en Indon\u00e9sie. Le premier restaurant est lanc\u00e9 en 2011 \u00e0 Grenoble. A ce jour, l\u2019enseigne compte environ 20 points de vente. Factory &amp; Co Factory &amp; Co est un concept de restauration rapide qui allie la cuisine new-yorkaise et l\u2019excellence fran\u00e7aise. Le premier restaurant a \u00e9t\u00e9 ouvert en 2009. L\u2019id\u00e9e est venue de Jonathan Jablonski, car il est un r\u00e9el passionn\u00e9 de culture am\u00e9ricaine. L\u2019enseigne propose des aliments sal\u00e9s (burgers, american sandwiches\u2026), sucr\u00e9s (cheesecakes, muffins, cookies\u2026) mais \u00e9galement un Coffee Shop &amp; Juices (caf\u00e9s de sp\u00e9cialit\u00e9s, Smoothies et Milkshake\u2026) Chiffres cl\u00e9s\u00a0: 2014\u00a0: date du lancement en franchise 21 implantations FHV \u2013 FRANCE HYGIENE VENTILATION FHV \u2013 FRANCE HYGIENE VENTILATION\u00a0est sp\u00e9cialis\u00e9e dans l\u2019entretien, la r\u00e9paration, la maintenance et le contr\u00f4le des syst\u00e8mes de ventilation (VMC, hotte et climatisation). L\u2019enseigne assure la qualit\u00e9 de l\u2019air chez les professionnels et les particuliers. Elle a \u00e9t\u00e9 cr\u00e9\u00e9e en 2007. La franchise se lance en 2015. FHV \u2013 FRANCE HYGIENE VENTILATION Le 17.45 propose au client de composer sa planche de fromage et de charcuterie parmi plus de 40 produits du terroir. L\u2019id\u00e9e est venue de 3 amis. Dates cl\u00e9s\u00a0: 2015\u00a0: Date de cr\u00e9ation du r\u00e9seau Mars 2016 : Ouverture du 1er Atelier Octobre 2018 : Lancement du d\u00e9veloppement en franchise. Novembre 2019\u00a0: ouvre sa premi\u00e8re franchise \u00e0 Bordeaux Pour plus d&rsquo;informations sur les enseignes qui nous ont rejoint le mois pr\u00e9c\u00e9dant, rendez-vous sur notre article : Les nouvelles enseignes de janvier. Scalez votre franchise avec Cerca \u2728 Ces articles peuvent vous int\u00e9resser : C&rsquo;est officiel. Franchise On Cloud devient Cerca. Rapport de visite : des outils statistiques pour une synth\u00e8se plus op\u00e9rationnelle<\/p>",
        "protected": false
    },
    "author": 1,
    "featured_media": 21162,
    "comment_status": "closed",
    "ping_status": "closed",
    "sticky": false,
    "template": "",
    "format": "standard",
    "meta": {
        "content-type": "",
        "om_disable_all_campaigns": false,
        "_monsterinsights_skip_tracking": false,
        "_monsterinsights_sitenote_active": false,
        "_monsterinsights_sitenote_note": "",
        "_monsterinsights_sitenote_category": 0,
        "_uf_show_specific_survey": 0,
        "_uf_disable_surveys": false,
        "_themeisle_gutenberg_block_has_review": false,
        "footnotes": ""
    },
    "categories": [
        63,
        105
    ],
    "tags": [
        139
    ],
    "class_list": [
        "post-12818",
        "post",
        "type-post",
        "status-publish",
        "format-standard",
        "has-post-thumbnail",
        "hentry",
        "category-blog",
        "category-nouvelles-enseignes",
        "tag-fr"
    ],
    "aioseo_notices": [],
    "_links": {
        "self": [
            {
                "href": "https:\/\/cerca.io\/fr_fr\/wp-json\/wp\/v2\/posts\/12818",
                "targetHints": {
                    "allow": [
                        "GET"
                    ]
                }
            }
        ],
        "collection": [
            {
                "href": "https:\/\/cerca.io\/fr_fr\/wp-json\/wp\/v2\/posts"
            }
        ],
        "about": [
            {
                "href": "https:\/\/cerca.io\/fr_fr\/wp-json\/wp\/v2\/types\/post"
            }
        ],
        "author": [
            {
                "embeddable": true,
                "href": "https:\/\/cerca.io\/fr_fr\/wp-json\/wp\/v2\/users\/1"
            }
        ],
        "replies": [
            {
                "embeddable": true,
                "href": "https:\/\/cerca.io\/fr_fr\/wp-json\/wp\/v2\/comments?post=12818"
            }
        ],
        "version-history": [
            {
                "count": 47,
                "href": "https:\/\/cerca.io\/fr_fr\/wp-json\/wp\/v2\/posts\/12818\/revisions"
            }
        ],
        "predecessor-version": [
            {
                "id": 21239,
                "href": "https:\/\/cerca.io\/fr_fr\/wp-json\/wp\/v2\/posts\/12818\/revisions\/21239"
            }
        ],
        "wp:featuredmedia": [
            {
                "embeddable": true,
                "href": "https:\/\/cerca.io\/fr_fr\/wp-json\/wp\/v2\/media\/21162"
            }
        ],
        "wp:attachment": [
            {
                "href": "https:\/\/cerca.io\/fr_fr\/wp-json\/wp\/v2\/media?parent=12818"
            }
        ],
        "wp:term": [
            {
                "taxonomy": "category",
                "embeddable": true,
                "href": "https:\/\/cerca.io\/fr_fr\/wp-json\/wp\/v2\/categories?post=12818"
            },
            {
                "taxonomy": "post_tag",
                "embeddable": true,
                "href": "https:\/\/cerca.io\/fr_fr\/wp-json\/wp\/v2\/tags?post=12818"
            }
        ],
        "curies": [
            {
                "name": "wp",
                "href": "https:\/\/api.w.org\/{rel}",
                "templated": true
            }
        ]
    }
}