{
    "id": 12884,
    "date": "2021-03-18T11:18:33",
    "date_gmt": "2021-03-18T10:18:33",
    "guid": {
        "rendered": "https:\/\/franchiseoncloud.fr\/?p=12884"
    },
    "modified": "2025-11-13T11:35:35",
    "modified_gmt": "2025-11-13T10:35:35",
    "slug": "franchise-business-club-concours",
    "status": "publish",
    "type": "post",
    "link": "https:\/\/cerca.io\/fr_fr\/franchise-business-club-concours\/",
    "title": {
        "rendered": "Franchise Business Club organise le concours \u00ab\u00a0Les As de C\u0153ur de la Franchise 2021\u00a0\u00bb"
    },
    "content": {
        "rendered": "<div data-elementor-type=\"wp-post\" data-elementor-id=\"12884\" class=\"elementor elementor-12884\" data-elementor-post-type=\"post\">\n\t\t\t\t\t\t<section class=\"elementor-section elementor-top-section elementor-element elementor-element-2718da4f elementor-section-boxed elementor-section-height-default elementor-section-height-default wpr-particle-no wpr-jarallax-no wpr-parallax-no wpr-sticky-section-no\" data-id=\"2718da4f\" data-element_type=\"section\" data-e-type=\"section\">\n\t\t\t\t\t\t<div class=\"elementor-container elementor-column-gap-default\">\n\t\t\t\t\t<div class=\"elementor-column elementor-col-100 elementor-top-column elementor-element elementor-element-5f871326\" data-id=\"5f871326\" data-element_type=\"column\" data-e-type=\"column\">\n\t\t\t<div class=\"elementor-widget-wrap elementor-element-populated\">\n\t\t\t\t\t\t<div class=\"elementor-element elementor-element-34cf3d7 elementor-widget elementor-widget-image\" data-id=\"34cf3d7\" data-element_type=\"widget\" data-e-type=\"widget\" data-widget_type=\"image.default\">\n\t\t\t\t<div class=\"elementor-widget-container\">\n\t\t\t\t\t\t\t\t\t\t\t\t\t\t\t<img fetchpriority=\"high\" decoding=\"async\" width=\"2049\" height=\"720\" src=\"https:\/\/cerca.io\/wp-content\/uploads\/2021\/03\/news-as-franchise-Visuel-article.png\" class=\"attachment-full size-full wp-image-21143\" alt=\"as de la franchise\" srcset=\"https:\/\/cerca.io\/wp-content\/uploads\/2021\/03\/news-as-franchise-Visuel-article.png 2049w, https:\/\/cerca.io\/wp-content\/uploads\/2021\/03\/news-as-franchise-Visuel-article-300x105.png 300w, https:\/\/cerca.io\/wp-content\/uploads\/2021\/03\/news-as-franchise-Visuel-article-1024x360.png 1024w, https:\/\/cerca.io\/wp-content\/uploads\/2021\/03\/news-as-franchise-Visuel-article-768x270.png 768w, https:\/\/cerca.io\/wp-content\/uploads\/2021\/03\/news-as-franchise-Visuel-article-1536x540.png 1536w, https:\/\/cerca.io\/wp-content\/uploads\/2021\/03\/news-as-franchise-Visuel-article-18x6.png 18w\" sizes=\"(max-width: 2049px) 100vw, 2049px\" \/>\t\t\t\t\t\t\t\t\t\t\t\t\t\t\t<\/div>\n\t\t\t\t<\/div>\n\t\t\t\t<div class=\"elementor-element elementor-element-9e238a9 elementor-widget elementor-widget-heading\" data-id=\"9e238a9\" data-element_type=\"widget\" data-e-type=\"widget\" data-widget_type=\"heading.default\">\n\t\t\t\t<div class=\"elementor-widget-container\">\n\t\t\t\t\t<h2 class=\"elementor-heading-title elementor-size-default\">Les As de C\u0153ur de la Franchise 2021<\/h2>\t\t\t\t<\/div>\n\t\t\t\t<\/div>\n\t\t\t\t<div class=\"elementor-element elementor-element-2bd88a7 elementor-widget elementor-widget-text-editor\" data-id=\"2bd88a7\" data-element_type=\"widget\" data-e-type=\"widget\" data-widget_type=\"text-editor.default\">\n\t\t\t\t<div class=\"elementor-widget-container\">\n\t\t\t\t\t\t\t\t\t<p style=\"text-align: left;\"><strong>Les As de C\u0153ur de la Franchise 2021<\/strong>, organis\u00e9 par <span style=\"text-decoration: underline; color: #1284e0;\"><a style=\"color: #1284e0; text-decoration: underline;\" href=\"https:\/\/franchisebusinessclub.com\/accueil\" target=\"_blank\" rel=\"noopener nofollow\">Franchise Business Club<\/a><\/span>, r\u00e9compensent les franchis\u00e9s et franchiseurs solidaires <span style=\"text-decoration: underline; color: #1284e0;\"><a style=\"color: #1284e0; text-decoration: underline;\" href=\"https:\/\/lapizzadenico.com\/\" target=\"_blank\" rel=\"noopener nofollow\">La PIZZA DE NICO<\/a><\/span> et la <span style=\"text-decoration: underline; color: #1284e0;\"><a style=\"color: #1284e0; text-decoration: underline;\" href=\"https:\/\/www.lmt-services.fr\/\" target=\"_blank\" rel=\"noopener nofollow\">MAIN TENDUE<\/a><\/span>.<\/p><p>Cerca ex Franchise On Cloud, membre du Jury aux c\u00f4t\u00e9s de Me Fr\u00e9d\u00e9ric Fournier du cabinet Redlink, David Borgel de Flag Franchise, Me Jean-Baptiste Gouache du cabinet Gouache, sous la Pr\u00e9sidence de jean SAMPER, Pr\u00e9sident de Franchise Business Club, ont retenu ces deux enseignes pour leurs actions solidaires.<\/p>\t\t\t\t\t\t\t\t<\/div>\n\t\t\t\t<\/div>\n\t\t\t\t<div class=\"elementor-element elementor-element-7151794 elementor-widget elementor-widget-heading\" data-id=\"7151794\" data-element_type=\"widget\" data-e-type=\"widget\" data-widget_type=\"heading.default\">\n\t\t\t\t<div class=\"elementor-widget-container\">\n\t\t\t\t\t<h2 class=\"elementor-heading-title elementor-size-default\">La remise des prix du Franchise Business Club<\/h2>\t\t\t\t<\/div>\n\t\t\t\t<\/div>\n\t\t\t\t\t<\/div>\n\t\t<\/div>\n\t\t\t\t\t<\/div>\n\t\t<\/section>\n\t\t\t\t<section class=\"elementor-section elementor-top-section elementor-element elementor-element-0f97e75 elementor-section-boxed elementor-section-height-default elementor-section-height-default wpr-particle-no wpr-jarallax-no wpr-parallax-no wpr-sticky-section-no\" data-id=\"0f97e75\" data-element_type=\"section\" data-e-type=\"section\">\n\t\t\t\t\t\t<div class=\"elementor-container elementor-column-gap-default\">\n\t\t\t\t\t<div class=\"elementor-column elementor-col-50 elementor-top-column elementor-element elementor-element-5d9bbe6\" data-id=\"5d9bbe6\" data-element_type=\"column\" data-e-type=\"column\">\n\t\t\t<div class=\"elementor-widget-wrap elementor-element-populated\">\n\t\t\t\t\t\t<div class=\"elementor-element elementor-element-85557e7 elementor-widget elementor-widget-text-editor\" data-id=\"85557e7\" data-element_type=\"widget\" data-e-type=\"widget\" data-widget_type=\"text-editor.default\">\n\t\t\t\t<div class=\"elementor-widget-container\">\n\t\t\t\t\t\t\t\t\t<p>La remise des prix du Franchise Business Club aura lieu le 26 mars \u00e0 14 h 30 en visioconf\u00e9rence.<\/p><p>La Pizza de Nico m\u00e9rite le titre d&rsquo;<strong>As de C\u0153ur de la Franchise 2021<\/strong>\u00a0par son action en faveur des \u00e9tudiants en cette p\u00e9riode pand\u00e9mique (plusieurs centaines de pizza offertes et plus de 1000 pizzas distribu\u00e9es en lien avec ses clients).<\/p><p>LMT La Main Tendue est <strong>As de C\u0153ur de la Franchise 2021<\/strong>\u00a0gr\u00e2ce \u00e0 son action continuelle pour maintenir la personne \u00e2g\u00e9e \u00e0 son domicile en bonne sant\u00e9 notamment en p\u00e9riode de confinement.<\/p><p>Vous pouvez concourir pour la prochaine \u00e9dition 2021 en contactant Franchise Business Club.<\/p>\t\t\t\t\t\t\t\t<\/div>\n\t\t\t\t<\/div>\n\t\t\t\t\t<\/div>\n\t\t<\/div>\n\t\t\t\t<div class=\"elementor-column elementor-col-50 elementor-top-column elementor-element elementor-element-225e6c7\" data-id=\"225e6c7\" data-element_type=\"column\" data-e-type=\"column\">\n\t\t\t<div class=\"elementor-widget-wrap elementor-element-populated\">\n\t\t\t\t\t\t<div class=\"elementor-element elementor-element-d5566b8 elementor-widget elementor-widget-image\" data-id=\"d5566b8\" data-element_type=\"widget\" data-e-type=\"widget\" data-widget_type=\"image.default\">\n\t\t\t\t<div class=\"elementor-widget-container\">\n\t\t\t\t\t\t\t\t\t\t\t\t\t\t\t<img decoding=\"async\" width=\"300\" height=\"247\" src=\"https:\/\/cerca.io\/wp-content\/uploads\/2021\/03\/article-300x247-1.jpg\" class=\"attachment-large size-large wp-image-21148\" alt=\"as de la franchise\" srcset=\"https:\/\/cerca.io\/wp-content\/uploads\/2021\/03\/article-300x247-1.jpg 300w, https:\/\/cerca.io\/wp-content\/uploads\/2021\/03\/article-300x247-1-15x12.jpg 15w\" sizes=\"(max-width: 300px) 100vw, 300px\" \/>\t\t\t\t\t\t\t\t\t\t\t\t\t\t\t<\/div>\n\t\t\t\t<\/div>\n\t\t\t\t\t<\/div>\n\t\t<\/div>\n\t\t\t\t\t<\/div>\n\t\t<\/section>\n\t\t\t\t<section class=\"elementor-section elementor-top-section elementor-element elementor-element-7910fd5 elementor-section-boxed elementor-section-height-default elementor-section-height-default wpr-particle-no wpr-jarallax-no wpr-parallax-no wpr-sticky-section-no\" data-id=\"7910fd5\" data-element_type=\"section\" data-e-type=\"section\">\n\t\t\t\t\t\t<div class=\"elementor-container elementor-column-gap-default\">\n\t\t\t\t\t<div class=\"elementor-column elementor-col-100 elementor-top-column elementor-element elementor-element-461759f\" data-id=\"461759f\" data-element_type=\"column\" data-e-type=\"column\">\n\t\t\t<div class=\"elementor-widget-wrap elementor-element-populated\">\n\t\t\t\t\t\t<div class=\"elementor-element elementor-element-4059b4d elementor-widget elementor-widget-heading\" data-id=\"4059b4d\" data-element_type=\"widget\" data-e-type=\"widget\" data-widget_type=\"heading.default\">\n\t\t\t\t<div class=\"elementor-widget-container\">\n\t\t\t\t\t<h2 class=\"elementor-heading-title elementor-size-default\">Ces articles peuvent vous int\u00e9resser : <\/h2>\t\t\t\t<\/div>\n\t\t\t\t<\/div>\n\t\t\t\t<div class=\"elementor-element elementor-element-166daae elementor-widget elementor-widget-global elementor-global-18806 elementor-widget-obfx-posts-grid\" data-id=\"166daae\" data-element_type=\"widget\" data-e-type=\"widget\" data-widget_type=\"obfx-posts-grid.default\">\n\t\t\t\t<div class=\"elementor-widget-container\">\n\t\t\t\t\t<div class=\"obfx-grid\"><div class=\"obfx-grid-container obfx-grid-mobile-1 obfx-grid-desktop-2\"><div class=\"obfx-grid-wrapper\"><article class=\"obfx-grid-col\"><div class=\"obfx-grid-col-image\" ><a href=\"https:\/\/cerca.io\/fr_fr\/mobalpa-choisit-franchise-on-cloud\/\" title=\"MOBALPA choisit Cerca ex Franchise On Cloud\"><img decoding=\"async\" width=\"1747\" height=\"720\" src=\"https:\/\/cerca.io\/wp-content\/uploads\/2021\/01\/new-client-mobalpa-minia-1.png\" class=\"img-responsive wp-post-image\" alt=\"mobalpa cerca\" srcset=\"https:\/\/cerca.io\/wp-content\/uploads\/2021\/01\/new-client-mobalpa-minia-1.png 1747w, https:\/\/cerca.io\/wp-content\/uploads\/2021\/01\/new-client-mobalpa-minia-1-300x124.png 300w, https:\/\/cerca.io\/wp-content\/uploads\/2021\/01\/new-client-mobalpa-minia-1-1024x422.png 1024w, https:\/\/cerca.io\/wp-content\/uploads\/2021\/01\/new-client-mobalpa-minia-1-768x317.png 768w, https:\/\/cerca.io\/wp-content\/uploads\/2021\/01\/new-client-mobalpa-minia-1-1536x633.png 1536w, https:\/\/cerca.io\/wp-content\/uploads\/2021\/01\/new-client-mobalpa-minia-1-18x7.png 18w\" sizes=\"(max-width: 1747px) 100vw, 1747px\" \/><\/a><\/div><div class=\"obfx-grid-col-content\">\t\t\t<h2 class=\"entry-title obfx-grid-title\">\n\t\t\t\t\t\t\t<a href=\"https:\/\/cerca.io\/fr_fr\/mobalpa-choisit-franchise-on-cloud\/\" title=\"MOBALPA choisit Cerca ex Franchise On Cloud\">\n\t\t\t\t\tMOBALPA choisit Cerca ex Franchise On Cloud\t\t\t\t<\/a>\n\t\t\t\t\t\t\t<\/h2>\n\t\t\t<\/div><\/article><\/div><div class=\"obfx-grid-wrapper\"><article class=\"obfx-grid-col\"><div class=\"obfx-grid-col-image\" ><a href=\"https:\/\/cerca.io\/fr_fr\/les-nouvelles-enseignes-de-franchise-on-cloud\/\" title=\"Novembre : ces enseignes qui ont choisi Cerca ex Franchise On Cloud\"><img loading=\"lazy\" decoding=\"async\" width=\"1747\" height=\"720\" src=\"https:\/\/cerca.io\/wp-content\/uploads\/2021\/01\/new-clients-nov-2020-minia.png\" class=\"img-responsive wp-post-image\" alt=\"Cerca ex Franchise On Cloud\" srcset=\"https:\/\/cerca.io\/wp-content\/uploads\/2021\/01\/new-clients-nov-2020-minia.png 1747w, https:\/\/cerca.io\/wp-content\/uploads\/2021\/01\/new-clients-nov-2020-minia-300x124.png 300w, https:\/\/cerca.io\/wp-content\/uploads\/2021\/01\/new-clients-nov-2020-minia-1024x422.png 1024w, https:\/\/cerca.io\/wp-content\/uploads\/2021\/01\/new-clients-nov-2020-minia-768x317.png 768w, https:\/\/cerca.io\/wp-content\/uploads\/2021\/01\/new-clients-nov-2020-minia-1536x633.png 1536w, https:\/\/cerca.io\/wp-content\/uploads\/2021\/01\/new-clients-nov-2020-minia-18x7.png 18w\" sizes=\"(max-width: 1747px) 100vw, 1747px\" \/><\/a><\/div><div class=\"obfx-grid-col-content\">\t\t\t<h2 class=\"entry-title obfx-grid-title\">\n\t\t\t\t\t\t\t<a href=\"https:\/\/cerca.io\/fr_fr\/les-nouvelles-enseignes-de-franchise-on-cloud\/\" title=\"Novembre : ces enseignes qui ont choisi Cerca ex Franchise On Cloud\">\n\t\t\t\t\tNovembre : ces enseignes qui ont choisi Cerca ex Franchise On Cloud\t\t\t\t<\/a>\n\t\t\t\t\t\t\t<\/h2>\n\t\t\t<\/div><\/article><\/div><\/div><!-- .obfx-grid-container --><\/div><!-- .obfx-grid -->\t\t\t\t<\/div>\n\t\t\t\t<\/div>\n\t\t\t\t\t<\/div>\n\t\t<\/div>\n\t\t\t\t\t<\/div>\n\t\t<\/section>\n\t\t\t\t<\/div>",
        "protected": false
    },
    "excerpt": {
        "rendered": "<p>Les As de C\u0153ur de la Franchise 2021 Les As de C\u0153ur de la Franchise 2021, organis\u00e9 par Franchise Business Club, r\u00e9compensent les franchis\u00e9s et franchiseurs solidaires La PIZZA DE NICO et la MAIN TENDUE. Cerca ex Franchise On Cloud, membre du Jury aux c\u00f4t\u00e9s de Me Fr\u00e9d\u00e9ric Fournier du cabinet Redlink, David Borgel de Flag Franchise, Me Jean-Baptiste Gouache du cabinet Gouache, sous la Pr\u00e9sidence de jean SAMPER, Pr\u00e9sident de Franchise Business Club, ont retenu ces deux enseignes pour leurs actions solidaires. La remise des prix du Franchise Business Club La remise des prix du Franchise Business Club aura lieu le 26 mars \u00e0 14 h 30 en visioconf\u00e9rence. La Pizza de Nico m\u00e9rite le titre d&rsquo;As de C\u0153ur de la Franchise 2021\u00a0par son action en faveur des \u00e9tudiants en cette p\u00e9riode pand\u00e9mique (plusieurs centaines de pizza offertes et plus de 1000 pizzas distribu\u00e9es en lien avec ses clients). LMT La Main Tendue est As de C\u0153ur de la Franchise 2021\u00a0gr\u00e2ce \u00e0 son action continuelle pour maintenir la personne \u00e2g\u00e9e \u00e0 son domicile en bonne sant\u00e9 notamment en p\u00e9riode de confinement. Vous pouvez concourir pour la prochaine \u00e9dition 2021 en contactant Franchise Business Club. Ces articles peuvent vous int\u00e9resser : Nouvelle Interface Cerca : Personnalisez votre base de connaissances Nos 6 bonnes raisons d\u2019utiliser un logiciel de gestion de franchise<\/p>",
        "protected": false
    },
    "author": 1,
    "featured_media": 21142,
    "comment_status": "closed",
    "ping_status": "closed",
    "sticky": false,
    "template": "",
    "format": "standard",
    "meta": {
        "content-type": "",
        "om_disable_all_campaigns": false,
        "_monsterinsights_skip_tracking": false,
        "_monsterinsights_sitenote_active": false,
        "_monsterinsights_sitenote_note": "",
        "_monsterinsights_sitenote_category": 0,
        "_uf_show_specific_survey": 0,
        "_uf_disable_surveys": false,
        "_themeisle_gutenberg_block_has_review": false,
        "footnotes": ""
    },
    "categories": [
        63,
        101
    ],
    "tags": [
        139
    ],
    "class_list": [
        "post-12884",
        "post",
        "type-post",
        "status-publish",
        "format-standard",
        "has-post-thumbnail",
        "hentry",
        "category-blog",
        "category-actualites",
        "tag-fr"
    ],
    "aioseo_notices": [],
    "_links": {
        "self": [
            {
                "href": "https:\/\/cerca.io\/fr_fr\/wp-json\/wp\/v2\/posts\/12884",
                "targetHints": {
                    "allow": [
                        "GET"
                    ]
                }
            }
        ],
        "collection": [
            {
                "href": "https:\/\/cerca.io\/fr_fr\/wp-json\/wp\/v2\/posts"
            }
        ],
        "about": [
            {
                "href": "https:\/\/cerca.io\/fr_fr\/wp-json\/wp\/v2\/types\/post"
            }
        ],
        "author": [
            {
                "embeddable": true,
                "href": "https:\/\/cerca.io\/fr_fr\/wp-json\/wp\/v2\/users\/1"
            }
        ],
        "replies": [
            {
                "embeddable": true,
                "href": "https:\/\/cerca.io\/fr_fr\/wp-json\/wp\/v2\/comments?post=12884"
            }
        ],
        "version-history": [
            {
                "count": 21,
                "href": "https:\/\/cerca.io\/fr_fr\/wp-json\/wp\/v2\/posts\/12884\/revisions"
            }
        ],
        "predecessor-version": [
            {
                "id": 21151,
                "href": "https:\/\/cerca.io\/fr_fr\/wp-json\/wp\/v2\/posts\/12884\/revisions\/21151"
            }
        ],
        "wp:featuredmedia": [
            {
                "embeddable": true,
                "href": "https:\/\/cerca.io\/fr_fr\/wp-json\/wp\/v2\/media\/21142"
            }
        ],
        "wp:attachment": [
            {
                "href": "https:\/\/cerca.io\/fr_fr\/wp-json\/wp\/v2\/media?parent=12884"
            }
        ],
        "wp:term": [
            {
                "taxonomy": "category",
                "embeddable": true,
                "href": "https:\/\/cerca.io\/fr_fr\/wp-json\/wp\/v2\/categories?post=12884"
            },
            {
                "taxonomy": "post_tag",
                "embeddable": true,
                "href": "https:\/\/cerca.io\/fr_fr\/wp-json\/wp\/v2\/tags?post=12884"
            }
        ],
        "curies": [
            {
                "name": "wp",
                "href": "https:\/\/api.w.org\/{rel}",
                "templated": true
            }
        ]
    }
}