{
    "id": 13205,
    "date": "2021-05-18T12:33:32",
    "date_gmt": "2021-05-18T10:33:32",
    "guid": {
        "rendered": "https:\/\/franchiseoncloud.fr\/?p=13205"
    },
    "modified": "2025-11-13T11:34:31",
    "modified_gmt": "2025-11-13T10:34:31",
    "slug": "franchise-on-cloud-a-encore-ete-au-rendez-vous",
    "status": "publish",
    "type": "post",
    "link": "https:\/\/cerca.io\/fr_fr\/franchise-on-cloud-a-encore-ete-au-rendez-vous\/",
    "title": {
        "rendered": "Cerca ex Franchise On Cloud a encore \u00e9t\u00e9 au rendez-vous !"
    },
    "content": {
        "rendered": "<div data-elementor-type=\"wp-post\" data-elementor-id=\"13205\" class=\"elementor elementor-13205\" data-elementor-post-type=\"post\">\n\t\t\t\t\t\t<section class=\"elementor-section elementor-top-section elementor-element elementor-element-c0da427 elementor-section-boxed elementor-section-height-default elementor-section-height-default wpr-particle-no wpr-jarallax-no wpr-parallax-no wpr-sticky-section-no\" data-id=\"c0da427\" data-element_type=\"section\" data-e-type=\"section\">\n\t\t\t\t\t\t<div class=\"elementor-container elementor-column-gap-no\">\n\t\t\t\t\t<div class=\"elementor-column elementor-col-100 elementor-top-column elementor-element elementor-element-6b4f09b6\" data-id=\"6b4f09b6\" data-element_type=\"column\" data-e-type=\"column\">\n\t\t\t<div class=\"elementor-widget-wrap elementor-element-populated\">\n\t\t\t\t\t\t<div class=\"elementor-element elementor-element-6d9f7a8 elementor-widget elementor-widget-image\" data-id=\"6d9f7a8\" data-element_type=\"widget\" data-e-type=\"widget\" data-widget_type=\"image.default\">\n\t\t\t\t<div class=\"elementor-widget-container\">\n\t\t\t\t\t\t\t\t\t\t\t\t\t\t\t<img fetchpriority=\"high\" decoding=\"async\" width=\"2049\" height=\"720\" src=\"https:\/\/cerca.io\/wp-content\/uploads\/2021\/05\/new-clients-avril-Visuel-article.png\" class=\"attachment-full size-full wp-image-21070\" alt=\"Cerca ex Franchise On Cloud nouveaux clients\" srcset=\"https:\/\/cerca.io\/wp-content\/uploads\/2021\/05\/new-clients-avril-Visuel-article.png 2049w, https:\/\/cerca.io\/wp-content\/uploads\/2021\/05\/new-clients-avril-Visuel-article-300x105.png 300w, https:\/\/cerca.io\/wp-content\/uploads\/2021\/05\/new-clients-avril-Visuel-article-1024x360.png 1024w, https:\/\/cerca.io\/wp-content\/uploads\/2021\/05\/new-clients-avril-Visuel-article-768x270.png 768w, https:\/\/cerca.io\/wp-content\/uploads\/2021\/05\/new-clients-avril-Visuel-article-1536x540.png 1536w, https:\/\/cerca.io\/wp-content\/uploads\/2021\/05\/new-clients-avril-Visuel-article-18x6.png 18w\" sizes=\"(max-width: 2049px) 100vw, 2049px\" \/>\t\t\t\t\t\t\t\t\t\t\t\t\t\t\t<\/div>\n\t\t\t\t<\/div>\n\t\t\t\t<div class=\"elementor-element elementor-element-3de33b1 elementor-widget elementor-widget-heading\" data-id=\"3de33b1\" data-element_type=\"widget\" data-e-type=\"widget\" data-widget_type=\"heading.default\">\n\t\t\t\t<div class=\"elementor-widget-container\">\n\t\t\t\t\t<h2 class=\"elementor-heading-title elementor-size-default\">Les nouveaux clients du moi d'Avril<\/h2>\t\t\t\t<\/div>\n\t\t\t\t<\/div>\n\t\t\t\t<div class=\"elementor-element elementor-element-ee08bab elementor-widget elementor-widget-text-editor\" data-id=\"ee08bab\" data-element_type=\"widget\" data-e-type=\"widget\" data-widget_type=\"text-editor.default\">\n\t\t\t\t<div class=\"elementor-widget-container\">\n\t\t\t\t\t\t\t\t\t<p>Au cours du mois d\u2019Avril, Cerca ex Franchise On Cloud a accueilli 6 nouvelles enseignes ! Celles-ci proviennent de diff\u00e9rents horizons. Qui sont-elles\u00a0? Nous vous les pr\u00e9sentons en fonction de leur secteur d\u2019activit\u00e9. Les voici\u00a0:<\/p>\t\t\t\t\t\t\t\t<\/div>\n\t\t\t\t<\/div>\n\t\t\t\t<div class=\"elementor-element elementor-element-66531c8 elementor-widget elementor-widget-heading\" data-id=\"66531c8\" data-element_type=\"widget\" data-e-type=\"widget\" data-widget_type=\"heading.default\">\n\t\t\t\t<div class=\"elementor-widget-container\">\n\t\t\t\t\t<h2 class=\"elementor-heading-title elementor-size-default\">Prestation de services<\/h2>\t\t\t\t<\/div>\n\t\t\t\t<\/div>\n\t\t\t\t<div class=\"elementor-element elementor-element-170b08d elementor-widget elementor-widget-heading\" data-id=\"170b08d\" data-element_type=\"widget\" data-e-type=\"widget\" data-widget_type=\"heading.default\">\n\t\t\t\t<div class=\"elementor-widget-container\">\n\t\t\t\t\t<h3 class=\"elementor-heading-title elementor-size-default\">Optimize 360<\/h3>\t\t\t\t<\/div>\n\t\t\t\t<\/div>\n\t\t\t\t<div class=\"elementor-element elementor-element-a8aaabb elementor-widget elementor-widget-text-editor\" data-id=\"a8aaabb\" data-element_type=\"widget\" data-e-type=\"widget\" data-widget_type=\"text-editor.default\">\n\t\t\t\t<div class=\"elementor-widget-container\">\n\t\t\t\t\t\t\t\t\t<p>Avec son expertise sur le Web Marketing 360\u00b0, <span style=\"text-decoration: underline; color: #1284e0;\"><a style=\"color: #1284e0; text-decoration: underline;\" href=\"https:\/\/www.optimize360.fr\/\" target=\"_blank\" rel=\"noopener nofollow\">Optimize 360<\/a><\/span> accompagne ses clients, ind\u00e9pendants et groupements d\u2019ind\u00e9pendants, TPE\/ PME sur des th\u00e9matiques tr\u00e8s larges pouvant couvrir leurs besoins digitaux : R\u00e9f\u00e9rencement naturel (SEO), R\u00e9f\u00e9rencement Payant (SEA), Strat\u00e9gie Social Media (SEM) ou bien encore les probl\u00e9matiques li\u00e9es \u00e0 la e-r\u00e9putation.<\/p>\t\t\t\t\t\t\t\t<\/div>\n\t\t\t\t<\/div>\n\t\t\t\t<div class=\"elementor-element elementor-element-4441fd2 elementor-widget elementor-widget-heading\" data-id=\"4441fd2\" data-element_type=\"widget\" data-e-type=\"widget\" data-widget_type=\"heading.default\">\n\t\t\t\t<div class=\"elementor-widget-container\">\n\t\t\t\t\t<h2 class=\"elementor-heading-title elementor-size-default\">Alimentaire<\/h2>\t\t\t\t<\/div>\n\t\t\t\t<\/div>\n\t\t\t\t<div class=\"elementor-element elementor-element-2ceccd1 elementor-widget elementor-widget-heading\" data-id=\"2ceccd1\" data-element_type=\"widget\" data-e-type=\"widget\" data-widget_type=\"heading.default\">\n\t\t\t\t<div class=\"elementor-widget-container\">\n\t\t\t\t\t<h3 class=\"elementor-heading-title elementor-size-default\">\u00a0Les Boulangeries Maison B\u00e9cam<\/h3>\t\t\t\t<\/div>\n\t\t\t\t<\/div>\n\t\t\t\t<div class=\"elementor-element elementor-element-85eba6b elementor-widget elementor-widget-text-editor\" data-id=\"85eba6b\" data-element_type=\"widget\" data-e-type=\"widget\" data-widget_type=\"text-editor.default\">\n\t\t\t\t<div class=\"elementor-widget-container\">\n\t\t\t\t\t\t\t\t\t<p>Les boulangeries <span style=\"text-decoration: underline; color: #1284e0;\"><a style=\"color: #1284e0; text-decoration: underline;\" href=\"https:\/\/maisonbecam.com\/\" target=\"_blank\" rel=\"noopener nofollow\">Maison B\u00e9cam<\/a><\/span> ont \u00e9t\u00e9\u00a0fond\u00e9es en 2005, autrefois appel\u00e9es Jardin des Saveurs sont aujourd\u2019hui une r\u00e9f\u00e9rence dans leur domaine.<\/p><p>En effet, elles ont pu remporter diff\u00e9rents prix\u00a0pour les r\u00e9compenser de leur travail acharn\u00e9\u00a0:<\/p><ul><li>Le TALMELIER D\u2019OR en 2005, il s\u2019agit de la plus haute r\u00e9compense attribu\u00e9e dans le d\u00e9partement du Maine et Loire<\/li><li>Plusieurs 1<sup>er<\/sup>s prix sur diff\u00e9rents concours comme au Pain de Tradition Fran\u00e7aise ou encore \u00e0 celui du Pain Sucr\u00e9, Sal\u00e9, Snacking.<\/li><\/ul><p>Les boulangeries proposent \u00e0 leurs clients plusieurs produits artisanaux qui font d\u2019elles leur reconnue.<\/p>\t\t\t\t\t\t\t\t<\/div>\n\t\t\t\t<\/div>\n\t\t\t\t<div class=\"elementor-element elementor-element-c9ca4b1 elementor-widget elementor-widget-heading\" data-id=\"c9ca4b1\" data-element_type=\"widget\" data-e-type=\"widget\" data-widget_type=\"heading.default\">\n\t\t\t\t<div class=\"elementor-widget-container\">\n\t\t\t\t\t<h3 class=\"elementor-heading-title elementor-size-default\">Bioburger<\/h3>\t\t\t\t<\/div>\n\t\t\t\t<\/div>\n\t\t\t\t<div class=\"elementor-element elementor-element-62c359a elementor-widget elementor-widget-text-editor\" data-id=\"62c359a\" data-element_type=\"widget\" data-e-type=\"widget\" data-widget_type=\"text-editor.default\">\n\t\t\t\t<div class=\"elementor-widget-container\">\n\t\t\t\t\t\t\t\t\t<p><span style=\"text-decoration: underline; color: #1284e0;\"><a style=\"color: #1284e0; text-decoration: underline;\" href=\"https:\/\/www.bioburger.fr\/\" rel=\"nofollow noopener\" target=\"_blank\">Bioburger<\/a><\/span> a \u00e9t\u00e9 cr\u00e9\u00e9e par deux amis, Anthony Darr\u00e9 et Louis Frack, en 2011. L\u2019enseigne propose des burgers de qualit\u00e9 100% bio. Comme c\u2019est une marque engag\u00e9e, elle a supprim\u00e9 l\u2019ensemble des packagings en plastique pour les remplacer par des \u00e9l\u00e9ments 100% compostables et compost\u00e9s.<\/p><p>Le r\u00e9seau compte 9 restaurants\u00a0: \u00e0 Paris (passage Choiseul, rue de la Victoire, \u00e0 Montorgueil, aux Gobelins, \u00e0 La D\u00e9fense, Montparnasse, Marais, Batignolles) et un \u00e0 Nantes.<\/p>\t\t\t\t\t\t\t\t<\/div>\n\t\t\t\t<\/div>\n\t\t\t\t<div class=\"elementor-element elementor-element-1dafe58 elementor-widget elementor-widget-heading\" data-id=\"1dafe58\" data-element_type=\"widget\" data-e-type=\"widget\" data-widget_type=\"heading.default\">\n\t\t\t\t<div class=\"elementor-widget-container\">\n\t\t\t\t\t<h2 class=\"elementor-heading-title elementor-size-default\">Commerces sp\u00e9cialis\u00e9s<\/h2>\t\t\t\t<\/div>\n\t\t\t\t<\/div>\n\t\t\t\t<div class=\"elementor-element elementor-element-9e69517 elementor-widget elementor-widget-heading\" data-id=\"9e69517\" data-element_type=\"widget\" data-e-type=\"widget\" data-widget_type=\"heading.default\">\n\t\t\t\t<div class=\"elementor-widget-container\">\n\t\t\t\t\t<h3 class=\"elementor-heading-title elementor-size-default\">AG+Energies<\/h3>\t\t\t\t<\/div>\n\t\t\t\t<\/div>\n\t\t\t\t<div class=\"elementor-element elementor-element-49e308b elementor-widget elementor-widget-text-editor\" data-id=\"49e308b\" data-element_type=\"widget\" data-e-type=\"widget\" data-widget_type=\"text-editor.default\">\n\t\t\t\t<div class=\"elementor-widget-container\">\n\t\t\t\t\t\t\t\t\t<p><span style=\"text-decoration: underline; color: #1284e0;\"><a style=\"color: #1284e0; text-decoration: underline;\" href=\"https:\/\/www.agplus-energies.fr\/\" rel=\"nofollow noopener\" target=\"_blank\">AG+Energies<\/a><\/span> a \u00e9t\u00e9 cr\u00e9\u00e9e en 2008 et est dirig\u00e9 par Gr\u00e9gory Armengaud. L\u2019entreprise est sp\u00e9cialiste du chauffage et de la climatisation et propose des services d\u2019installation, diagnostic d\u00e9pannage 24H, contrats d\u2019entretiens. Elle d\u00e9tient plus de 300 clients \u00e0 l\u2019ann\u00e9e.<\/p><p>L\u2019entreprise excelle pour ses qualit\u00e9s professionnelles et humaines et pour sa r\u00e9activit\u00e9.<\/p><p>Son objectif est de r\u00e9aliser des \u00e9conomies d\u2019\u00e9nergie et d\u2019apporter un confort suppl\u00e9mentaire \u00e0 ses clients.<\/p>\t\t\t\t\t\t\t\t<\/div>\n\t\t\t\t<\/div>\n\t\t\t\t<div class=\"elementor-element elementor-element-b2835cb elementor-widget elementor-widget-global elementor-global-20642 elementor-widget-image\" data-id=\"b2835cb\" data-element_type=\"widget\" data-e-type=\"widget\" data-widget_type=\"image.default\">\n\t\t\t\t<div class=\"elementor-widget-container\">\n\t\t\t\t\t\t\t\t\t\t\t\t\t\t\t\t<a href=\"https:\/\/cerca.io\/fr_fr\/essai-gratuit-foc-2\/\" target=\"_blank\">\n\t\t\t\t\t\t\t<img decoding=\"async\" width=\"2049\" height=\"720\" src=\"https:\/\/cerca.io\/wp-content\/uploads\/2022\/06\/cta-article.png\" class=\"elementor-animation-bob attachment-full size-full wp-image-20041\" alt=\"franchiseur\" srcset=\"https:\/\/cerca.io\/wp-content\/uploads\/2022\/06\/cta-article.png 2049w, https:\/\/cerca.io\/wp-content\/uploads\/2022\/06\/cta-article-300x105.png 300w, https:\/\/cerca.io\/wp-content\/uploads\/2022\/06\/cta-article-1024x360.png 1024w, https:\/\/cerca.io\/wp-content\/uploads\/2022\/06\/cta-article-768x270.png 768w, https:\/\/cerca.io\/wp-content\/uploads\/2022\/06\/cta-article-1536x540.png 1536w\" sizes=\"(max-width: 2049px) 100vw, 2049px\" \/>\t\t\t\t\t\t\t\t<\/a>\n\t\t\t\t\t\t\t\t\t\t\t\t\t\t\t<\/div>\n\t\t\t\t<\/div>\n\t\t\t\t<div class=\"elementor-element elementor-element-f65e1fb elementor-widget elementor-widget-heading\" data-id=\"f65e1fb\" data-element_type=\"widget\" data-e-type=\"widget\" data-widget_type=\"heading.default\">\n\t\t\t\t<div class=\"elementor-widget-container\">\n\t\t\t\t\t<h3 class=\"elementor-heading-title elementor-size-default\">Bobiclou<\/h3>\t\t\t\t<\/div>\n\t\t\t\t<\/div>\n\t\t\t\t<div class=\"elementor-element elementor-element-2bf2d4b elementor-widget elementor-widget-text-editor\" data-id=\"2bf2d4b\" data-element_type=\"widget\" data-e-type=\"widget\" data-widget_type=\"text-editor.default\">\n\t\t\t\t<div class=\"elementor-widget-container\">\n\t\t\t\t\t\t\t\t\t<p><span style=\"text-decoration: underline; color: #1284e0;\"><a style=\"color: #1284e0; text-decoration: underline;\" href=\"https:\/\/www.bobiclou.fr\/\" rel=\"nofollow noopener\" target=\"_blank\">Bobiclou<\/a><\/span> accompagne le client de A \u00e0 Z dans son choix de son nouveau v\u00e9lo \u00e9lectrique. Plus de 30 mod\u00e8les diff\u00e9rents de v\u00e9los \u00e9lectriques sont disponibles pour un essai gratuit. Il y en a pour tous les go\u00fbts, toutes les pratiques, tous les budgets et toutes les morphologies.<\/p><p>En plus des v\u00e9los \u00e9lectriques, l\u2019enseigne assure \u00e9galement l&rsquo;int\u00e9gralit\u00e9 des prestations d&rsquo;entretien sur les v\u00e9los de route, les VTT, les VTC, les v\u00e9los urbains, les BMX et les v\u00e9los des enfants.<\/p>\t\t\t\t\t\t\t\t<\/div>\n\t\t\t\t<\/div>\n\t\t\t\t<div class=\"elementor-element elementor-element-11cc331 elementor-widget elementor-widget-heading\" data-id=\"11cc331\" data-element_type=\"widget\" data-e-type=\"widget\" data-widget_type=\"heading.default\">\n\t\t\t\t<div class=\"elementor-widget-container\">\n\t\t\t\t\t<h3 class=\"elementor-heading-title elementor-size-default\">Hygena<\/h3>\t\t\t\t<\/div>\n\t\t\t\t<\/div>\n\t\t\t\t<div class=\"elementor-element elementor-element-d7106a5 elementor-widget elementor-widget-text-editor\" data-id=\"d7106a5\" data-element_type=\"widget\" data-e-type=\"widget\" data-widget_type=\"text-editor.default\">\n\t\t\t\t<div class=\"elementor-widget-container\">\n\t\t\t\t\t\t\t\t\t<p><span style=\"text-decoration: underline; color: #1284e0;\"><a style=\"color: #1284e0; text-decoration: underline;\" href=\"https:\/\/hygena.fr\/\" rel=\"nofollow noopener\" target=\"_blank\">Hygena<\/a><\/span> se situe sur le march\u00e9 de la cuisine et de la salle de bains.<\/p><p>Pour r\u00e9ussir un projet cuisine, l\u2019entreprise utilise son site Internet dot\u00e9 d&rsquo;un outil de conception 3D et son r\u00e9seau de franchis\u00e9s et de concepteurs \u00e0 distance.<\/p><p>Vous \u00eates int\u00e9ress\u00e9s et souhaitez en savoir plus sur ces enseignes ?\u00a0 N\u2019h\u00e9sitez pas \u00e0 aller cliquer sur les diff\u00e9rents liens redirigeant vers leurs sites officiels.<\/p><p>De plus en plus de r\u00e9seau de franchise font le choix de franchise On Cloud pour optimiser la gestion de leur r\u00e9seau. Vous h\u00e9sitez encore ? D\u00e9couvrez les r\u00e9seaux ayant fait confiance \u00e0 <span style=\"text-decoration: underline; color: #1284e0;\"><a style=\"color: #1284e0; text-decoration: underline;\" href=\"https:\/\/cerca.io\/fr_fr\/nouvelles-enseignes-franchise-on-cloud-4\/\" target=\"_blank\" rel=\"noopener\">Cerca ex Franchise On Cloud au mois de mars<\/a><\/span>.<\/p><p><strong>Et vous quelles solutions utilisez-vous ?<\/strong><\/p>\t\t\t\t\t\t\t\t<\/div>\n\t\t\t\t<\/div>\n\t\t\t\t<div class=\"elementor-element elementor-element-ad22d7f elementor-align-center elementor-widget elementor-widget-button\" data-id=\"ad22d7f\" data-element_type=\"widget\" data-e-type=\"widget\" data-widget_type=\"button.default\">\n\t\t\t\t<div class=\"elementor-widget-container\">\n\t\t\t\t\t\t\t\t\t<div class=\"elementor-button-wrapper\">\n\t\t\t\t\t<a class=\"elementor-button elementor-button-link elementor-size-sm elementor-animation-bob\" href=\"https:\/\/cerca.io\/fr_fr\/essai-gratuit-foc-2\/\">\n\t\t\t\t\t\t<span class=\"elementor-button-content-wrapper\">\n\t\t\t\t\t\t\t\t\t<span class=\"elementor-button-text\">Scalez votre franchise avec Cerca \u2728<\/span>\n\t\t\t\t\t<\/span>\n\t\t\t\t\t<\/a>\n\t\t\t\t<\/div>\n\t\t\t\t\t\t\t\t<\/div>\n\t\t\t\t<\/div>\n\t\t\t\t\t<\/div>\n\t\t<\/div>\n\t\t\t\t\t<\/div>\n\t\t<\/section>\n\t\t\t\t<section class=\"elementor-section elementor-top-section elementor-element elementor-element-ebcb939 elementor-section-boxed elementor-section-height-default elementor-section-height-default wpr-particle-no wpr-jarallax-no wpr-parallax-no wpr-sticky-section-no\" data-id=\"ebcb939\" data-element_type=\"section\" data-e-type=\"section\">\n\t\t\t\t\t\t<div class=\"elementor-container elementor-column-gap-default\">\n\t\t\t\t\t<div class=\"elementor-column elementor-col-100 elementor-top-column elementor-element elementor-element-717ef01\" data-id=\"717ef01\" data-element_type=\"column\" data-e-type=\"column\">\n\t\t\t<div class=\"elementor-widget-wrap elementor-element-populated\">\n\t\t\t\t\t\t<div class=\"elementor-element elementor-element-9def300 elementor-widget elementor-widget-heading\" data-id=\"9def300\" data-element_type=\"widget\" data-e-type=\"widget\" data-widget_type=\"heading.default\">\n\t\t\t\t<div class=\"elementor-widget-container\">\n\t\t\t\t\t<h2 class=\"elementor-heading-title elementor-size-default\">Ces articles peuvent vous int\u00e9resser : <\/h2>\t\t\t\t<\/div>\n\t\t\t\t<\/div>\n\t\t\t\t<div class=\"elementor-element elementor-element-b38680b elementor-widget elementor-widget-global elementor-global-18806 elementor-widget-obfx-posts-grid\" data-id=\"b38680b\" data-element_type=\"widget\" data-e-type=\"widget\" data-widget_type=\"obfx-posts-grid.default\">\n\t\t\t\t<div class=\"elementor-widget-container\">\n\t\t\t\t\t<div class=\"obfx-grid\"><div class=\"obfx-grid-container obfx-grid-mobile-1 obfx-grid-desktop-2\"><div class=\"obfx-grid-wrapper\"><article class=\"obfx-grid-col\"><div class=\"obfx-grid-col-image\" ><a href=\"https:\/\/cerca.io\/fr_fr\/otacos-palme-de-la-croissance-en-2019\/\" title=\"O\u2019 Tacos, utilisateur de Cerca ex Franchise On Cloud depuis 4 ans et palme de la croissance 2019.\"><img decoding=\"async\" width=\"1747\" height=\"720\" src=\"https:\/\/cerca.io\/wp-content\/uploads\/2019\/04\/otacos-palme-croissance-2019-minia.png\" class=\"img-responsive wp-post-image\" alt=\"otacos-palme-croissance-2019-minia\" srcset=\"https:\/\/cerca.io\/wp-content\/uploads\/2019\/04\/otacos-palme-croissance-2019-minia.png 1747w, https:\/\/cerca.io\/wp-content\/uploads\/2019\/04\/otacos-palme-croissance-2019-minia-300x124.png 300w, https:\/\/cerca.io\/wp-content\/uploads\/2019\/04\/otacos-palme-croissance-2019-minia-1024x422.png 1024w, https:\/\/cerca.io\/wp-content\/uploads\/2019\/04\/otacos-palme-croissance-2019-minia-768x317.png 768w, https:\/\/cerca.io\/wp-content\/uploads\/2019\/04\/otacos-palme-croissance-2019-minia-1536x633.png 1536w, https:\/\/cerca.io\/wp-content\/uploads\/2019\/04\/otacos-palme-croissance-2019-minia-18x7.png 18w\" sizes=\"(max-width: 1747px) 100vw, 1747px\" \/><\/a><\/div><div class=\"obfx-grid-col-content\">\t\t\t<h2 class=\"entry-title obfx-grid-title\">\n\t\t\t\t\t\t\t<a href=\"https:\/\/cerca.io\/fr_fr\/otacos-palme-de-la-croissance-en-2019\/\" title=\"O\u2019 Tacos, utilisateur de Cerca ex Franchise On Cloud depuis 4 ans et palme de la croissance 2019.\">\n\t\t\t\t\tO\u2019 Tacos, utilisateur de Cerca ex Franchise On Cloud depuis 4 ans et palme de la croissance 2019.\t\t\t\t<\/a>\n\t\t\t\t\t\t\t<\/h2>\n\t\t\t<\/div><\/article><\/div><div class=\"obfx-grid-wrapper\"><article class=\"obfx-grid-col\"><div class=\"obfx-grid-col-image\" ><a href=\"https:\/\/cerca.io\/fr_fr\/tendances-consommateurs-2022-2023\/\" title=\"8 tendances consommateurs et r\u00e9seaux sociaux pour 2023\"><img loading=\"lazy\" decoding=\"async\" width=\"1747\" height=\"720\" src=\"https:\/\/cerca.io\/wp-content\/uploads\/2022\/10\/Campagne-Cerca_visuel-blog-2.png\" class=\"img-responsive wp-post-image\" alt=\"tendances consommateurs\" srcset=\"https:\/\/cerca.io\/wp-content\/uploads\/2022\/10\/Campagne-Cerca_visuel-blog-2.png 1747w, https:\/\/cerca.io\/wp-content\/uploads\/2022\/10\/Campagne-Cerca_visuel-blog-2-300x124.png 300w, https:\/\/cerca.io\/wp-content\/uploads\/2022\/10\/Campagne-Cerca_visuel-blog-2-1024x422.png 1024w, https:\/\/cerca.io\/wp-content\/uploads\/2022\/10\/Campagne-Cerca_visuel-blog-2-768x317.png 768w, https:\/\/cerca.io\/wp-content\/uploads\/2022\/10\/Campagne-Cerca_visuel-blog-2-1536x633.png 1536w\" sizes=\"(max-width: 1747px) 100vw, 1747px\" \/><\/a><\/div><div class=\"obfx-grid-col-content\">\t\t\t<h2 class=\"entry-title obfx-grid-title\">\n\t\t\t\t\t\t\t<a href=\"https:\/\/cerca.io\/fr_fr\/tendances-consommateurs-2022-2023\/\" title=\"8 tendances consommateurs et r\u00e9seaux sociaux pour 2023\">\n\t\t\t\t\t8 tendances consommateurs et r\u00e9seaux sociaux pour 2023\t\t\t\t<\/a>\n\t\t\t\t\t\t\t<\/h2>\n\t\t\t<\/div><\/article><\/div><\/div><!-- .obfx-grid-container --><\/div><!-- .obfx-grid -->\t\t\t\t<\/div>\n\t\t\t\t<\/div>\n\t\t\t\t\t<\/div>\n\t\t<\/div>\n\t\t\t\t\t<\/div>\n\t\t<\/section>\n\t\t\t\t<\/div>",
        "protected": false
    },
    "excerpt": {
        "rendered": "<p>Les nouveaux clients du moi d&rsquo;Avril Au cours du mois d\u2019Avril, Cerca ex Franchise On Cloud a accueilli 6 nouvelles enseignes ! Celles-ci proviennent de diff\u00e9rents horizons. Qui sont-elles\u00a0? Nous vous les pr\u00e9sentons en fonction de leur secteur d\u2019activit\u00e9. Les voici\u00a0: Prestation de services Optimize 360 Avec son expertise sur le Web Marketing 360\u00b0, Optimize 360 accompagne ses clients, ind\u00e9pendants et groupements d\u2019ind\u00e9pendants, TPE\/ PME sur des th\u00e9matiques tr\u00e8s larges pouvant couvrir leurs besoins digitaux : R\u00e9f\u00e9rencement naturel (SEO), R\u00e9f\u00e9rencement Payant (SEA), Strat\u00e9gie Social Media (SEM) ou bien encore les probl\u00e9matiques li\u00e9es \u00e0 la e-r\u00e9putation. Alimentaire \u00a0Les Boulangeries Maison B\u00e9cam Les boulangeries Maison B\u00e9cam ont \u00e9t\u00e9\u00a0fond\u00e9es en 2005, autrefois appel\u00e9es Jardin des Saveurs sont aujourd\u2019hui une r\u00e9f\u00e9rence dans leur domaine. En effet, elles ont pu remporter diff\u00e9rents prix\u00a0pour les r\u00e9compenser de leur travail acharn\u00e9\u00a0: Le TALMELIER D\u2019OR en 2005, il s\u2019agit de la plus haute r\u00e9compense attribu\u00e9e dans le d\u00e9partement du Maine et Loire Plusieurs 1ers prix sur diff\u00e9rents concours comme au Pain de Tradition Fran\u00e7aise ou encore \u00e0 celui du Pain Sucr\u00e9, Sal\u00e9, Snacking. Les boulangeries proposent \u00e0 leurs clients plusieurs produits artisanaux qui font d\u2019elles leur reconnue. Bioburger Bioburger a \u00e9t\u00e9 cr\u00e9\u00e9e par deux amis, Anthony Darr\u00e9 et Louis Frack, en 2011. L\u2019enseigne propose des burgers de qualit\u00e9 100% bio. Comme c\u2019est une marque engag\u00e9e, elle a supprim\u00e9 l\u2019ensemble des packagings en plastique pour les remplacer par des \u00e9l\u00e9ments 100% compostables et compost\u00e9s. Le r\u00e9seau compte 9 restaurants\u00a0: \u00e0 Paris (passage Choiseul, rue de la Victoire, \u00e0 Montorgueil, aux Gobelins, \u00e0 La D\u00e9fense, Montparnasse, Marais, Batignolles) et un \u00e0 Nantes. Commerces sp\u00e9cialis\u00e9s AG+Energies AG+Energies a \u00e9t\u00e9 cr\u00e9\u00e9e en 2008 et est dirig\u00e9 par Gr\u00e9gory Armengaud. L\u2019entreprise est sp\u00e9cialiste du chauffage et de la climatisation et propose des services d\u2019installation, diagnostic d\u00e9pannage 24H, contrats d\u2019entretiens. Elle d\u00e9tient plus de 300 clients \u00e0 l\u2019ann\u00e9e. L\u2019entreprise excelle pour ses qualit\u00e9s professionnelles et humaines et pour sa r\u00e9activit\u00e9. Son objectif est de r\u00e9aliser des \u00e9conomies d\u2019\u00e9nergie et d\u2019apporter un confort suppl\u00e9mentaire \u00e0 ses clients. Bobiclou Bobiclou accompagne le client de A \u00e0 Z dans son choix de son nouveau v\u00e9lo \u00e9lectrique. Plus de 30 mod\u00e8les diff\u00e9rents de v\u00e9los \u00e9lectriques sont disponibles pour un essai gratuit. Il y en a pour tous les go\u00fbts, toutes les pratiques, tous les budgets et toutes les morphologies. En plus des v\u00e9los \u00e9lectriques, l\u2019enseigne assure \u00e9galement l&rsquo;int\u00e9gralit\u00e9 des prestations d&rsquo;entretien sur les v\u00e9los de route, les VTT, les VTC, les v\u00e9los urbains, les BMX et les v\u00e9los des enfants. Hygena Hygena se situe sur le march\u00e9 de la cuisine et de la salle de bains. Pour r\u00e9ussir un projet cuisine, l\u2019entreprise utilise son site Internet dot\u00e9 d&rsquo;un outil de conception 3D et son r\u00e9seau de franchis\u00e9s et de concepteurs \u00e0 distance. Vous \u00eates int\u00e9ress\u00e9s et souhaitez en savoir plus sur ces enseignes ?\u00a0 N\u2019h\u00e9sitez pas \u00e0 aller cliquer sur les diff\u00e9rents liens redirigeant vers leurs sites officiels. De plus en plus de r\u00e9seau de franchise font le choix de franchise On Cloud pour optimiser la gestion de leur r\u00e9seau. Vous h\u00e9sitez encore ? D\u00e9couvrez les r\u00e9seaux ayant fait confiance \u00e0 Cerca ex Franchise On Cloud au mois de mars. Et vous quelles solutions utilisez-vous ? Scalez votre franchise avec Cerca \u2728 Ces articles peuvent vous int\u00e9resser : Zoom maintenant disponible pour vos visioconf\u00e9rences ! La visioconf\u00e9rence MICROSOFT TEAMS disponible depuis la plateforme Franchise On Cloud<\/p>",
        "protected": false
    },
    "author": 1,
    "featured_media": 21071,
    "comment_status": "closed",
    "ping_status": "closed",
    "sticky": false,
    "template": "",
    "format": "standard",
    "meta": {
        "content-type": "",
        "om_disable_all_campaigns": false,
        "_monsterinsights_skip_tracking": false,
        "_monsterinsights_sitenote_active": false,
        "_monsterinsights_sitenote_note": "",
        "_monsterinsights_sitenote_category": 0,
        "_uf_show_specific_survey": 0,
        "_uf_disable_surveys": false,
        "_themeisle_gutenberg_block_has_review": false,
        "footnotes": ""
    },
    "categories": [
        63,
        105
    ],
    "tags": [
        139
    ],
    "class_list": [
        "post-13205",
        "post",
        "type-post",
        "status-publish",
        "format-standard",
        "has-post-thumbnail",
        "hentry",
        "category-blog",
        "category-nouvelles-enseignes",
        "tag-fr"
    ],
    "aioseo_notices": [],
    "_links": {
        "self": [
            {
                "href": "https:\/\/cerca.io\/fr_fr\/wp-json\/wp\/v2\/posts\/13205",
                "targetHints": {
                    "allow": [
                        "GET"
                    ]
                }
            }
        ],
        "collection": [
            {
                "href": "https:\/\/cerca.io\/fr_fr\/wp-json\/wp\/v2\/posts"
            }
        ],
        "about": [
            {
                "href": "https:\/\/cerca.io\/fr_fr\/wp-json\/wp\/v2\/types\/post"
            }
        ],
        "author": [
            {
                "embeddable": true,
                "href": "https:\/\/cerca.io\/fr_fr\/wp-json\/wp\/v2\/users\/1"
            }
        ],
        "replies": [
            {
                "embeddable": true,
                "href": "https:\/\/cerca.io\/fr_fr\/wp-json\/wp\/v2\/comments?post=13205"
            }
        ],
        "version-history": [
            {
                "count": 31,
                "href": "https:\/\/cerca.io\/fr_fr\/wp-json\/wp\/v2\/posts\/13205\/revisions"
            }
        ],
        "predecessor-version": [
            {
                "id": 21114,
                "href": "https:\/\/cerca.io\/fr_fr\/wp-json\/wp\/v2\/posts\/13205\/revisions\/21114"
            }
        ],
        "wp:featuredmedia": [
            {
                "embeddable": true,
                "href": "https:\/\/cerca.io\/fr_fr\/wp-json\/wp\/v2\/media\/21071"
            }
        ],
        "wp:attachment": [
            {
                "href": "https:\/\/cerca.io\/fr_fr\/wp-json\/wp\/v2\/media?parent=13205"
            }
        ],
        "wp:term": [
            {
                "taxonomy": "category",
                "embeddable": true,
                "href": "https:\/\/cerca.io\/fr_fr\/wp-json\/wp\/v2\/categories?post=13205"
            },
            {
                "taxonomy": "post_tag",
                "embeddable": true,
                "href": "https:\/\/cerca.io\/fr_fr\/wp-json\/wp\/v2\/tags?post=13205"
            }
        ],
        "curies": [
            {
                "name": "wp",
                "href": "https:\/\/api.w.org\/{rel}",
                "templated": true
            }
        ]
    }
}