{
    "id": 15956,
    "date": "2023-02-16T15:57:44",
    "date_gmt": "2023-02-16T14:57:44",
    "guid": {
        "rendered": "https:\/\/franchiseoncloud.fr\/?p=15956"
    },
    "modified": "2025-11-13T11:26:38",
    "modified_gmt": "2025-11-13T10:26:38",
    "slug": "franchise-on-cloud-retrospective-2022",
    "status": "publish",
    "type": "post",
    "link": "https:\/\/cerca.io\/fr_fr\/franchise-on-cloud-retrospective-2022\/",
    "title": {
        "rendered": "Cerca ex Franchise on Cloud &#8211; Retour sur notre ann\u00e9e 2022"
    },
    "content": {
        "rendered": "<div data-elementor-type=\"wp-post\" data-elementor-id=\"15956\" class=\"elementor elementor-15956\" data-elementor-post-type=\"post\">\n\t\t\t\t\t\t<section class=\"elementor-section elementor-top-section elementor-element elementor-element-f90adb0 elementor-section-boxed elementor-section-height-default elementor-section-height-default wpr-particle-no wpr-jarallax-no wpr-parallax-no wpr-sticky-section-no\" data-id=\"f90adb0\" data-element_type=\"section\" data-e-type=\"section\">\n\t\t\t\t\t\t<div class=\"elementor-container elementor-column-gap-default\">\n\t\t\t\t\t<div class=\"elementor-column elementor-col-100 elementor-top-column elementor-element elementor-element-8b9baa8\" data-id=\"8b9baa8\" data-element_type=\"column\" data-e-type=\"column\">\n\t\t\t<div class=\"elementor-widget-wrap elementor-element-populated\">\n\t\t\t\t\t\t<div class=\"elementor-element elementor-element-2233089 elementor-widget elementor-widget-image\" data-id=\"2233089\" data-element_type=\"widget\" data-e-type=\"widget\" data-widget_type=\"image.default\">\n\t\t\t\t<div class=\"elementor-widget-container\">\n\t\t\t\t\t\t\t\t\t\t\t\t\t\t\t<img fetchpriority=\"high\" decoding=\"async\" width=\"2049\" height=\"720\" src=\"https:\/\/cerca.io\/wp-content\/uploads\/2023\/02\/Campagne-Cerca_Visuel-article.png\" class=\"attachment-full size-full wp-image-19869\" alt=\"Cerca ex franchise on cloud\" srcset=\"https:\/\/cerca.io\/wp-content\/uploads\/2023\/02\/Campagne-Cerca_Visuel-article.png 2049w, https:\/\/cerca.io\/wp-content\/uploads\/2023\/02\/Campagne-Cerca_Visuel-article-300x105.png 300w, https:\/\/cerca.io\/wp-content\/uploads\/2023\/02\/Campagne-Cerca_Visuel-article-1024x360.png 1024w, https:\/\/cerca.io\/wp-content\/uploads\/2023\/02\/Campagne-Cerca_Visuel-article-768x270.png 768w, https:\/\/cerca.io\/wp-content\/uploads\/2023\/02\/Campagne-Cerca_Visuel-article-1536x540.png 1536w\" sizes=\"(max-width: 2049px) 100vw, 2049px\" \/>\t\t\t\t\t\t\t\t\t\t\t\t\t\t\t<\/div>\n\t\t\t\t<\/div>\n\t\t\t\t\t<\/div>\n\t\t<\/div>\n\t\t\t\t\t<\/div>\n\t\t<\/section>\n\t\t\t\t<section class=\"elementor-section elementor-top-section elementor-element elementor-element-db7b8e8 elementor-section-boxed elementor-section-height-default elementor-section-height-default wpr-particle-no wpr-jarallax-no wpr-parallax-no wpr-sticky-section-no\" data-id=\"db7b8e8\" data-element_type=\"section\" data-e-type=\"section\">\n\t\t\t\t\t\t<div class=\"elementor-container elementor-column-gap-default\">\n\t\t\t\t\t<div class=\"elementor-column elementor-col-100 elementor-top-column elementor-element elementor-element-80d90d8\" data-id=\"80d90d8\" data-element_type=\"column\" data-e-type=\"column\">\n\t\t\t<div class=\"elementor-widget-wrap elementor-element-populated\">\n\t\t\t\t\t\t<div class=\"elementor-element elementor-element-94eced2 elementor-widget elementor-widget-text-editor\" data-id=\"94eced2\" data-element_type=\"widget\" data-e-type=\"widget\" data-widget_type=\"text-editor.default\">\n\t\t\t\t<div class=\"elementor-widget-container\">\n\t\t\t\t\t\t\t\t\t<p><b>Une belle ann\u00e9e vient de s\u2019\u00e9couler et nous avons beaucoup de projets pour 2023\u202f! Avant de se lancer plein d&rsquo;ambition en 2023, nous jugeons qu\u2019il est toujours bon de prendre du recul sur l\u2019ann\u00e9e pass\u00e9e. En route pour une r\u00e9trospective de 2022.<\/b><\/p>\t\t\t\t\t\t\t\t<\/div>\n\t\t\t\t<\/div>\n\t\t\t\t\t<\/div>\n\t\t<\/div>\n\t\t\t\t\t<\/div>\n\t\t<\/section>\n\t\t\t\t<section class=\"elementor-section elementor-top-section elementor-element elementor-element-0e019a3 elementor-section-boxed elementor-section-height-default elementor-section-height-default wpr-particle-no wpr-jarallax-no wpr-parallax-no wpr-sticky-section-no\" data-id=\"0e019a3\" data-element_type=\"section\" data-e-type=\"section\">\n\t\t\t\t\t\t<div class=\"elementor-container elementor-column-gap-default\">\n\t\t\t\t\t<div class=\"elementor-column elementor-col-100 elementor-top-column elementor-element elementor-element-cbd04ea\" data-id=\"cbd04ea\" data-element_type=\"column\" data-e-type=\"column\">\n\t\t\t<div class=\"elementor-widget-wrap elementor-element-populated\">\n\t\t\t\t\t\t<div class=\"elementor-element elementor-element-3e4cb55 elementor-widget elementor-widget-heading\" data-id=\"3e4cb55\" data-element_type=\"widget\" data-e-type=\"widget\" data-widget_type=\"heading.default\">\n\t\t\t\t<div class=\"elementor-widget-container\">\n\t\t\t\t\t<h2 class=\"elementor-heading-title elementor-size-default\">Notre ann\u00e9e en chiffres\u00a0<\/h2>\t\t\t\t<\/div>\n\t\t\t\t<\/div>\n\t\t\t\t<div class=\"elementor-element elementor-element-d9d1d5d elementor-widget elementor-widget-text-editor\" data-id=\"d9d1d5d\" data-element_type=\"widget\" data-e-type=\"widget\" data-widget_type=\"text-editor.default\">\n\t\t\t\t<div class=\"elementor-widget-container\">\n\t\t\t\t\t\t\t\t\t<p><span style=\"font-weight: 400;\">La <\/span><b>plateforme collaborative \u201ctout-en-une\u201d<\/b><span style=\"font-weight: 400;\"> comme nous aimons le dire, r\u00e9serv\u00e9e aux franchises, compte d\u00e9sormais plus de 250 enseignes \u00e0 travers 100 pays, sur 5 continents. Cela fait plus de 300 000 utilisateurs quotidiens, et un total de 6 langues disponibles sur Cerca ex Franchise On Cloud.<\/span><\/p><p><span style=\"font-weight: 400;\">Nous sommes fiers de nos collaborations et de nos clients, que nous avons la chance d\u2019assister dans leur qu\u00eate de croissance. Selon une <\/span><span style=\"font-weight: 400;\">enqu\u00eate annuelle r\u00e9alis\u00e9e dans le cadre du renouvellement de notre certification ISO 9001, nous avons r\u00e9colt\u00e9 plus de <\/span><a href=\"https:\/\/cerca.io\/fr_fr\/temoignages-clients\/\"><span style=\"font-weight: 400;\"><span style=\"text-decoration: underline; color: #1284e0;\">98 % de satisfaction client<\/span>.\u00a0<\/span><\/a><\/p>\t\t\t\t\t\t\t\t<\/div>\n\t\t\t\t<\/div>\n\t\t\t\t<div class=\"elementor-element elementor-element-4e9d30c elementor-widget elementor-widget-heading\" data-id=\"4e9d30c\" data-element_type=\"widget\" data-e-type=\"widget\" data-widget_type=\"heading.default\">\n\t\t\t\t<div class=\"elementor-widget-container\">\n\t\t\t\t\t<h2 class=\"elementor-heading-title elementor-size-default\">Le Franchise Development Report 2022, pour bien commencer l\u2019ann\u00e9e\u00a0<\/h2>\t\t\t\t<\/div>\n\t\t\t\t<\/div>\n\t\t\t\t<div class=\"elementor-element elementor-element-c1429e6 elementor-widget elementor-widget-text-editor\" data-id=\"c1429e6\" data-element_type=\"widget\" data-e-type=\"widget\" data-widget_type=\"text-editor.default\">\n\t\t\t\t<div class=\"elementor-widget-container\">\n\t\t\t\t\t\t\t\t\t<p><span style=\"font-weight: 400;\">L\u2019ann\u00e9e derni\u00e8re avait commenc\u00e9 en chiffre \u00e9galement, puisque nous avions le sentiment\u00a0 que nous manquions de datas sur le secteur de la Franchise. Gr\u00e2ce \u00e0 nos ann\u00e9es d\u2019exp\u00e9riences, nous \u00e9tions tr\u00e8s bien plac\u00e9s pour cr\u00e9er le <\/span><span style=\"text-decoration: underline; color: #1284e0;\"><a style=\"color: #1284e0;\" href=\"https:\/\/cerca.io\/fr_fr\/franchise-development-report-2022\/\"><b>Franchise Development Report<\/b><\/a><\/span><b> <\/b><span style=\"font-weight: 400;\">en partenariat avec <\/span><span style=\"text-decoration: underline; color: #1284e0;\"><a style=\"color: #1284e0;\" href=\"https:\/\/everfruitdigital.com\/fr\/\" rel=\"nofollow noopener\" target=\"_blank\"><span style=\"font-weight: 400;\">EverFruit Digital<\/span><\/a><\/span><span style=\"font-weight: 400;\">.<\/span><\/p><p><span style=\"font-weight: 400;\">Le webinaire est toujours disponible, ainsi que l\u2019enqu\u00eate. Nous continuons d&rsquo;analyser les comportements consommateurs afin de fournir le service le plus adapt\u00e9 possible aux besoins des franchis\u00e9s et des franchiseurs, notamment en mati\u00e8re de recrutement de candidats \u00e0 la franchise.<\/span><\/p>\t\t\t\t\t\t\t\t<\/div>\n\t\t\t\t<\/div>\n\t\t\t\t<div class=\"elementor-element elementor-element-ada682b elementor-widget elementor-widget-heading\" data-id=\"ada682b\" data-element_type=\"widget\" data-e-type=\"widget\" data-widget_type=\"heading.default\">\n\t\t\t\t<div class=\"elementor-widget-container\">\n\t\t\t\t\t<h2 class=\"elementor-heading-title elementor-size-default\">Les Salons et Forums de la Franchise\u00a0<\/h2>\t\t\t\t<\/div>\n\t\t\t\t<\/div>\n\t\t\t\t<div class=\"elementor-element elementor-element-2784749 elementor-widget elementor-widget-text-editor\" data-id=\"2784749\" data-element_type=\"widget\" data-e-type=\"widget\" data-widget_type=\"text-editor.default\">\n\t\t\t\t<div class=\"elementor-widget-container\">\n\t\t\t\t\t\t\t\t\t<p><span style=\"font-weight: 400;\">Annuellement ont lieu deux grands \u00e9v\u00e9nements qui r\u00e9unissent tous les acteurs du secteur de la franchise. Le premier a lieu \u00e0 Paris, la <\/span><span style=\"text-decoration: underline; color: #1284e0;\"><a style=\"color: #1284e0; text-decoration: underline;\" href=\"https:\/\/www.franchiseparis.com\/\" rel=\"nofollow noopener\" target=\"_blank\"><b>Franchise<\/b> <b>Expo<\/b><\/a><\/span><span style=\"font-weight: 400;\"> \u200b\u200best une v\u00e9ritable plateforme de rencontre entre entrepreneurs, pendant 4 jours l\u2019\u00e9cosyst\u00e8me de la Franchise fran\u00e7ais et mondial se retrouve sur Franchise Expo Paris. Le deuxi\u00e8me, le<\/span> <span style=\"text-decoration: underline; color: #1284e0;\"><a style=\"color: #1284e0;\" href=\"https:\/\/www.lyon-franchise.com\/exposer\/\" rel=\"nofollow noopener\" target=\"_blank\"><b>Forum Franchise<\/b><\/a><\/span> <span style=\"font-weight: 400;\">en octobre \u00e0 Lyon, r\u00e9unit plus de 160 enseignes qui souhaitent acc\u00e9l\u00e9rer leur d\u00e9veloppement en recrutant de nouveaux franchis\u00e9s. Ce salon s\u2019adresse prioritairement aux franchiseurs, aux enseignes du commerce organis\u00e9 et aux experts du secteur de la franchise. Nous sommes ravis d\u2019avoir pu y rencontrer les franchiseurs et nos clients, et de leur avoir expos\u00e9 notre solution.<\/span><\/p>\t\t\t\t\t\t\t\t<\/div>\n\t\t\t\t<\/div>\n\t\t\t\t<div class=\"elementor-element elementor-element-8fd1f80 elementor-widget elementor-widget-heading\" data-id=\"8fd1f80\" data-element_type=\"widget\" data-e-type=\"widget\" data-widget_type=\"heading.default\">\n\t\t\t\t<div class=\"elementor-widget-container\">\n\t\t\t\t\t<h2 class=\"elementor-heading-title elementor-size-default\">Une application mobile pour les franchiseurs et les franchis\u00e9s<\/h2>\t\t\t\t<\/div>\n\t\t\t\t<\/div>\n\t\t\t\t<div class=\"elementor-element elementor-element-4a8fdd6 elementor-widget elementor-widget-text-editor\" data-id=\"4a8fdd6\" data-element_type=\"widget\" data-e-type=\"widget\" data-widget_type=\"text-editor.default\">\n\t\t\t\t<div class=\"elementor-widget-container\">\n\t\t\t\t\t\t\t\t\t<p><span style=\"font-weight: 400;\">Une nouvelle version de notre application mobile est disponible depuis cette ann\u00e9e. Elle poss\u00e8de toutes les fonctionnalit\u00e9s du quotidien pour communiquer au sein du r\u00e9seau. Disponible sur Android et iPhone, elle permet d\u2019avoir son r\u00e9seau \u00e0 port\u00e9e de main. Cela passe par toutes les actualit\u00e9s avec commentaires et likes, l\u2019annuaire interactif, la messagerie, les groupes de travail et notifications, et m\u00eame les audits et rapports de visite depuis cet \u00e9t\u00e9 !<\/span><\/p>\t\t\t\t\t\t\t\t<\/div>\n\t\t\t\t<\/div>\n\t\t\t\t\t<\/div>\n\t\t<\/div>\n\t\t\t\t\t<\/div>\n\t\t<\/section>\n\t\t\t\t<section class=\"elementor-section elementor-top-section elementor-element elementor-element-c37bd28 elementor-section-boxed elementor-section-height-default elementor-section-height-default wpr-particle-no wpr-jarallax-no wpr-parallax-no wpr-sticky-section-no\" data-id=\"c37bd28\" data-element_type=\"section\" data-e-type=\"section\">\n\t\t\t\t\t\t<div class=\"elementor-container elementor-column-gap-default\">\n\t\t\t\t\t<div class=\"elementor-column elementor-col-100 elementor-top-column elementor-element elementor-element-3e7113b\" data-id=\"3e7113b\" data-element_type=\"column\" data-e-type=\"column\">\n\t\t\t<div class=\"elementor-widget-wrap elementor-element-populated\">\n\t\t\t\t\t\t<div class=\"elementor-element elementor-element-12977b1 elementor-align-center elementor-widget elementor-widget-button\" data-id=\"12977b1\" data-element_type=\"widget\" data-e-type=\"widget\" data-widget_type=\"button.default\">\n\t\t\t\t<div class=\"elementor-widget-container\">\n\t\t\t\t\t\t\t\t\t<div class=\"elementor-button-wrapper\">\n\t\t\t\t\t<a class=\"elementor-button elementor-button-link elementor-size-sm elementor-animation-bob\" href=\"https:\/\/cerca.io\/fr_fr\/essai-gratuit-foc\/\">\n\t\t\t\t\t\t<span class=\"elementor-button-content-wrapper\">\n\t\t\t\t\t\t\t\t\t<span class=\"elementor-button-text\">Venez d\u00e9couvrir Cerca<\/span>\n\t\t\t\t\t<\/span>\n\t\t\t\t\t<\/a>\n\t\t\t\t<\/div>\n\t\t\t\t\t\t\t\t<\/div>\n\t\t\t\t<\/div>\n\t\t\t\t\t<\/div>\n\t\t<\/div>\n\t\t\t\t\t<\/div>\n\t\t<\/section>\n\t\t\t\t<section class=\"elementor-section elementor-top-section elementor-element elementor-element-6403ada elementor-section-boxed elementor-section-height-default elementor-section-height-default wpr-particle-no wpr-jarallax-no wpr-parallax-no wpr-sticky-section-no\" data-id=\"6403ada\" data-element_type=\"section\" data-e-type=\"section\">\n\t\t\t\t\t\t<div class=\"elementor-container elementor-column-gap-default\">\n\t\t\t\t\t<div class=\"elementor-column elementor-col-100 elementor-top-column elementor-element elementor-element-8a7949f\" data-id=\"8a7949f\" data-element_type=\"column\" data-e-type=\"column\">\n\t\t\t<div class=\"elementor-widget-wrap elementor-element-populated\">\n\t\t\t\t\t\t<div class=\"elementor-element elementor-element-8e466bc elementor-widget elementor-widget-heading\" data-id=\"8e466bc\" data-element_type=\"widget\" data-e-type=\"widget\" data-widget_type=\"heading.default\">\n\t\t\t\t<div class=\"elementor-widget-container\">\n\t\t\t\t\t<h2 class=\"elementor-heading-title elementor-size-default\">Le marketing digital local int\u00e9gr\u00e9 au logiciel de gestion<\/h2>\t\t\t\t<\/div>\n\t\t\t\t<\/div>\n\t\t\t\t<div class=\"elementor-element elementor-element-32fe45e elementor-widget elementor-widget-text-editor\" data-id=\"32fe45e\" data-element_type=\"widget\" data-e-type=\"widget\" data-widget_type=\"text-editor.default\">\n\t\t\t\t<div class=\"elementor-widget-container\">\n\t\t\t\t\t\t\t\t\t<p><span style=\"font-weight: 400;\">L\u2019ann\u00e9e continue et nos investissements aussi, toujours dans une volont\u00e9 d\u2019accompagner nos clients dans leur marketing local, mais aussi dans la communication au sein m\u00eame du r\u00e9seau de franchise. Retour sur les diff\u00e9rentes fonctionnalit\u00e9s impl\u00e9ment\u00e9es au cours de l\u2019ann\u00e9e pass\u00e9e :\u00a0<\/span><\/p><h3><strong>Focus marketing local avec le partenariat Cerca x Mobilosoft\u00a0<\/strong><\/h3><p><a href=\"https:\/\/mobilosoft.com\/\" rel=\"nofollow noopener\" target=\"_blank\"><span style=\"font-weight: 400;\">Mobilosoft<\/span><\/a><span style=\"font-weight: 400;\"> vient compl\u00e9ter l\u2019offre de service de Cerca sur le marketing digital local. Elle permet de g\u00e9n\u00e9rer du trafic web-to-store, et r\u00e9pond au constat que\u00a0 pr\u00e8s de 80\u2009% des consommateurs ayant effectu\u00e9 une recherche locale ont visit\u00e9 un magasin dans un rayon de 8 km (<\/span><a href=\"https:\/\/www.hubspot.fr\/statistiques-marketing\" rel=\"nofollow noopener\" target=\"_blank\"><span style=\"font-weight: 400;\">Hubspot Marketing Statistics 2021<\/span><\/a><span style=\"font-weight: 400;\">). Elle vient consolider l\u2019offre de formation, et propose une plateforme collaborative de marketing digital aux r\u00e9seaux de franchises et leurs franchis\u00e9s, pour organiser et g\u00e9rer au mieux leur e-r\u00e9putation.\u00a0<\/span><\/p>\t\t\t\t\t\t\t\t<\/div>\n\t\t\t\t<\/div>\n\t\t\t\t<div class=\"elementor-element elementor-element-9c28de3 elementor-widget elementor-widget-heading\" data-id=\"9c28de3\" data-element_type=\"widget\" data-e-type=\"widget\" data-widget_type=\"heading.default\">\n\t\t\t\t<div class=\"elementor-widget-container\">\n\t\t\t\t\t<h2 class=\"elementor-heading-title elementor-size-default\">La communication au sein du r\u00e9seau de franchise\u00a0<\/h2>\t\t\t\t<\/div>\n\t\t\t\t<\/div>\n\t\t\t\t<div class=\"elementor-element elementor-element-e48fcb0 elementor-widget elementor-widget-text-editor\" data-id=\"e48fcb0\" data-element_type=\"widget\" data-e-type=\"widget\" data-widget_type=\"text-editor.default\">\n\t\t\t\t<div class=\"elementor-widget-container\">\n\t\t\t\t\t\t\t\t\t<p><span style=\"font-weight: 400;\">La vie du r\u00e9seau et celle des animateurs a \u00e9t\u00e9 simplifi\u00e9e gr\u00e2ce \u00e0 nos nouvelles fonctionnalit\u00e9s de communication au sein du r\u00e9seau. Les <\/span><b>actualit\u00e9s<\/b><span style=\"font-weight: 400;\"> peuvent d\u00e9sormais \u00eatre class\u00e9es par implantation, les <\/span><b>rapports de visite<\/b><span style=\"font-weight: 400;\"> peuvent \u00eatre dupliqu\u00e9s \u00e0 partir d&rsquo;un rapport d\u00e9j\u00e0 existant, sans pour autant perdre les commentaires et le suivi. Aussi, pour mettre en place<\/span><b> les plans d\u2019action<\/b><span style=\"font-weight: 400;\"> lors d&rsquo;un rapport de visite, un nouvel onglet existe qui permet de v\u00e9rifier si un plan d\u2019action est d\u00e9j\u00e0 en cours, et \u00e9vite ainsi les doublons. Au niveau de la cartographie, on peut dor\u00e9navant<\/span><b> fusionner les zones de chalandise<\/b><span style=\"font-weight: 400;\"> pour une implantation. Le marqueur des implantations peut aussi \u00eatre invisible.\u00a0<\/span><\/p><p><span style=\"font-weight: 400;\">Ces nouvelles fonctionnalit\u00e9s fluidifient l\u2019utilisation de la plateforme et facilitent le travail des animateurs r\u00e9seau.<\/span><\/p><h3><strong>Les \u00e9v\u00e9nements changent !\u00a0<\/strong><\/h3><p><span style=\"font-weight: 400;\">Nouveaut\u00e9 aussi cette ann\u00e9e : <\/span><b>Zoom<\/b><span style=\"font-weight: 400;\"> est \u00e0 pr\u00e9sent disponible pour effectuer des visioconf\u00e9rences, tout comme <strong>Google Meet<\/strong>. Apr\u00e8s <\/span><b>Teams<\/b><span style=\"font-weight: 400;\"> et <\/span><b>GoToMeeting,<\/b><span style=\"font-weight: 400;\"> il est d\u00e9sormais possible de faire des visios avec les c\u00e9l\u00e8bres plateformes Zoom et Google Meet via Cerca.\u00a0<\/span><\/p><p><span style=\"font-weight: 400;\">Par ailleurs, depuis cette ann\u00e9e, un seul mail suffit, au lieu de deux auparavant, le premier mail contient d\u00e9j\u00e0 le lien pour la visioconf\u00e9rence, et sera aussi disponible sur l\u2019\u00e9v\u00e9nement dans votre calendrier.<\/span><b> En un clic, vous rejoignez la visio<\/b><span style=\"font-weight: 400;\"> !<\/span><\/p>\t\t\t\t\t\t\t\t<\/div>\n\t\t\t\t<\/div>\n\t\t\t\t<div class=\"elementor-element elementor-element-97de966 elementor-widget elementor-widget-heading\" data-id=\"97de966\" data-element_type=\"widget\" data-e-type=\"widget\" data-widget_type=\"heading.default\">\n\t\t\t\t<div class=\"elementor-widget-container\">\n\t\t\t\t\t<h2 class=\"elementor-heading-title elementor-size-default\">Retour sur les grandes tendances consommateurs de 2022<\/h2>\t\t\t\t<\/div>\n\t\t\t\t<\/div>\n\t\t\t\t<div class=\"elementor-element elementor-element-6519384 elementor-widget elementor-widget-text-editor\" data-id=\"6519384\" data-element_type=\"widget\" data-e-type=\"widget\" data-widget_type=\"text-editor.default\">\n\t\t\t\t<div class=\"elementor-widget-container\">\n\t\t\t\t\t\t\t\t\t<p><span style=\"font-weight: 400;\">Le consommateur va effectuer sa recherche en ligne avant d\u2019\u00e9ventuellement convertir en local, comme nous le disions <\/span><span style=\"text-decoration: underline; color: #1284e0;\"><a style=\"color: #1284e0;\" href=\"https:\/\/cerca.io\/fr_fr\/tendances-consommateurs-2022-2023\/\" target=\"_blank\" rel=\"noopener\"><span style=\"font-weight: 400;\">dans cet article<\/span><\/a><span style=\"font-weight: 400;\"> : les <\/span><a style=\"color: #1284e0;\" href=\"https:\/\/www.thinkwithgoogle.com\/intl\/fr-fr\/insights\/tendances-consommateurs\/marketeurs-liste-lectures-aout\/?utm_medium=email&amp;utm_source=d-content-alert-visual&amp;utm_team=twg-fr&amp;utm_campaign=TwG-FR-CAV-2022-08-09-August-readings-Knak&amp;utm_content=cta-btn&amp;mkt_tok=MTcyLUdPUC04MTEAAAGGIXPzdSGL2NGaPXpRLzLKzacxPXASXZEuPRuveva0tD6DYWQ5mqXubklVxp7eZ6AyYYj8O86lrNDvuktn4i8QEDwD6KZ_MBVwgyoU4XOwOtQgXQ\" rel=\"nofollow noopener\" target=\"_blank\"><span style=\"font-weight: 400;\">requ\u00eates de type \u00ab ouvert maintenant \u00e0 proximit\u00e9 \u00bb<\/span><\/a><\/span><span style=\"font-weight: 400;\"> ont bondi de plus de <\/span><b>+ 400 % sur un an \u00e0 travers le monde.<\/b><\/p><p><span style=\"font-weight: 400;\">Le shopping est de plus en plus omnicanal : r\u00e9seaux sociaux, web, app, newsletter entre autres. Mais le constat est tel qu\u2019on se rend compte que les consommateurs cherchent surtout d<\/span><b>e la valeur ajout\u00e9e<\/b><span style=\"font-weight: 400;\">. Ils scrutent les <\/span><b>offres<\/b><span style=\"font-weight: 400;\"> et les <\/span><b>promotions<\/b><span style=\"font-weight: 400;\">, en plus de s\u2019attarder sur les valeurs de l\u2019entreprise, et v\u00e9rifier s\u2019ils sont bien align\u00e9s. Enfin, mais pas des moindres, sur les r\u00e9seaux, les micro-influenceurs ont le vent en poupe, les courtes vid\u00e9os avec beaucoup de valeur ajout\u00e9e convertissent de plus en plus. Ceci dit, de toutes les tendances, une seule ne bouge pas : la position z\u00e9ro en SEO Local reste le levier le plus efficace.\u00a0<\/span><\/p><p><span style=\"font-weight: 400;\">Pour suivre les tendances <\/span><b>consommateurs<\/b><span style=\"font-weight: 400;\"> et <\/span><b>activer le marketing local<\/b><span style=\"font-weight: 400;\">, nous avons aussi lanc\u00e9 un partenariat avec DeepReach. Les zones de chalandise sont pr\u00e9d\u00e9finies, ce qui permet d\u2019activer un ensemble de groupe de publicit\u00e9s digitales locales, suivant les besoins du franchis\u00e9.\u00a0<\/span><\/p><p><b>En r\u00e9sum\u00e9, nous sommes tr\u00e8s heureux de l\u2019ann\u00e9e qui vient de s\u2019\u00e9couler et nous avons h\u00e2te de vous pr\u00e9senter nos projets de 2023.<\/b><\/p>\t\t\t\t\t\t\t\t<\/div>\n\t\t\t\t<\/div>\n\t\t\t\t\t<\/div>\n\t\t<\/div>\n\t\t\t\t\t<\/div>\n\t\t<\/section>\n\t\t\t\t<section class=\"elementor-section elementor-top-section elementor-element elementor-element-2ef6256 elementor-section-boxed elementor-section-height-default elementor-section-height-default wpr-particle-no wpr-jarallax-no wpr-parallax-no wpr-sticky-section-no\" data-id=\"2ef6256\" data-element_type=\"section\" data-e-type=\"section\">\n\t\t\t\t\t\t<div class=\"elementor-container elementor-column-gap-default\">\n\t\t\t\t\t<div class=\"elementor-column elementor-col-100 elementor-top-column elementor-element elementor-element-162c0bb\" data-id=\"162c0bb\" data-element_type=\"column\" data-e-type=\"column\">\n\t\t\t<div class=\"elementor-widget-wrap elementor-element-populated\">\n\t\t\t\t\t\t<div class=\"elementor-element elementor-element-9a0dd30 elementor-align-center elementor-widget elementor-widget-button\" data-id=\"9a0dd30\" data-element_type=\"widget\" data-e-type=\"widget\" data-widget_type=\"button.default\">\n\t\t\t\t<div class=\"elementor-widget-container\">\n\t\t\t\t\t\t\t\t\t<div class=\"elementor-button-wrapper\">\n\t\t\t\t\t<a class=\"elementor-button elementor-button-link elementor-size-sm elementor-animation-bob\" href=\"https:\/\/cerca.io\/fr_fr\/essai-gratuit-foc\/\">\n\t\t\t\t\t\t<span class=\"elementor-button-content-wrapper\">\n\t\t\t\t\t\t\t\t\t<span class=\"elementor-button-text\">Testez gratuitement Cerca et d\u00e9couvrez toutes nos fonctionnalit\u00e9s !<\/span>\n\t\t\t\t\t<\/span>\n\t\t\t\t\t<\/a>\n\t\t\t\t<\/div>\n\t\t\t\t\t\t\t\t<\/div>\n\t\t\t\t<\/div>\n\t\t\t\t\t<\/div>\n\t\t<\/div>\n\t\t\t\t\t<\/div>\n\t\t<\/section>\n\t\t\t\t<section class=\"elementor-section elementor-top-section elementor-element elementor-element-b2bc89c elementor-section-boxed elementor-section-height-default elementor-section-height-default wpr-particle-no wpr-jarallax-no wpr-parallax-no wpr-sticky-section-no\" data-id=\"b2bc89c\" data-element_type=\"section\" data-e-type=\"section\">\n\t\t\t\t\t\t<div class=\"elementor-container elementor-column-gap-default\">\n\t\t\t\t\t<div class=\"elementor-column elementor-col-100 elementor-top-column elementor-element elementor-element-44bddcd\" data-id=\"44bddcd\" data-element_type=\"column\" data-e-type=\"column\">\n\t\t\t<div class=\"elementor-widget-wrap elementor-element-populated\">\n\t\t\t\t\t\t<div class=\"elementor-element elementor-element-2d8f982 elementor-widget elementor-widget-heading\" data-id=\"2d8f982\" data-element_type=\"widget\" data-e-type=\"widget\" data-widget_type=\"heading.default\">\n\t\t\t\t<div class=\"elementor-widget-container\">\n\t\t\t\t\t<h2 class=\"elementor-heading-title elementor-size-default\">Ces articles peuvent vous int\u00e9resser : <\/h2>\t\t\t\t<\/div>\n\t\t\t\t<\/div>\n\t\t\t\t<div class=\"elementor-element elementor-element-57b796c elementor-grid-2 elementor-grid-tablet-2 elementor-grid-mobile-1 elementor-posts--thumbnail-top elementor-widget elementor-widget-posts\" data-id=\"57b796c\" data-element_type=\"widget\" data-e-type=\"widget\" data-settings=\"{&quot;classic_columns&quot;:&quot;2&quot;,&quot;classic_masonry&quot;:&quot;yes&quot;,&quot;classic_columns_tablet&quot;:&quot;2&quot;,&quot;classic_columns_mobile&quot;:&quot;1&quot;,&quot;classic_row_gap&quot;:{&quot;unit&quot;:&quot;px&quot;,&quot;size&quot;:35,&quot;sizes&quot;:[]},&quot;classic_row_gap_tablet&quot;:{&quot;unit&quot;:&quot;px&quot;,&quot;size&quot;:&quot;&quot;,&quot;sizes&quot;:[]},&quot;classic_row_gap_mobile&quot;:{&quot;unit&quot;:&quot;px&quot;,&quot;size&quot;:&quot;&quot;,&quot;sizes&quot;:[]}}\" data-widget_type=\"posts.classic\">\n\t\t\t\t<div class=\"elementor-widget-container\">\n\t\t\t\t\t\t\t<div class=\"elementor-posts-container elementor-posts elementor-posts--skin-classic elementor-grid\">\n\t\t\t\t<article class=\"elementor-post elementor-grid-item post-24007 post type-post status-publish format-standard has-post-thumbnail hentry category-excellence-operationnelle-fonctionnalites tag-fr\">\n\t\t\t\t<a class=\"elementor-post__thumbnail__link\" href=\"https:\/\/cerca.io\/fr_fr\/audit-digital-vs-audit-papier\/\" tabindex=\"-1\">\n\t\t\t<div class=\"elementor-post__thumbnail\"><img decoding=\"async\" width=\"1746\" height=\"720\" src=\"https:\/\/cerca.io\/wp-content\/uploads\/2026\/04\/audits-digitals-vs-papier-Minia-blog.png\" class=\"attachment-full size-full wp-image-24009\" alt=\"audit digital\" srcset=\"https:\/\/cerca.io\/wp-content\/uploads\/2026\/04\/audits-digitals-vs-papier-Minia-blog.png 1746w, https:\/\/cerca.io\/wp-content\/uploads\/2026\/04\/audits-digitals-vs-papier-Minia-blog-300x124.png 300w, https:\/\/cerca.io\/wp-content\/uploads\/2026\/04\/audits-digitals-vs-papier-Minia-blog-1024x422.png 1024w, https:\/\/cerca.io\/wp-content\/uploads\/2026\/04\/audits-digitals-vs-papier-Minia-blog-768x317.png 768w, https:\/\/cerca.io\/wp-content\/uploads\/2026\/04\/audits-digitals-vs-papier-Minia-blog-1536x633.png 1536w, https:\/\/cerca.io\/wp-content\/uploads\/2026\/04\/audits-digitals-vs-papier-Minia-blog-18x7.png 18w\" sizes=\"(max-width: 1746px) 100vw, 1746px\" \/><\/div>\n\t\t<\/a>\n\t\t\t\t<div class=\"elementor-post__text\">\n\t\t\t\t<\/div>\n\t\t\t\t<\/article>\n\t\t\t\t<article class=\"elementor-post elementor-grid-item post-23910 post type-post status-publish format-standard has-post-thumbnail hentry category-non-classe-fr tag-fr\">\n\t\t\t\t<a class=\"elementor-post__thumbnail__link\" href=\"https:\/\/cerca.io\/fr_fr\/nouveautes-avril-2026-pilotage-reseau-multi-sites\/\" tabindex=\"-1\">\n\t\t\t<div class=\"elementor-post__thumbnail\"><img decoding=\"async\" width=\"1746\" height=\"720\" src=\"https:\/\/cerca.io\/wp-content\/uploads\/2026\/04\/nouveautes-avril-2026-minia-blog-ENG.png\" class=\"attachment-full size-full wp-image-23914\" alt=\"Pilotage r\u00e9seau\" srcset=\"https:\/\/cerca.io\/wp-content\/uploads\/2026\/04\/nouveautes-avril-2026-minia-blog-ENG.png 1746w, https:\/\/cerca.io\/wp-content\/uploads\/2026\/04\/nouveautes-avril-2026-minia-blog-ENG-300x124.png 300w, https:\/\/cerca.io\/wp-content\/uploads\/2026\/04\/nouveautes-avril-2026-minia-blog-ENG-1024x422.png 1024w, https:\/\/cerca.io\/wp-content\/uploads\/2026\/04\/nouveautes-avril-2026-minia-blog-ENG-768x317.png 768w, https:\/\/cerca.io\/wp-content\/uploads\/2026\/04\/nouveautes-avril-2026-minia-blog-ENG-1536x633.png 1536w, https:\/\/cerca.io\/wp-content\/uploads\/2026\/04\/nouveautes-avril-2026-minia-blog-ENG-18x7.png 18w\" sizes=\"(max-width: 1746px) 100vw, 1746px\" \/><\/div>\n\t\t<\/a>\n\t\t\t\t<div class=\"elementor-post__text\">\n\t\t\t\t<\/div>\n\t\t\t\t<\/article>\n\t\t\t\t<\/div>\n\t\t\n\t\t\t\t\t\t<\/div>\n\t\t\t\t<\/div>\n\t\t\t\t\t<\/div>\n\t\t<\/div>\n\t\t\t\t\t<\/div>\n\t\t<\/section>\n\t\t\t\t<\/div>",
        "protected": false
    },
    "excerpt": {
        "rendered": "<p>Une belle ann\u00e9e vient de s\u2019\u00e9couler et nous avons beaucoup de projets pour 2023\u202f! Avant de se lancer plein d&rsquo;ambition en 2023, nous jugeons qu\u2019il est toujours bon de prendre du recul sur l\u2019ann\u00e9e pass\u00e9e. En route pour une r\u00e9trospective de 2022. Notre ann\u00e9e en chiffres\u00a0 La plateforme collaborative \u201ctout-en-une\u201d comme nous aimons le dire, r\u00e9serv\u00e9e aux franchises, compte d\u00e9sormais plus de 250 enseignes \u00e0 travers 100 pays, sur 5 continents. Cela fait plus de 300 000 utilisateurs quotidiens, et un total de 6 langues disponibles sur Cerca ex Franchise On Cloud. Nous sommes fiers de nos collaborations et de nos clients, que nous avons la chance d\u2019assister dans leur qu\u00eate de croissance. Selon une enqu\u00eate annuelle r\u00e9alis\u00e9e dans le cadre du renouvellement de notre certification ISO 9001, nous avons r\u00e9colt\u00e9 plus de 98 % de satisfaction client.\u00a0 Le Franchise Development Report 2022, pour bien commencer l\u2019ann\u00e9e\u00a0 L\u2019ann\u00e9e derni\u00e8re avait commenc\u00e9 en chiffre \u00e9galement, puisque nous avions le sentiment\u00a0 que nous manquions de datas sur le secteur de la Franchise. Gr\u00e2ce \u00e0 nos ann\u00e9es d\u2019exp\u00e9riences, nous \u00e9tions tr\u00e8s bien plac\u00e9s pour cr\u00e9er le Franchise Development Report en partenariat avec EverFruit Digital. Le webinaire est toujours disponible, ainsi que l\u2019enqu\u00eate. Nous continuons d&rsquo;analyser les comportements consommateurs afin de fournir le service le plus adapt\u00e9 possible aux besoins des franchis\u00e9s et des franchiseurs, notamment en mati\u00e8re de recrutement de candidats \u00e0 la franchise. Les Salons et Forums de la Franchise\u00a0 Annuellement ont lieu deux grands \u00e9v\u00e9nements qui r\u00e9unissent tous les acteurs du secteur de la franchise. Le premier a lieu \u00e0 Paris, la Franchise Expo \u200b\u200best une v\u00e9ritable plateforme de rencontre entre entrepreneurs, pendant 4 jours l\u2019\u00e9cosyst\u00e8me de la Franchise fran\u00e7ais et mondial se retrouve sur Franchise Expo Paris. Le deuxi\u00e8me, le Forum Franchise en octobre \u00e0 Lyon, r\u00e9unit plus de 160 enseignes qui souhaitent acc\u00e9l\u00e9rer leur d\u00e9veloppement en recrutant de nouveaux franchis\u00e9s. Ce salon s\u2019adresse prioritairement aux franchiseurs, aux enseignes du commerce organis\u00e9 et aux experts du secteur de la franchise. Nous sommes ravis d\u2019avoir pu y rencontrer les franchiseurs et nos clients, et de leur avoir expos\u00e9 notre solution. Une application mobile pour les franchiseurs et les franchis\u00e9s Une nouvelle version de notre application mobile est disponible depuis cette ann\u00e9e. Elle poss\u00e8de toutes les fonctionnalit\u00e9s du quotidien pour communiquer au sein du r\u00e9seau. Disponible sur Android et iPhone, elle permet d\u2019avoir son r\u00e9seau \u00e0 port\u00e9e de main. Cela passe par toutes les actualit\u00e9s avec commentaires et likes, l\u2019annuaire interactif, la messagerie, les groupes de travail et notifications, et m\u00eame les audits et rapports de visite depuis cet \u00e9t\u00e9 ! Venez d\u00e9couvrir Cerca Le marketing digital local int\u00e9gr\u00e9 au logiciel de gestion L\u2019ann\u00e9e continue et nos investissements aussi, toujours dans une volont\u00e9 d\u2019accompagner nos clients dans leur marketing local, mais aussi dans la communication au sein m\u00eame du r\u00e9seau de franchise. Retour sur les diff\u00e9rentes fonctionnalit\u00e9s impl\u00e9ment\u00e9es au cours de l\u2019ann\u00e9e pass\u00e9e :\u00a0 Focus marketing local avec le partenariat Cerca x Mobilosoft\u00a0 Mobilosoft vient compl\u00e9ter l\u2019offre de service de Cerca sur le marketing digital local. Elle permet de g\u00e9n\u00e9rer du trafic web-to-store, et r\u00e9pond au constat que\u00a0 pr\u00e8s de 80\u2009% des consommateurs ayant effectu\u00e9 une recherche locale ont visit\u00e9 un magasin dans un rayon de 8 km (Hubspot Marketing Statistics 2021). Elle vient consolider l\u2019offre de formation, et propose une plateforme collaborative de marketing digital aux r\u00e9seaux de franchises et leurs franchis\u00e9s, pour organiser et g\u00e9rer au mieux leur e-r\u00e9putation.\u00a0 La communication au sein du r\u00e9seau de franchise\u00a0 La vie du r\u00e9seau et celle des animateurs a \u00e9t\u00e9 simplifi\u00e9e gr\u00e2ce \u00e0 nos nouvelles fonctionnalit\u00e9s de communication au sein du r\u00e9seau. Les actualit\u00e9s peuvent d\u00e9sormais \u00eatre class\u00e9es par implantation, les rapports de visite peuvent \u00eatre dupliqu\u00e9s \u00e0 partir d&rsquo;un rapport d\u00e9j\u00e0 existant, sans pour autant perdre les commentaires et le suivi. Aussi, pour mettre en place les plans d\u2019action lors d&rsquo;un rapport de visite, un nouvel onglet existe qui permet de v\u00e9rifier si un plan d\u2019action est d\u00e9j\u00e0 en cours, et \u00e9vite ainsi les doublons. Au niveau de la cartographie, on peut dor\u00e9navant fusionner les zones de chalandise pour une implantation. Le marqueur des implantations peut aussi \u00eatre invisible.\u00a0 Ces nouvelles fonctionnalit\u00e9s fluidifient l\u2019utilisation de la plateforme et facilitent le travail des animateurs r\u00e9seau. Les \u00e9v\u00e9nements changent !\u00a0 Nouveaut\u00e9 aussi cette ann\u00e9e : Zoom est \u00e0 pr\u00e9sent disponible pour effectuer des visioconf\u00e9rences, tout comme Google Meet. Apr\u00e8s Teams et GoToMeeting, il est d\u00e9sormais possible de faire des visios avec les c\u00e9l\u00e8bres plateformes Zoom et Google Meet via Cerca.\u00a0 Par ailleurs, depuis cette ann\u00e9e, un seul mail suffit, au lieu de deux auparavant, le premier mail contient d\u00e9j\u00e0 le lien pour la visioconf\u00e9rence, et sera aussi disponible sur l\u2019\u00e9v\u00e9nement dans votre calendrier. En un clic, vous rejoignez la visio ! Retour sur les grandes tendances consommateurs de 2022 Le consommateur va effectuer sa recherche en ligne avant d\u2019\u00e9ventuellement convertir en local, comme nous le disions dans cet article : les requ\u00eates de type \u00ab ouvert maintenant \u00e0 proximit\u00e9 \u00bb ont bondi de plus de + 400 % sur un an \u00e0 travers le monde. Le shopping est de plus en plus omnicanal : r\u00e9seaux sociaux, web, app, newsletter entre autres. Mais le constat est tel qu\u2019on se rend compte que les consommateurs cherchent surtout de la valeur ajout\u00e9e. Ils scrutent les offres et les promotions, en plus de s\u2019attarder sur les valeurs de l\u2019entreprise, et v\u00e9rifier s\u2019ils sont bien align\u00e9s. Enfin, mais pas des moindres, sur les r\u00e9seaux, les micro-influenceurs ont le vent en poupe, les courtes vid\u00e9os avec beaucoup de valeur ajout\u00e9e convertissent de plus en plus. Ceci dit, de toutes les tendances, une seule ne bouge pas : la position z\u00e9ro en SEO Local reste le levier le plus efficace.\u00a0 Pour suivre les tendances consommateurs et activer le marketing local, nous avons aussi lanc\u00e9 un partenariat avec DeepReach. Les zones de chalandise sont pr\u00e9d\u00e9finies, ce qui permet d\u2019activer un ensemble de groupe de publicit\u00e9s digitales locales, suivant les besoins du franchis\u00e9.\u00a0 En r\u00e9sum\u00e9, nous sommes tr\u00e8s heureux de l\u2019ann\u00e9e qui<\/p>",
        "protected": false
    },
    "author": 1,
    "featured_media": 19870,
    "comment_status": "closed",
    "ping_status": "closed",
    "sticky": false,
    "template": "",
    "format": "standard",
    "meta": {
        "content-type": "",
        "om_disable_all_campaigns": false,
        "_monsterinsights_skip_tracking": false,
        "_monsterinsights_sitenote_active": false,
        "_monsterinsights_sitenote_note": "",
        "_monsterinsights_sitenote_category": 0,
        "_uf_show_specific_survey": 0,
        "_uf_disable_surveys": false,
        "_themeisle_gutenberg_block_has_review": false,
        "footnotes": ""
    },
    "categories": [
        101,
        63
    ],
    "tags": [
        139
    ],
    "class_list": [
        "post-15956",
        "post",
        "type-post",
        "status-publish",
        "format-standard",
        "has-post-thumbnail",
        "hentry",
        "category-actualites",
        "category-blog",
        "tag-fr"
    ],
    "aioseo_notices": [],
    "_links": {
        "self": [
            {
                "href": "https:\/\/cerca.io\/fr_fr\/wp-json\/wp\/v2\/posts\/15956",
                "targetHints": {
                    "allow": [
                        "GET"
                    ]
                }
            }
        ],
        "collection": [
            {
                "href": "https:\/\/cerca.io\/fr_fr\/wp-json\/wp\/v2\/posts"
            }
        ],
        "about": [
            {
                "href": "https:\/\/cerca.io\/fr_fr\/wp-json\/wp\/v2\/types\/post"
            }
        ],
        "author": [
            {
                "embeddable": true,
                "href": "https:\/\/cerca.io\/fr_fr\/wp-json\/wp\/v2\/users\/1"
            }
        ],
        "replies": [
            {
                "embeddable": true,
                "href": "https:\/\/cerca.io\/fr_fr\/wp-json\/wp\/v2\/comments?post=15956"
            }
        ],
        "version-history": [
            {
                "count": 23,
                "href": "https:\/\/cerca.io\/fr_fr\/wp-json\/wp\/v2\/posts\/15956\/revisions"
            }
        ],
        "predecessor-version": [
            {
                "id": 19873,
                "href": "https:\/\/cerca.io\/fr_fr\/wp-json\/wp\/v2\/posts\/15956\/revisions\/19873"
            }
        ],
        "wp:featuredmedia": [
            {
                "embeddable": true,
                "href": "https:\/\/cerca.io\/fr_fr\/wp-json\/wp\/v2\/media\/19870"
            }
        ],
        "wp:attachment": [
            {
                "href": "https:\/\/cerca.io\/fr_fr\/wp-json\/wp\/v2\/media?parent=15956"
            }
        ],
        "wp:term": [
            {
                "taxonomy": "category",
                "embeddable": true,
                "href": "https:\/\/cerca.io\/fr_fr\/wp-json\/wp\/v2\/categories?post=15956"
            },
            {
                "taxonomy": "post_tag",
                "embeddable": true,
                "href": "https:\/\/cerca.io\/fr_fr\/wp-json\/wp\/v2\/tags?post=15956"
            }
        ],
        "curies": [
            {
                "name": "wp",
                "href": "https:\/\/api.w.org\/{rel}",
                "templated": true
            }
        ]
    }
}