{
    "id": 18782,
    "date": "2024-04-11T14:38:25",
    "date_gmt": "2024-04-11T12:38:25",
    "guid": {
        "rendered": "https:\/\/cerca.io\/?p=18782"
    },
    "modified": "2025-11-13T11:24:58",
    "modified_gmt": "2025-11-13T10:24:58",
    "slug": "franchise-on-choud-devient-cerca",
    "status": "publish",
    "type": "post",
    "link": "https:\/\/cerca.io\/fr_fr\/franchise-on-choud-devient-cerca\/",
    "title": {
        "rendered": "C&rsquo;est officiel. Franchise On Cloud devient Cerca."
    },
    "content": {
        "rendered": "<div data-elementor-type=\"wp-post\" data-elementor-id=\"18782\" class=\"elementor elementor-18782\" data-elementor-post-type=\"post\">\n\t\t\t\t\t\t<section class=\"elementor-section elementor-top-section elementor-element elementor-element-6cef28b elementor-section-boxed elementor-section-height-default elementor-section-height-default wpr-particle-no wpr-jarallax-no wpr-parallax-no wpr-sticky-section-no\" data-id=\"6cef28b\" data-element_type=\"section\" data-e-type=\"section\">\n\t\t\t\t\t\t<div class=\"elementor-container elementor-column-gap-default\">\n\t\t\t\t\t<div class=\"elementor-column elementor-col-100 elementor-top-column elementor-element elementor-element-ab513a8\" data-id=\"ab513a8\" data-element_type=\"column\" data-e-type=\"column\">\n\t\t\t<div class=\"elementor-widget-wrap elementor-element-populated\">\n\t\t\t\t\t\t<div class=\"elementor-element elementor-element-b9b568f elementor-widget elementor-widget-image\" data-id=\"b9b568f\" data-element_type=\"widget\" data-e-type=\"widget\" data-widget_type=\"image.default\">\n\t\t\t\t<div class=\"elementor-widget-container\">\n\t\t\t\t\t\t\t\t\t\t\t\t\t\t\t<img fetchpriority=\"high\" decoding=\"async\" width=\"2400\" height=\"900\" src=\"https:\/\/cerca.io\/wp-content\/uploads\/2024\/04\/actualite-community-annonce-cerca.jpg\" class=\"attachment-full size-full wp-image-18785\" alt=\"cerca\" srcset=\"https:\/\/cerca.io\/wp-content\/uploads\/2024\/04\/actualite-community-annonce-cerca.jpg 2400w, https:\/\/cerca.io\/wp-content\/uploads\/2024\/04\/actualite-community-annonce-cerca-300x113.jpg 300w, https:\/\/cerca.io\/wp-content\/uploads\/2024\/04\/actualite-community-annonce-cerca-1024x384.jpg 1024w, https:\/\/cerca.io\/wp-content\/uploads\/2024\/04\/actualite-community-annonce-cerca-768x288.jpg 768w, https:\/\/cerca.io\/wp-content\/uploads\/2024\/04\/actualite-community-annonce-cerca-1536x576.jpg 1536w, https:\/\/cerca.io\/wp-content\/uploads\/2024\/04\/actualite-community-annonce-cerca-2048x768.jpg 2048w, https:\/\/cerca.io\/wp-content\/uploads\/2024\/04\/actualite-community-annonce-cerca-130x50.jpg 130w\" sizes=\"(max-width: 2400px) 100vw, 2400px\" \/>\t\t\t\t\t\t\t\t\t\t\t\t\t\t\t<\/div>\n\t\t\t\t<\/div>\n\t\t\t\t\t<\/div>\n\t\t<\/div>\n\t\t\t\t\t<\/div>\n\t\t<\/section>\n\t\t\t\t<section class=\"elementor-section elementor-top-section elementor-element elementor-element-bb8fa33 elementor-section-boxed elementor-section-height-default elementor-section-height-default wpr-particle-no wpr-jarallax-no wpr-parallax-no wpr-sticky-section-no\" data-id=\"bb8fa33\" data-element_type=\"section\" data-e-type=\"section\">\n\t\t\t\t\t\t<div class=\"elementor-container elementor-column-gap-default\">\n\t\t\t\t\t<div class=\"elementor-column elementor-col-100 elementor-top-column elementor-element elementor-element-5667745\" data-id=\"5667745\" data-element_type=\"column\" data-e-type=\"column\">\n\t\t\t<div class=\"elementor-widget-wrap elementor-element-populated\">\n\t\t\t\t\t\t<div class=\"elementor-element elementor-element-d2d9d3a elementor-widget elementor-widget-heading\" data-id=\"d2d9d3a\" data-element_type=\"widget\" data-e-type=\"widget\" data-widget_type=\"heading.default\">\n\t\t\t\t<div class=\"elementor-widget-container\">\n\t\t\t\t\t<h2 class=\"elementor-heading-title elementor-size-default\">C'est officiel. Franchise On Cloud devient Cerca.\u00a0<\/h2>\t\t\t\t<\/div>\n\t\t\t\t<\/div>\n\t\t\t\t\t<\/div>\n\t\t<\/div>\n\t\t\t\t\t<\/div>\n\t\t<\/section>\n\t\t\t\t<section class=\"elementor-section elementor-top-section elementor-element elementor-element-f25c467 elementor-section-boxed elementor-section-height-default elementor-section-height-default wpr-particle-no wpr-jarallax-no wpr-parallax-no wpr-sticky-section-no\" data-id=\"f25c467\" data-element_type=\"section\" data-e-type=\"section\">\n\t\t\t\t\t\t<div class=\"elementor-container elementor-column-gap-default\">\n\t\t\t\t\t<div class=\"elementor-column elementor-col-100 elementor-top-column elementor-element elementor-element-3ead503\" data-id=\"3ead503\" data-element_type=\"column\" data-e-type=\"column\">\n\t\t\t<div class=\"elementor-widget-wrap elementor-element-populated\">\n\t\t\t\t\t\t<div class=\"elementor-element elementor-element-bdc8659 elementor-widget elementor-widget-text-editor\" data-id=\"bdc8659\" data-element_type=\"widget\" data-e-type=\"widget\" data-widget_type=\"text-editor.default\">\n\t\t\t\t<div class=\"elementor-widget-container\">\n\t\t\t\t\t\t\t\t\t<p>Nous l&rsquo;avions annonc\u00e9 d\u00e8s janvier \u00e0 nos clients. Nous nous \u00e9tions largement d\u00e9voil\u00e9s lors de <a href=\"https:\/\/www.linkedin.com\/posts\/cerca-ex-franchise-on-cloud-groupe-axone_solution-salon-franchise-activity-7176211368683941888-GJIS?utm_source=share&amp;utm_medium=member_desktop\" target=\"_blank\" rel=\"noopener nofollow\">Franchise Expo 2024 avec nos polos<\/a>. \ud83d\udc40\u00a0<br \/>Nous franchissons le pas officiellement aujourd&rsquo;hui.<\/p><p><span style=\"color: #1284e0;\"><strong>Nos dix derni\u00e8res ann\u00e9es de forte croissance et nos 400 enseignes clientes nous autorisent en effet une nouvelle ambition de d\u00e9veloppement<\/strong>\u00a0<\/span><strong><span style=\"color: #1284e0;\">: permettre \u00e0 toutes ces marques multi-implant\u00e9es d&rsquo;acc\u00e9l\u00e9rer et de ma\u00eetriser leur croissance pour devenir ou rester les leaders de leur secteur.<\/span><\/strong><span style=\"color: #1284e0;\">\u00a0<\/span><\/p><p>Si la franchise reste notre ADN, les enseignes du commerce int\u00e9gr\u00e9 rencontrent les m\u00eames probl\u00e9matiques : <a href=\"https:\/\/cerca.io\/fr_fr\/suivi-animation\/\" target=\"_blank\" rel=\"noopener\">la gestion de plusieurs implantations<\/a> cr\u00e9e de la distance entre le si\u00e8ge et les op\u00e9rationnels terrains, qu\u2019ils soient salari\u00e9s ou ind\u00e9pendants, et finalement de la distance avec les clients.\u00a0<\/p><p>La solution Cerca veut rapprocher l\u2019ensemble des acteurs investis dans la mise en place de la seule chose qui importe au final : cr\u00e9er une exp\u00e9rience client optimale pour votre marque, que ce client franchisse le pas d&rsquo;une implantation \u00e0 Marseille, Tours, Berlin, Malaga ou New-York.\u00a0\u00a0<\/p><p>Un tr\u00e8s grand merci \u00e0 nos clients pour tout ce que nous avons commenc\u00e9 \u00e0 construire ensemble ces derni\u00e8res ann\u00e9es. \ud83d\udcaa\u00a0<br \/>Merci d&rsquo;avance pour ce que nous allons r\u00e9aliser ensemble dans les dix prochaines ann\u00e9es. \ud83d\ude80\ud83c\udf1f<\/p>\t\t\t\t\t\t\t\t<\/div>\n\t\t\t\t<\/div>\n\t\t\t\t\t<\/div>\n\t\t<\/div>\n\t\t\t\t\t<\/div>\n\t\t<\/section>\n\t\t\t\t<section class=\"elementor-section elementor-top-section elementor-element elementor-element-399f8b41 elementor-section-boxed elementor-section-height-default elementor-section-height-default wpr-particle-no wpr-jarallax-no wpr-parallax-no wpr-sticky-section-no\" data-id=\"399f8b41\" data-element_type=\"section\" data-e-type=\"section\">\n\t\t\t\t\t\t<div class=\"elementor-container elementor-column-gap-default\">\n\t\t\t\t\t<div class=\"elementor-column elementor-col-100 elementor-top-column elementor-element elementor-element-544a7b01\" data-id=\"544a7b01\" data-element_type=\"column\" data-e-type=\"column\">\n\t\t\t<div class=\"elementor-widget-wrap elementor-element-populated\">\n\t\t\t\t\t\t<div class=\"elementor-element elementor-element-6c8ee433 elementor-widget elementor-widget-heading\" data-id=\"6c8ee433\" data-element_type=\"widget\" data-e-type=\"widget\" data-widget_type=\"heading.default\">\n\t\t\t\t<div class=\"elementor-widget-container\">\n\t\t\t\t\t<h2 class=\"elementor-heading-title elementor-size-default\">Ces articles peuvent vous int\u00e9resser : <\/h2>\t\t\t\t<\/div>\n\t\t\t\t<\/div>\n\t\t\t\t<div class=\"elementor-element elementor-element-2ad461d7 elementor-grid-2 elementor-grid-tablet-2 elementor-grid-mobile-1 elementor-posts--thumbnail-top elementor-widget elementor-widget-posts\" data-id=\"2ad461d7\" data-element_type=\"widget\" data-e-type=\"widget\" data-settings=\"{&quot;classic_columns&quot;:&quot;2&quot;,&quot;classic_masonry&quot;:&quot;yes&quot;,&quot;classic_columns_tablet&quot;:&quot;2&quot;,&quot;classic_columns_mobile&quot;:&quot;1&quot;,&quot;classic_row_gap&quot;:{&quot;unit&quot;:&quot;px&quot;,&quot;size&quot;:35,&quot;sizes&quot;:[]},&quot;classic_row_gap_tablet&quot;:{&quot;unit&quot;:&quot;px&quot;,&quot;size&quot;:&quot;&quot;,&quot;sizes&quot;:[]},&quot;classic_row_gap_mobile&quot;:{&quot;unit&quot;:&quot;px&quot;,&quot;size&quot;:&quot;&quot;,&quot;sizes&quot;:[]}}\" data-widget_type=\"posts.classic\">\n\t\t\t\t<div class=\"elementor-widget-container\">\n\t\t\t\t\t\t\t<div class=\"elementor-posts-container elementor-posts elementor-posts--skin-classic elementor-grid\">\n\t\t\t\t<article class=\"elementor-post elementor-grid-item post-24007 post type-post status-publish format-standard has-post-thumbnail hentry category-excellence-operationnelle-fonctionnalites tag-fr\">\n\t\t\t\t<a class=\"elementor-post__thumbnail__link\" href=\"https:\/\/cerca.io\/fr_fr\/audit-digital-vs-audit-papier\/\" tabindex=\"-1\">\n\t\t\t<div class=\"elementor-post__thumbnail\"><img decoding=\"async\" width=\"1746\" height=\"720\" src=\"https:\/\/cerca.io\/wp-content\/uploads\/2026\/04\/audits-digitals-vs-papier-Minia-blog.png\" class=\"attachment-full size-full wp-image-24009\" alt=\"audit digital\" srcset=\"https:\/\/cerca.io\/wp-content\/uploads\/2026\/04\/audits-digitals-vs-papier-Minia-blog.png 1746w, https:\/\/cerca.io\/wp-content\/uploads\/2026\/04\/audits-digitals-vs-papier-Minia-blog-300x124.png 300w, https:\/\/cerca.io\/wp-content\/uploads\/2026\/04\/audits-digitals-vs-papier-Minia-blog-1024x422.png 1024w, https:\/\/cerca.io\/wp-content\/uploads\/2026\/04\/audits-digitals-vs-papier-Minia-blog-768x317.png 768w, https:\/\/cerca.io\/wp-content\/uploads\/2026\/04\/audits-digitals-vs-papier-Minia-blog-1536x633.png 1536w, https:\/\/cerca.io\/wp-content\/uploads\/2026\/04\/audits-digitals-vs-papier-Minia-blog-18x7.png 18w\" sizes=\"(max-width: 1746px) 100vw, 1746px\" \/><\/div>\n\t\t<\/a>\n\t\t\t\t<div class=\"elementor-post__text\">\n\t\t\t\t<\/div>\n\t\t\t\t<\/article>\n\t\t\t\t<article class=\"elementor-post elementor-grid-item post-23910 post type-post status-publish format-standard has-post-thumbnail hentry category-non-classe-fr tag-fr\">\n\t\t\t\t<a class=\"elementor-post__thumbnail__link\" href=\"https:\/\/cerca.io\/fr_fr\/nouveautes-avril-2026-pilotage-reseau-multi-sites\/\" tabindex=\"-1\">\n\t\t\t<div class=\"elementor-post__thumbnail\"><img decoding=\"async\" width=\"1746\" height=\"720\" src=\"https:\/\/cerca.io\/wp-content\/uploads\/2026\/04\/nouveautes-avril-2026-minia-blog-ENG.png\" class=\"attachment-full size-full wp-image-23914\" alt=\"Pilotage r\u00e9seau\" srcset=\"https:\/\/cerca.io\/wp-content\/uploads\/2026\/04\/nouveautes-avril-2026-minia-blog-ENG.png 1746w, https:\/\/cerca.io\/wp-content\/uploads\/2026\/04\/nouveautes-avril-2026-minia-blog-ENG-300x124.png 300w, https:\/\/cerca.io\/wp-content\/uploads\/2026\/04\/nouveautes-avril-2026-minia-blog-ENG-1024x422.png 1024w, https:\/\/cerca.io\/wp-content\/uploads\/2026\/04\/nouveautes-avril-2026-minia-blog-ENG-768x317.png 768w, https:\/\/cerca.io\/wp-content\/uploads\/2026\/04\/nouveautes-avril-2026-minia-blog-ENG-1536x633.png 1536w, https:\/\/cerca.io\/wp-content\/uploads\/2026\/04\/nouveautes-avril-2026-minia-blog-ENG-18x7.png 18w\" sizes=\"(max-width: 1746px) 100vw, 1746px\" \/><\/div>\n\t\t<\/a>\n\t\t\t\t<div class=\"elementor-post__text\">\n\t\t\t\t<\/div>\n\t\t\t\t<\/article>\n\t\t\t\t<\/div>\n\t\t\n\t\t\t\t\t\t<\/div>\n\t\t\t\t<\/div>\n\t\t\t\t\t<\/div>\n\t\t<\/div>\n\t\t\t\t\t<\/div>\n\t\t<\/section>\n\t\t\t\t<\/div>",
        "protected": false
    },
    "excerpt": {
        "rendered": "<p>C&rsquo;est officiel. Franchise On Cloud devient Cerca.\u00a0 Nous l&rsquo;avions annonc\u00e9 d\u00e8s janvier \u00e0 nos clients. Nous nous \u00e9tions largement d\u00e9voil\u00e9s lors de Franchise Expo 2024 avec nos polos. \ud83d\udc40\u00a0Nous franchissons le pas officiellement aujourd&rsquo;hui. Nos dix derni\u00e8res ann\u00e9es de forte croissance et nos 400 enseignes clientes nous autorisent en effet une nouvelle ambition de d\u00e9veloppement\u00a0: permettre \u00e0 toutes ces marques multi-implant\u00e9es d&rsquo;acc\u00e9l\u00e9rer et de ma\u00eetriser leur croissance pour devenir ou rester les leaders de leur secteur.\u00a0 Si la franchise reste notre ADN, les enseignes du commerce int\u00e9gr\u00e9 rencontrent les m\u00eames probl\u00e9matiques : la gestion de plusieurs implantations cr\u00e9e de la distance entre le si\u00e8ge et les op\u00e9rationnels terrains, qu\u2019ils soient salari\u00e9s ou ind\u00e9pendants, et finalement de la distance avec les clients.\u00a0 La solution Cerca veut rapprocher l\u2019ensemble des acteurs investis dans la mise en place de la seule chose qui importe au final : cr\u00e9er une exp\u00e9rience client optimale pour votre marque, que ce client franchisse le pas d&rsquo;une implantation \u00e0 Marseille, Tours, Berlin, Malaga ou New-York.\u00a0\u00a0 Un tr\u00e8s grand merci \u00e0 nos clients pour tout ce que nous avons commenc\u00e9 \u00e0 construire ensemble ces derni\u00e8res ann\u00e9es. \ud83d\udcaa\u00a0Merci d&rsquo;avance pour ce que nous allons r\u00e9aliser ensemble dans les dix prochaines ann\u00e9es. \ud83d\ude80\ud83c\udf1f Ces articles peuvent vous int\u00e9resser :<\/p>",
        "protected": false
    },
    "author": 1,
    "featured_media": 18785,
    "comment_status": "closed",
    "ping_status": "closed",
    "sticky": false,
    "template": "",
    "format": "standard",
    "meta": {
        "content-type": "",
        "om_disable_all_campaigns": false,
        "_monsterinsights_skip_tracking": false,
        "_monsterinsights_sitenote_active": false,
        "_monsterinsights_sitenote_note": "",
        "_monsterinsights_sitenote_category": 0,
        "_uf_show_specific_survey": 0,
        "_uf_disable_surveys": false,
        "_themeisle_gutenberg_block_has_review": false,
        "footnotes": ""
    },
    "categories": [
        101
    ],
    "tags": [
        139
    ],
    "class_list": [
        "post-18782",
        "post",
        "type-post",
        "status-publish",
        "format-standard",
        "has-post-thumbnail",
        "hentry",
        "category-actualites",
        "tag-fr"
    ],
    "aioseo_notices": [],
    "_links": {
        "self": [
            {
                "href": "https:\/\/cerca.io\/fr_fr\/wp-json\/wp\/v2\/posts\/18782",
                "targetHints": {
                    "allow": [
                        "GET"
                    ]
                }
            }
        ],
        "collection": [
            {
                "href": "https:\/\/cerca.io\/fr_fr\/wp-json\/wp\/v2\/posts"
            }
        ],
        "about": [
            {
                "href": "https:\/\/cerca.io\/fr_fr\/wp-json\/wp\/v2\/types\/post"
            }
        ],
        "author": [
            {
                "embeddable": true,
                "href": "https:\/\/cerca.io\/fr_fr\/wp-json\/wp\/v2\/users\/1"
            }
        ],
        "replies": [
            {
                "embeddable": true,
                "href": "https:\/\/cerca.io\/fr_fr\/wp-json\/wp\/v2\/comments?post=18782"
            }
        ],
        "version-history": [
            {
                "count": 31,
                "href": "https:\/\/cerca.io\/fr_fr\/wp-json\/wp\/v2\/posts\/18782\/revisions"
            }
        ],
        "predecessor-version": [
            {
                "id": 19729,
                "href": "https:\/\/cerca.io\/fr_fr\/wp-json\/wp\/v2\/posts\/18782\/revisions\/19729"
            }
        ],
        "wp:featuredmedia": [
            {
                "embeddable": true,
                "href": "https:\/\/cerca.io\/fr_fr\/wp-json\/wp\/v2\/media\/18785"
            }
        ],
        "wp:attachment": [
            {
                "href": "https:\/\/cerca.io\/fr_fr\/wp-json\/wp\/v2\/media?parent=18782"
            }
        ],
        "wp:term": [
            {
                "taxonomy": "category",
                "embeddable": true,
                "href": "https:\/\/cerca.io\/fr_fr\/wp-json\/wp\/v2\/categories?post=18782"
            },
            {
                "taxonomy": "post_tag",
                "embeddable": true,
                "href": "https:\/\/cerca.io\/fr_fr\/wp-json\/wp\/v2\/tags?post=18782"
            }
        ],
        "curies": [
            {
                "name": "wp",
                "href": "https:\/\/api.w.org\/{rel}",
                "templated": true
            }
        ]
    }
}