{
    "id": 19989,
    "date": "2025-01-27T14:00:59",
    "date_gmt": "2025-01-27T13:00:59",
    "guid": {
        "rendered": "https:\/\/cerca.io\/?p=19989"
    },
    "modified": "2025-11-13T11:22:43",
    "modified_gmt": "2025-11-13T10:22:43",
    "slug": "engagement-rse-cerca",
    "status": "publish",
    "type": "post",
    "link": "https:\/\/cerca.io\/fr_fr\/engagement-rse-cerca\/",
    "title": {
        "rendered": "Engagement RSE : 10% de nos revenus pour le secteur caritatif"
    },
    "content": {
        "rendered": "<div data-elementor-type=\"wp-post\" data-elementor-id=\"19989\" class=\"elementor elementor-19989\" data-elementor-post-type=\"post\">\n\t\t\t\t\t\t<section class=\"elementor-section elementor-top-section elementor-element elementor-element-18b1d27 elementor-section-boxed elementor-section-height-default elementor-section-height-default wpr-particle-no wpr-jarallax-no wpr-parallax-no wpr-sticky-section-no\" data-id=\"18b1d27\" data-element_type=\"section\" data-e-type=\"section\">\n\t\t\t\t\t\t<div class=\"elementor-container elementor-column-gap-default\">\n\t\t\t\t\t<div class=\"elementor-column elementor-col-100 elementor-top-column elementor-element elementor-element-688ace9\" data-id=\"688ace9\" data-element_type=\"column\" data-e-type=\"column\">\n\t\t\t<div class=\"elementor-widget-wrap elementor-element-populated\">\n\t\t\t\t\t\t<div class=\"elementor-element elementor-element-33a8841 elementor-widget elementor-widget-image\" data-id=\"33a8841\" data-element_type=\"widget\" data-e-type=\"widget\" data-widget_type=\"image.default\">\n\t\t\t\t<div class=\"elementor-widget-container\">\n\t\t\t\t\t\t\t\t\t\t\t\t\t\t\t<img fetchpriority=\"high\" decoding=\"async\" width=\"2048\" height=\"720\" src=\"https:\/\/cerca.io\/wp-content\/uploads\/2025\/01\/Visuel-article.png\" class=\"attachment-full size-full wp-image-19991\" alt=\"RSE\" srcset=\"https:\/\/cerca.io\/wp-content\/uploads\/2025\/01\/Visuel-article.png 2048w, https:\/\/cerca.io\/wp-content\/uploads\/2025\/01\/Visuel-article-300x105.png 300w, https:\/\/cerca.io\/wp-content\/uploads\/2025\/01\/Visuel-article-1024x360.png 1024w, https:\/\/cerca.io\/wp-content\/uploads\/2025\/01\/Visuel-article-768x270.png 768w, https:\/\/cerca.io\/wp-content\/uploads\/2025\/01\/Visuel-article-1536x540.png 1536w\" sizes=\"(max-width: 2048px) 100vw, 2048px\" \/>\t\t\t\t\t\t\t\t\t\t\t\t\t\t\t<\/div>\n\t\t\t\t<\/div>\n\t\t\t\t<div class=\"elementor-element elementor-element-4f61b75 elementor-widget elementor-widget-text-editor\" data-id=\"4f61b75\" data-element_type=\"widget\" data-e-type=\"widget\" data-widget_type=\"text-editor.default\">\n\t\t\t\t<div class=\"elementor-widget-container\">\n\t\t\t\t\t\t\t\t\t<div class=\"\" data-block=\"true\" data-editor=\"brrde\" data-offset-key=\"8o11o-0-0\"><div class=\"public-DraftStyleDefault-block public-DraftStyleDefault-ltr\" data-offset-key=\"8o11o-0-0\"><span data-offset-key=\"8o11o-0-0\">La <\/span><span data-offset-key=\"8o11o-0-1\"><strong>Responsabilit\u00e9 Soci\u00e9tale des Entreprises (RSE)<\/strong><\/span><span data-offset-key=\"8o11o-0-2\"> consiste \u00e0 int\u00e9grer volontairement des pr\u00e9occupations environnementales, sociales, \u00e9conomiques et \u00e9thiques dans nos activit\u00e9s et dans nos relations avec les parties prenantes. Autrement dit, il s\u2019agit de faire plus que du business : c\u2019est apporter une <\/span><strong>dimension humaine<\/strong><span data-offset-key=\"8o11o-0-4\"> \u00e0 nos actions quotidiennes et veiller \u00e0 <\/span><strong>r\u00e9duire notre impact<\/strong><span data-offset-key=\"8o11o-0-6\"> sur la plan\u00e8te. \ud83c\udf0d\ud83e\udd1d<\/span><\/div><div data-offset-key=\"8o11o-0-0\">\u00a0<\/div><div class=\"public-DraftStyleDefault-block public-DraftStyleDefault-ltr\" data-offset-key=\"8o11o-0-0\"><span data-offset-key=\"flf0n-0-0\">Chez <\/span><a href=\"https:\/\/cerca.io\/fr_fr\/\" target=\"_blank\" rel=\"noopener\"><strong><span style=\"text-decoration: underline; color: #1284e0;\">Cerca<\/span><\/strong><\/a><span data-offset-key=\"flf0n-0-2\">, nous somme conscients que les d\u00e9fis sont immenses et que chaque initiative compte. C\u2019est pourquoi toute l\u2019\u00e9quipe est <\/span><span data-offset-key=\"flf0n-0-3\">tr\u00e8s fi\u00e8re d\u2019apporter sa modeste goutte d\u2019eau<\/span><span data-offset-key=\"flf0n-0-4\"> dans cet oc\u00e9an de besoins.<\/span><\/div><\/div>\t\t\t\t\t\t\t\t<\/div>\n\t\t\t\t<\/div>\n\t\t\t\t<div class=\"elementor-element elementor-element-8e70360 elementor-widget elementor-widget-heading\" data-id=\"8e70360\" data-element_type=\"widget\" data-e-type=\"widget\" data-widget_type=\"heading.default\">\n\t\t\t\t<div class=\"elementor-widget-container\">\n\t\t\t\t\t<h2 class=\"elementor-heading-title elementor-size-default\">L\u2019importance de l'engagement RSE pour Cerca<\/h2>\t\t\t\t<\/div>\n\t\t\t\t<\/div>\n\t\t\t\t<div class=\"elementor-element elementor-element-dfe0342 elementor-widget elementor-widget-text-editor\" data-id=\"dfe0342\" data-element_type=\"widget\" data-e-type=\"widget\" data-widget_type=\"text-editor.default\">\n\t\t\t\t<div class=\"elementor-widget-container\">\n\t\t\t\t\t\t\t\t\t<div class=\"\" data-block=\"true\" data-editor=\"brrde\" data-offset-key=\"evrlv-0-0\"><div class=\"public-DraftStyleDefault-block public-DraftStyleDefault-ltr\" data-offset-key=\"evrlv-0-0\"><span data-offset-key=\"evrlv-0-0\">En tant qu\u2019\u00e9diteur de solutions SaaS, nous accompagnons plus de <\/span><strong>400 enseignes<\/strong><span data-offset-key=\"evrlv-0-2\"> et leurs <\/span><strong>35 000 points de vente<\/strong><span data-offset-key=\"evrlv-0-4\"> dans leur gestion au quotidien. Cette position nous conf\u00e8re une <\/span><strong>responsabilit\u00e9 soci\u00e9tale<\/strong><span data-offset-key=\"evrlv-0-6\"> particuli\u00e8re : celle d\u2019agir en faveur du bien commun. Nos clients, qu\u2019ils soient dans le domaine de la <\/span><span data-offset-key=\"evrlv-0-7\">franchise<\/span><span data-offset-key=\"evrlv-0-8\"> ou tout autre r\u00e9seau multi-implant\u00e9, sont de plus en plus sensibles \u00e0 la <\/span><strong>r\u00e9duction de l\u2019empreinte carbone<\/strong><span data-offset-key=\"evrlv-0-10\"> et \u00e0 la <strong>solidarit\u00e9<\/strong>.<\/span><\/div><div data-offset-key=\"evrlv-0-0\">\u00a0<\/div><\/div><ul class=\"public-DraftStyleDefault-ul\" data-offset-key=\"9pri7-0-0\"><li class=\"public-DraftStyleDefault-unorderedListItem public-DraftStyleDefault-reset public-DraftStyleDefault-depth0 public-DraftStyleDefault-listLTR\" data-block=\"true\" data-editor=\"brrde\" data-offset-key=\"9pri7-0-0\"><div class=\"public-DraftStyleDefault-block public-DraftStyleDefault-ltr\" data-offset-key=\"9pri7-0-0\"><strong>Pourquoi ?<\/strong><span data-offset-key=\"9pri7-0-1\"> Parce que leurs propres consommateurs attendent aujourd\u2019hui des entreprises qu\u2019elles s\u2019engagent pour un futur plus durable et plus juste.<\/span><\/div><\/li><li class=\"public-DraftStyleDefault-unorderedListItem public-DraftStyleDefault-depth0 public-DraftStyleDefault-listLTR\" data-block=\"true\" data-editor=\"brrde\" data-offset-key=\"9d6sr-0-0\"><div class=\"public-DraftStyleDefault-block public-DraftStyleDefault-ltr\" data-offset-key=\"9d6sr-0-0\"><strong>Comment\u202f?<\/strong><span data-offset-key=\"9d6sr-0-1\"> En choisissant des partenaires qui partagent ces valeurs.<\/span><\/div><\/li><\/ul>\t\t\t\t\t\t\t\t<\/div>\n\t\t\t\t<\/div>\n\t\t\t\t<div class=\"elementor-element elementor-element-42fec75 elementor-widget elementor-widget-heading\" data-id=\"42fec75\" data-element_type=\"widget\" data-e-type=\"widget\" data-widget_type=\"heading.default\">\n\t\t\t\t<div class=\"elementor-widget-container\">\n\t\t\t\t\t<h2 class=\"elementor-heading-title elementor-size-default\">10 % de nos revenus pour le secteur caritatif \ud83c\udf31<\/h2>\t\t\t\t<\/div>\n\t\t\t\t<\/div>\n\t\t\t\t<div class=\"elementor-element elementor-element-7d0c064 elementor-widget elementor-widget-text-editor\" data-id=\"7d0c064\" data-element_type=\"widget\" data-e-type=\"widget\" data-widget_type=\"text-editor.default\">\n\t\t\t\t<div class=\"elementor-widget-container\">\n\t\t\t\t\t\t\t\t\t<div class=\"\" data-block=\"true\" data-editor=\"brrde\" data-offset-key=\"29mik-0-0\"><div class=\"public-DraftStyleDefault-block public-DraftStyleDefault-ltr\" data-offset-key=\"29mik-0-0\"><span data-offset-key=\"29mik-0-0\">Pour nous, la RSE, c\u2019est aussi <\/span><strong>agir concr\u00e8tement<\/strong><span data-offset-key=\"29mik-0-2\"> en faveur de ceux qui en ont le plus besoin. C\u2019est pourquoi nous avons d\u00e9cid\u00e9 de reverser <\/span><strong>10 % de nos revenus<\/strong><span data-offset-key=\"29mik-0-4\"><strong> \u00e0 deux associations caritatives<\/strong>\u202f:<\/span><\/div><div data-offset-key=\"29mik-0-0\">\u00a0<\/div><\/div><ul class=\"public-DraftStyleDefault-ul\" data-offset-key=\"8v121-0-0\"><li class=\"public-DraftStyleDefault-unorderedListItem public-DraftStyleDefault-reset public-DraftStyleDefault-depth0 public-DraftStyleDefault-listLTR\" data-block=\"true\" data-editor=\"brrde\" data-offset-key=\"8v121-0-0\"><div class=\"public-DraftStyleDefault-block public-DraftStyleDefault-ltr\" data-offset-key=\"8v121-0-0\"><span style=\"text-decoration: underline;\"><span style=\"color: #1284e0; text-decoration: underline;\"><a style=\"color: #1284e0; text-decoration: underline;\" href=\"https:\/\/www.unicef.fr\/\" target=\"_blank\" rel=\"noopener nofollow\"><strong>UNICEF<\/strong><\/a><\/span><\/span><span data-offset-key=\"8v121-0-1\"><span style=\"text-decoration: underline;\"><span style=\"color: #1284e0; text-decoration: underline;\"><strong> :<\/strong><\/span><\/span> une organisation qui \u0153uvre \u00e0 travers le monde pour la protection<\/span> <span data-offset-key=\"8v121-0-3\">des enfants, en d\u00e9fendant leurs droits et les aidant \u00e0 r\u00e9aliser leur potentiel, de la petite enfance \u00e0 l&rsquo;adolescence.<\/span><\/div><\/li><li class=\"public-DraftStyleDefault-unorderedListItem public-DraftStyleDefault-depth0 public-DraftStyleDefault-listLTR\" data-block=\"true\" data-editor=\"brrde\" data-offset-key=\"1bhol-0-0\"><div class=\"public-DraftStyleDefault-block public-DraftStyleDefault-ltr\" data-offset-key=\"1bhol-0-0\"><span style=\"text-decoration: underline;\"><span style=\"color: #1284e0; text-decoration: underline;\"><a style=\"color: #1284e0; text-decoration: underline;\" href=\"https:\/\/www.restosducoeur.org\/\" target=\"_blank\" rel=\"noopener nofollow\"><strong>Les Restos du C\u0153ur<\/strong><\/a><\/span><\/span><span data-offset-key=\"1bhol-0-1\"><span style=\"text-decoration: underline;\"><span style=\"color: #1284e0; text-decoration: underline;\"><strong> :<\/strong><\/span><\/span> une association embl\u00e9matique en France, qui lutte contre la faim et la pr\u00e9carit\u00e9.<\/span><\/div><\/li><\/ul><div class=\"\" data-block=\"true\" data-editor=\"brrde\" data-offset-key=\"64gb1-0-0\"><div class=\"public-DraftStyleDefault-block public-DraftStyleDefault-ltr\" data-offset-key=\"64gb1-0-0\"><span data-offset-key=\"64gb1-0-0\">Ce <\/span><strong>soutien financier<\/strong><span data-offset-key=\"64gb1-0-2\"> est possible gr\u00e2ce \u00e0 la valeur que nous cr\u00e9ons <\/span><strong>tous ensemble<\/strong><span data-offset-key=\"64gb1-0-4\"> avec notre communaut\u00e9. Merci \u00e0 nos clients et partenaires qui, en travaillant \u00e0 nos c\u00f4t\u00e9s, contribuent directement \u00e0 ces actions de solidarit\u00e9.<\/span><\/div><\/div>\t\t\t\t\t\t\t\t<\/div>\n\t\t\t\t<\/div>\n\t\t\t\t<div class=\"elementor-element elementor-element-41b6c8c elementor-widget elementor-widget-heading\" data-id=\"41b6c8c\" data-element_type=\"widget\" data-e-type=\"widget\" data-widget_type=\"heading.default\">\n\t\t\t\t<div class=\"elementor-widget-container\">\n\t\t\t\t\t<h2 class=\"elementor-heading-title elementor-size-default\">Une approche RSE globale : du CFA d\u2019entreprise aux serveurs verts<\/h2>\t\t\t\t<\/div>\n\t\t\t\t<\/div>\n\t\t\t\t<div class=\"elementor-element elementor-element-4d6d37b elementor-widget elementor-widget-text-editor\" data-id=\"4d6d37b\" data-element_type=\"widget\" data-e-type=\"widget\" data-widget_type=\"text-editor.default\">\n\t\t\t\t<div class=\"elementor-widget-container\">\n\t\t\t\t\t\t\t\t\t<div class=\"\" data-block=\"true\" data-editor=\"brrde\" data-offset-key=\"einq1-0-0\"><div class=\"public-DraftStyleDefault-block public-DraftStyleDefault-ltr\" data-offset-key=\"einq1-0-0\"><span data-offset-key=\"einq1-0-0\">Notre volont\u00e9 d\u2019exercer un <\/span><span data-offset-key=\"einq1-0-1\">impact social<\/span><span data-offset-key=\"einq1-0-2\"> va bien au-del\u00e0 du caritatif. Nous avons mis en place plusieurs initiatives pour b\u00e2tir un mod\u00e8le d\u2019entreprise <\/span><strong>responsable<\/strong><span data-offset-key=\"einq1-0-4\"> et <\/span><strong>p\u00e9renne<\/strong><span data-offset-key=\"einq1-0-6\"> :<\/span><\/div><\/div>\t\t\t\t\t\t\t\t<\/div>\n\t\t\t\t<\/div>\n\t\t\t\t<div class=\"elementor-element elementor-element-3e1b06c elementor-widget elementor-widget-heading\" data-id=\"3e1b06c\" data-element_type=\"widget\" data-e-type=\"widget\" data-widget_type=\"heading.default\">\n\t\t\t\t<div class=\"elementor-widget-container\">\n\t\t\t\t\t<h3 class=\"elementor-heading-title elementor-size-default\">La cr\u00e9ation d\u2019un CFA d\u2019entreprise<\/h3>\t\t\t\t<\/div>\n\t\t\t\t<\/div>\n\t\t\t\t<div class=\"elementor-element elementor-element-a8751ae elementor-widget elementor-widget-text-editor\" data-id=\"a8751ae\" data-element_type=\"widget\" data-e-type=\"widget\" data-widget_type=\"text-editor.default\">\n\t\t\t\t<div class=\"elementor-widget-container\">\n\t\t\t\t\t\t\t\t\t<p>Nous formons des jeunes sans dipl\u00f4me pour leur permettre d\u2019obtenir une qualification reconnue. C\u2019est une opportunit\u00e9 de d\u00e9velopper des comp\u00e9tences et de favoriser l\u2019insertion professionnelle.<\/p>\t\t\t\t\t\t\t\t<\/div>\n\t\t\t\t<\/div>\n\t\t\t\t<div class=\"elementor-element elementor-element-16348ca elementor-widget elementor-widget-heading\" data-id=\"16348ca\" data-element_type=\"widget\" data-e-type=\"widget\" data-widget_type=\"heading.default\">\n\t\t\t\t<div class=\"elementor-widget-container\">\n\t\t\t\t\t<h3 class=\"elementor-heading-title elementor-size-default\">Des serveurs aliment\u00e9s \u00e0 100\u202f% gr\u00e2ce \u00e0 des sources d\u2019\u00e9nergie verte<\/h3>\t\t\t\t<\/div>\n\t\t\t\t<\/div>\n\t\t\t\t<div class=\"elementor-element elementor-element-d0362a8 elementor-widget elementor-widget-text-editor\" data-id=\"d0362a8\" data-element_type=\"widget\" data-e-type=\"widget\" data-widget_type=\"text-editor.default\">\n\t\t\t\t<div class=\"elementor-widget-container\">\n\t\t\t\t\t\t\t\t\t<p><span data-offset-key=\"9i3nq-0-1\">Cette mesure nous aide \u00e0 maintenir une <\/span><span data-offset-key=\"9i3nq-0-2\">empreinte carbone<\/span><span data-offset-key=\"9i3nq-0-3\"> \u00e9quivalente \u00e0 celle d&rsquo;un seul Fran\u00e7ais \u00e0 l&rsquo;ann\u00e9e\u2026 pour l\u2019ensemble de nos <\/span><span data-offset-key=\"9i3nq-0-4\">400 enseignes clientes et de leurs 35 000 points de vente<\/span><span data-offset-key=\"9i3nq-0-5\">\u202f!<\/span><\/p>\t\t\t\t\t\t\t\t<\/div>\n\t\t\t\t<\/div>\n\t\t\t\t<div class=\"elementor-element elementor-element-9658c9c elementor-widget elementor-widget-heading\" data-id=\"9658c9c\" data-element_type=\"widget\" data-e-type=\"widget\" data-widget_type=\"heading.default\">\n\t\t\t\t<div class=\"elementor-widget-container\">\n\t\t\t\t\t<h2 class=\"elementor-heading-title elementor-size-default\">Pourquoi cela vous concerne aussi ?<\/h2>\t\t\t\t<\/div>\n\t\t\t\t<\/div>\n\t\t\t\t<div class=\"elementor-element elementor-element-ff417ba elementor-widget elementor-widget-text-editor\" data-id=\"ff417ba\" data-element_type=\"widget\" data-e-type=\"widget\" data-widget_type=\"text-editor.default\">\n\t\t\t\t<div class=\"elementor-widget-container\">\n\t\t\t\t\t\t\t\t\t<div class=\"\" data-block=\"true\" data-editor=\"brrde\" data-offset-key=\"48ekn-0-0\"><div class=\"public-DraftStyleDefault-block public-DraftStyleDefault-ltr\" data-offset-key=\"48ekn-0-0\"><span data-offset-key=\"48ekn-0-0\">Vous \u00eates de plus en plus amen\u00e9s \u00e0 communiquer sur <\/span><span data-offset-key=\"48ekn-0-1\">votre propre engagement RSE<\/span><span data-offset-key=\"48ekn-0-2\">, et nous savons combien il est essentiel de choisir des fournisseurs qui s\u2019alignent sur vos valeurs. En adoptant notre solution SaaS, vous faites le choix :<\/span><\/div><div data-offset-key=\"48ekn-0-0\">\u00a0<\/div><\/div><ul class=\"public-DraftStyleDefault-ul\" data-offset-key=\"324oa-0-0\"><li class=\"public-DraftStyleDefault-unorderedListItem public-DraftStyleDefault-reset public-DraftStyleDefault-depth0 public-DraftStyleDefault-listLTR\" data-block=\"true\" data-editor=\"brrde\" data-offset-key=\"324oa-0-0\"><div class=\"public-DraftStyleDefault-block public-DraftStyleDefault-ltr\" data-offset-key=\"324oa-0-0\"><strong>D\u2019un partenaire responsable<\/strong><span data-offset-key=\"324oa-0-1\"><strong> :<\/strong> nous partageons la m\u00eame volont\u00e9 de r\u00e9duire notre impact environnemental et de soutenir des causes solidaires.<\/span><\/div><\/li><li class=\"public-DraftStyleDefault-unorderedListItem public-DraftStyleDefault-depth0 public-DraftStyleDefault-listLTR\" data-block=\"true\" data-editor=\"brrde\" data-offset-key=\"c78ff-0-0\"><div class=\"public-DraftStyleDefault-block public-DraftStyleDefault-ltr\" data-offset-key=\"c78ff-0-0\"><strong>D\u2019une coh\u00e9rence renforc\u00e9e<\/strong><span data-offset-key=\"c78ff-0-1\"><strong> :<\/strong> pour vos clients finaux, votre <\/span><strong>engagement RSE<\/strong><span data-offset-key=\"c78ff-0-3\"> gagne en cr\u00e9dibilit\u00e9 lorsque toute votre cha\u00eene de prestataires s\u2019inscrit dans la m\u00eame d\u00e9marche.<\/span><\/div><\/li><\/ul>\t\t\t\t\t\t\t\t<\/div>\n\t\t\t\t<\/div>\n\t\t\t\t<div class=\"elementor-element elementor-element-f9ebb00 elementor-align-center elementor-widget elementor-widget-button\" data-id=\"f9ebb00\" data-element_type=\"widget\" data-e-type=\"widget\" data-widget_type=\"button.default\">\n\t\t\t\t<div class=\"elementor-widget-container\">\n\t\t\t\t\t\t\t\t\t<div class=\"elementor-button-wrapper\">\n\t\t\t\t\t<a class=\"elementor-button elementor-button-link elementor-size-sm elementor-animation-bob\" href=\"https:\/\/cerca.io\/fr_fr\/essai-gratuit-foc-2\/\">\n\t\t\t\t\t\t<span class=\"elementor-button-content-wrapper\">\n\t\t\t\t\t\t\t\t\t<span class=\"elementor-button-text\">Rejoignez la r\u00e9volution Cerca<\/span>\n\t\t\t\t\t<\/span>\n\t\t\t\t\t<\/a>\n\t\t\t\t<\/div>\n\t\t\t\t\t\t\t\t<\/div>\n\t\t\t\t<\/div>\n\t\t\t\t<div class=\"elementor-element elementor-element-299e24b elementor-widget elementor-widget-text-editor\" data-id=\"299e24b\" data-element_type=\"widget\" data-e-type=\"widget\" data-widget_type=\"text-editor.default\">\n\t\t\t\t<div class=\"elementor-widget-container\">\n\t\t\t\t\t\t\t\t\t<p><span data-offset-key=\"akl80-0-0\">Chez <\/span><span data-offset-key=\"akl80-0-1\">Cerca<\/span><span data-offset-key=\"akl80-0-2\">, nous sommes convaincus que <\/span><strong>chaque geste compte<\/strong><span data-offset-key=\"akl80-0-4\"> pour construire un futur plus \u00e9quitable et durable. C\u2019est pourquoi nous continuerons d\u2019investir dans des projets <\/span><strong>solidaires<\/strong><span data-offset-key=\"akl80-0-6\"> et <\/span><strong>\u00e9cologiques<\/strong><span data-offset-key=\"akl80-0-8\">, tout en faisant \u00e9voluer nos solutions SaaS pour r\u00e9pondre aux d\u00e9fis des <\/span><strong>r\u00e9seaux multi-implant\u00e9s<\/strong><span data-offset-key=\"akl80-0-10\">. <\/span><\/p><p><span data-offset-key=\"akl80-0-10\"><strong>Notre ambition :<\/strong> \u00eatre un <\/span><strong>acteur responsable<\/strong><span data-offset-key=\"akl80-0-12\">, capable de participer \u00e0 l\u2019\u00e9dification d\u2019un monde plus juste et plus respectueux de l\u2019environnement\u2026 un petit pas apr\u00e8s l\u2019autre.<\/span><\/p>\t\t\t\t\t\t\t\t<\/div>\n\t\t\t\t<\/div>\n\t\t\t\t\t<\/div>\n\t\t<\/div>\n\t\t\t\t\t<\/div>\n\t\t<\/section>\n\t\t\t\t<section class=\"elementor-section elementor-top-section elementor-element elementor-element-62c0d74 elementor-section-boxed elementor-section-height-default elementor-section-height-default wpr-particle-no wpr-jarallax-no wpr-parallax-no wpr-sticky-section-no\" data-id=\"62c0d74\" data-element_type=\"section\" data-e-type=\"section\">\n\t\t\t\t\t\t<div class=\"elementor-container elementor-column-gap-default\">\n\t\t\t\t\t\t<\/div>\n\t\t<\/section>\n\t\t\t\t<section class=\"elementor-section elementor-top-section elementor-element elementor-element-97701a4 elementor-section-boxed elementor-section-height-default elementor-section-height-default wpr-particle-no wpr-jarallax-no wpr-parallax-no wpr-sticky-section-no\" data-id=\"97701a4\" data-element_type=\"section\" data-e-type=\"section\">\n\t\t\t\t\t\t<div class=\"elementor-container elementor-column-gap-default\">\n\t\t\t\t\t\t<\/div>\n\t\t<\/section>\n\t\t\t\t<section class=\"elementor-section elementor-top-section elementor-element elementor-element-c29e3c6 elementor-section-boxed elementor-section-height-default elementor-section-height-default wpr-particle-no wpr-jarallax-no wpr-parallax-no wpr-sticky-section-no\" data-id=\"c29e3c6\" data-element_type=\"section\" data-e-type=\"section\">\n\t\t\t\t\t\t<div class=\"elementor-container elementor-column-gap-default\">\n\t\t\t\t\t\t<\/div>\n\t\t<\/section>\n\t\t\t\t<section class=\"elementor-section elementor-top-section elementor-element elementor-element-5d8e2c8c elementor-section-boxed elementor-section-height-default elementor-section-height-default wpr-particle-no wpr-jarallax-no wpr-parallax-no wpr-sticky-section-no\" data-id=\"5d8e2c8c\" data-element_type=\"section\" data-e-type=\"section\">\n\t\t\t\t\t\t<div class=\"elementor-container elementor-column-gap-default\">\n\t\t\t\t\t<div class=\"elementor-column elementor-col-100 elementor-top-column elementor-element elementor-element-25b4eba5\" data-id=\"25b4eba5\" data-element_type=\"column\" data-e-type=\"column\">\n\t\t\t<div class=\"elementor-widget-wrap elementor-element-populated\">\n\t\t\t\t\t\t<div class=\"elementor-element elementor-element-72c1a8ee elementor-widget elementor-widget-heading\" data-id=\"72c1a8ee\" data-element_type=\"widget\" data-e-type=\"widget\" data-widget_type=\"heading.default\">\n\t\t\t\t<div class=\"elementor-widget-container\">\n\t\t\t\t\t<h2 class=\"elementor-heading-title elementor-size-default\">Ces articles peuvent vous int\u00e9resser : <\/h2>\t\t\t\t<\/div>\n\t\t\t\t<\/div>\n\t\t\t\t<div class=\"elementor-element elementor-element-6f3d2948 elementor-grid-2 elementor-grid-tablet-2 elementor-grid-mobile-1 elementor-posts--thumbnail-top elementor-widget elementor-widget-posts\" data-id=\"6f3d2948\" data-element_type=\"widget\" data-e-type=\"widget\" data-settings=\"{&quot;classic_columns&quot;:&quot;2&quot;,&quot;classic_masonry&quot;:&quot;yes&quot;,&quot;classic_columns_tablet&quot;:&quot;2&quot;,&quot;classic_columns_mobile&quot;:&quot;1&quot;,&quot;classic_row_gap&quot;:{&quot;unit&quot;:&quot;px&quot;,&quot;size&quot;:35,&quot;sizes&quot;:[]},&quot;classic_row_gap_tablet&quot;:{&quot;unit&quot;:&quot;px&quot;,&quot;size&quot;:&quot;&quot;,&quot;sizes&quot;:[]},&quot;classic_row_gap_mobile&quot;:{&quot;unit&quot;:&quot;px&quot;,&quot;size&quot;:&quot;&quot;,&quot;sizes&quot;:[]}}\" data-widget_type=\"posts.classic\">\n\t\t\t\t<div class=\"elementor-widget-container\">\n\t\t\t\t\t\t\t<div class=\"elementor-posts-container elementor-posts elementor-posts--skin-classic elementor-grid\">\n\t\t\t\t<article class=\"elementor-post elementor-grid-item post-24007 post type-post status-publish format-standard has-post-thumbnail hentry category-excellence-operationnelle-fonctionnalites tag-fr\">\n\t\t\t\t<a class=\"elementor-post__thumbnail__link\" href=\"https:\/\/cerca.io\/fr_fr\/audit-digital-vs-audit-papier\/\" tabindex=\"-1\">\n\t\t\t<div class=\"elementor-post__thumbnail\"><img decoding=\"async\" width=\"1746\" height=\"720\" src=\"https:\/\/cerca.io\/wp-content\/uploads\/2026\/04\/audits-digitals-vs-papier-Minia-blog.png\" class=\"attachment-full size-full wp-image-24009\" alt=\"audit digital\" srcset=\"https:\/\/cerca.io\/wp-content\/uploads\/2026\/04\/audits-digitals-vs-papier-Minia-blog.png 1746w, https:\/\/cerca.io\/wp-content\/uploads\/2026\/04\/audits-digitals-vs-papier-Minia-blog-300x124.png 300w, https:\/\/cerca.io\/wp-content\/uploads\/2026\/04\/audits-digitals-vs-papier-Minia-blog-1024x422.png 1024w, https:\/\/cerca.io\/wp-content\/uploads\/2026\/04\/audits-digitals-vs-papier-Minia-blog-768x317.png 768w, https:\/\/cerca.io\/wp-content\/uploads\/2026\/04\/audits-digitals-vs-papier-Minia-blog-1536x633.png 1536w, https:\/\/cerca.io\/wp-content\/uploads\/2026\/04\/audits-digitals-vs-papier-Minia-blog-18x7.png 18w\" sizes=\"(max-width: 1746px) 100vw, 1746px\" \/><\/div>\n\t\t<\/a>\n\t\t\t\t<div class=\"elementor-post__text\">\n\t\t\t\t<\/div>\n\t\t\t\t<\/article>\n\t\t\t\t<article class=\"elementor-post elementor-grid-item post-23910 post type-post status-publish format-standard has-post-thumbnail hentry category-non-classe-fr tag-fr\">\n\t\t\t\t<a class=\"elementor-post__thumbnail__link\" href=\"https:\/\/cerca.io\/fr_fr\/nouveautes-avril-2026-pilotage-reseau-multi-sites\/\" tabindex=\"-1\">\n\t\t\t<div class=\"elementor-post__thumbnail\"><img decoding=\"async\" width=\"1746\" height=\"720\" src=\"https:\/\/cerca.io\/wp-content\/uploads\/2026\/04\/nouveautes-avril-2026-minia-blog-ENG.png\" class=\"attachment-full size-full wp-image-23914\" alt=\"Pilotage r\u00e9seau\" srcset=\"https:\/\/cerca.io\/wp-content\/uploads\/2026\/04\/nouveautes-avril-2026-minia-blog-ENG.png 1746w, https:\/\/cerca.io\/wp-content\/uploads\/2026\/04\/nouveautes-avril-2026-minia-blog-ENG-300x124.png 300w, https:\/\/cerca.io\/wp-content\/uploads\/2026\/04\/nouveautes-avril-2026-minia-blog-ENG-1024x422.png 1024w, https:\/\/cerca.io\/wp-content\/uploads\/2026\/04\/nouveautes-avril-2026-minia-blog-ENG-768x317.png 768w, https:\/\/cerca.io\/wp-content\/uploads\/2026\/04\/nouveautes-avril-2026-minia-blog-ENG-1536x633.png 1536w, https:\/\/cerca.io\/wp-content\/uploads\/2026\/04\/nouveautes-avril-2026-minia-blog-ENG-18x7.png 18w\" sizes=\"(max-width: 1746px) 100vw, 1746px\" \/><\/div>\n\t\t<\/a>\n\t\t\t\t<div class=\"elementor-post__text\">\n\t\t\t\t<\/div>\n\t\t\t\t<\/article>\n\t\t\t\t<\/div>\n\t\t\n\t\t\t\t\t\t<\/div>\n\t\t\t\t<\/div>\n\t\t\t\t\t<\/div>\n\t\t<\/div>\n\t\t\t\t\t<\/div>\n\t\t<\/section>\n\t\t\t\t<\/div>",
        "protected": false
    },
    "excerpt": {
        "rendered": "<p>La Responsabilit\u00e9 Soci\u00e9tale des Entreprises (RSE) consiste \u00e0 int\u00e9grer volontairement des pr\u00e9occupations environnementales, sociales, \u00e9conomiques et \u00e9thiques dans nos activit\u00e9s et dans nos relations avec les parties prenantes. Autrement dit, il s\u2019agit de faire plus que du business : c\u2019est apporter une dimension humaine \u00e0 nos actions quotidiennes et veiller \u00e0 r\u00e9duire notre impact sur la plan\u00e8te. \ud83c\udf0d\ud83e\udd1d\u00a0Chez Cerca, nous somme conscients que les d\u00e9fis sont immenses et que chaque initiative compte. C\u2019est pourquoi toute l\u2019\u00e9quipe est tr\u00e8s fi\u00e8re d\u2019apporter sa modeste goutte d\u2019eau dans cet oc\u00e9an de besoins. L\u2019importance de l&rsquo;engagement RSE pour Cerca En tant qu\u2019\u00e9diteur de solutions SaaS, nous accompagnons plus de 400 enseignes et leurs 35 000 points de vente dans leur gestion au quotidien. Cette position nous conf\u00e8re une responsabilit\u00e9 soci\u00e9tale particuli\u00e8re : celle d\u2019agir en faveur du bien commun. Nos clients, qu\u2019ils soient dans le domaine de la franchise ou tout autre r\u00e9seau multi-implant\u00e9, sont de plus en plus sensibles \u00e0 la r\u00e9duction de l\u2019empreinte carbone et \u00e0 la solidarit\u00e9.\u00a0 Pourquoi ? Parce que leurs propres consommateurs attendent aujourd\u2019hui des entreprises qu\u2019elles s\u2019engagent pour un futur plus durable et plus juste. Comment\u202f? En choisissant des partenaires qui partagent ces valeurs. 10 % de nos revenus pour le secteur caritatif \ud83c\udf31 Pour nous, la RSE, c\u2019est aussi agir concr\u00e8tement en faveur de ceux qui en ont le plus besoin. C\u2019est pourquoi nous avons d\u00e9cid\u00e9 de reverser 10 % de nos revenus \u00e0 deux associations caritatives\u202f:\u00a0 UNICEF : une organisation qui \u0153uvre \u00e0 travers le monde pour la protection des enfants, en d\u00e9fendant leurs droits et les aidant \u00e0 r\u00e9aliser leur potentiel, de la petite enfance \u00e0 l&rsquo;adolescence. Les Restos du C\u0153ur : une association embl\u00e9matique en France, qui lutte contre la faim et la pr\u00e9carit\u00e9. Ce soutien financier est possible gr\u00e2ce \u00e0 la valeur que nous cr\u00e9ons tous ensemble avec notre communaut\u00e9. Merci \u00e0 nos clients et partenaires qui, en travaillant \u00e0 nos c\u00f4t\u00e9s, contribuent directement \u00e0 ces actions de solidarit\u00e9. Une approche RSE globale : du CFA d\u2019entreprise aux serveurs verts Notre volont\u00e9 d\u2019exercer un impact social va bien au-del\u00e0 du caritatif. Nous avons mis en place plusieurs initiatives pour b\u00e2tir un mod\u00e8le d\u2019entreprise responsable et p\u00e9renne : La cr\u00e9ation d\u2019un CFA d\u2019entreprise Nous formons des jeunes sans dipl\u00f4me pour leur permettre d\u2019obtenir une qualification reconnue. C\u2019est une opportunit\u00e9 de d\u00e9velopper des comp\u00e9tences et de favoriser l\u2019insertion professionnelle. Des serveurs aliment\u00e9s \u00e0 100\u202f% gr\u00e2ce \u00e0 des sources d\u2019\u00e9nergie verte Cette mesure nous aide \u00e0 maintenir une empreinte carbone \u00e9quivalente \u00e0 celle d&rsquo;un seul Fran\u00e7ais \u00e0 l&rsquo;ann\u00e9e\u2026 pour l\u2019ensemble de nos 400 enseignes clientes et de leurs 35 000 points de vente\u202f! Pourquoi cela vous concerne aussi ? Vous \u00eates de plus en plus amen\u00e9s \u00e0 communiquer sur votre propre engagement RSE, et nous savons combien il est essentiel de choisir des fournisseurs qui s\u2019alignent sur vos valeurs. En adoptant notre solution SaaS, vous faites le choix :\u00a0 D\u2019un partenaire responsable : nous partageons la m\u00eame volont\u00e9 de r\u00e9duire notre impact environnemental et de soutenir des causes solidaires. D\u2019une coh\u00e9rence renforc\u00e9e : pour vos clients finaux, votre engagement RSE gagne en cr\u00e9dibilit\u00e9 lorsque toute votre cha\u00eene de prestataires s\u2019inscrit dans la m\u00eame d\u00e9marche. Rejoignez la r\u00e9volution Cerca Chez Cerca, nous sommes convaincus que chaque geste compte pour construire un futur plus \u00e9quitable et durable. C\u2019est pourquoi nous continuerons d\u2019investir dans des projets solidaires et \u00e9cologiques, tout en faisant \u00e9voluer nos solutions SaaS pour r\u00e9pondre aux d\u00e9fis des r\u00e9seaux multi-implant\u00e9s. Notre ambition : \u00eatre un acteur responsable, capable de participer \u00e0 l\u2019\u00e9dification d\u2019un monde plus juste et plus respectueux de l\u2019environnement\u2026 un petit pas apr\u00e8s l\u2019autre. Ces articles peuvent vous int\u00e9resser :<\/p>",
        "protected": false
    },
    "author": 1,
    "featured_media": 19999,
    "comment_status": "closed",
    "ping_status": "closed",
    "sticky": false,
    "template": "",
    "format": "standard",
    "meta": {
        "content-type": "",
        "om_disable_all_campaigns": false,
        "_monsterinsights_skip_tracking": false,
        "_monsterinsights_sitenote_active": false,
        "_monsterinsights_sitenote_note": "",
        "_monsterinsights_sitenote_category": 0,
        "_uf_show_specific_survey": 0,
        "_uf_disable_surveys": false,
        "_themeisle_gutenberg_block_has_review": false,
        "footnotes": ""
    },
    "categories": [
        101
    ],
    "tags": [
        140,
        141,
        139
    ],
    "class_list": [
        "post-19989",
        "post",
        "type-post",
        "status-publish",
        "format-standard",
        "has-post-thumbnail",
        "hentry",
        "category-actualites",
        "tag-en",
        "tag-es",
        "tag-fr"
    ],
    "aioseo_notices": [],
    "_links": {
        "self": [
            {
                "href": "https:\/\/cerca.io\/fr_fr\/wp-json\/wp\/v2\/posts\/19989",
                "targetHints": {
                    "allow": [
                        "GET"
                    ]
                }
            }
        ],
        "collection": [
            {
                "href": "https:\/\/cerca.io\/fr_fr\/wp-json\/wp\/v2\/posts"
            }
        ],
        "about": [
            {
                "href": "https:\/\/cerca.io\/fr_fr\/wp-json\/wp\/v2\/types\/post"
            }
        ],
        "author": [
            {
                "embeddable": true,
                "href": "https:\/\/cerca.io\/fr_fr\/wp-json\/wp\/v2\/users\/1"
            }
        ],
        "replies": [
            {
                "embeddable": true,
                "href": "https:\/\/cerca.io\/fr_fr\/wp-json\/wp\/v2\/comments?post=19989"
            }
        ],
        "version-history": [
            {
                "count": 36,
                "href": "https:\/\/cerca.io\/fr_fr\/wp-json\/wp\/v2\/posts\/19989\/revisions"
            }
        ],
        "predecessor-version": [
            {
                "id": 22133,
                "href": "https:\/\/cerca.io\/fr_fr\/wp-json\/wp\/v2\/posts\/19989\/revisions\/22133"
            }
        ],
        "wp:featuredmedia": [
            {
                "embeddable": true,
                "href": "https:\/\/cerca.io\/fr_fr\/wp-json\/wp\/v2\/media\/19999"
            }
        ],
        "wp:attachment": [
            {
                "href": "https:\/\/cerca.io\/fr_fr\/wp-json\/wp\/v2\/media?parent=19989"
            }
        ],
        "wp:term": [
            {
                "taxonomy": "category",
                "embeddable": true,
                "href": "https:\/\/cerca.io\/fr_fr\/wp-json\/wp\/v2\/categories?post=19989"
            },
            {
                "taxonomy": "post_tag",
                "embeddable": true,
                "href": "https:\/\/cerca.io\/fr_fr\/wp-json\/wp\/v2\/tags?post=19989"
            }
        ],
        "curies": [
            {
                "name": "wp",
                "href": "https:\/\/api.w.org\/{rel}",
                "templated": true
            }
        ]
    }
}