{
    "id": 20253,
    "date": "2025-05-14T11:02:01",
    "date_gmt": "2025-05-14T09:02:01",
    "guid": {
        "rendered": "https:\/\/cerca.io\/?p=20253"
    },
    "modified": "2025-11-13T11:22:39",
    "modified_gmt": "2025-11-13T10:22:39",
    "slug": "franchise-expo-paris-2025-avec-cerca",
    "status": "publish",
    "type": "post",
    "link": "https:\/\/cerca.io\/fr_fr\/franchise-expo-paris-2025-avec-cerca\/",
    "title": {
        "rendered": "Franchise Expo Paris 2025 : Merci \u00e0 nos 114 enseignes clientes exposantes"
    },
    "content": {
        "rendered": "<div data-elementor-type=\"wp-post\" data-elementor-id=\"20253\" class=\"elementor elementor-20253\" data-elementor-post-type=\"post\">\n\t\t\t\t\t\t<section class=\"elementor-section elementor-top-section elementor-element elementor-element-3f47c11 elementor-section-boxed elementor-section-height-default elementor-section-height-default wpr-particle-no wpr-jarallax-no wpr-parallax-no wpr-sticky-section-no\" data-id=\"3f47c11\" data-element_type=\"section\" data-e-type=\"section\">\n\t\t\t\t\t\t<div class=\"elementor-container elementor-column-gap-default\">\n\t\t\t\t\t<div class=\"elementor-column elementor-col-100 elementor-top-column elementor-element elementor-element-c1f9f95\" data-id=\"c1f9f95\" data-element_type=\"column\" data-e-type=\"column\">\n\t\t\t<div class=\"elementor-widget-wrap elementor-element-populated\">\n\t\t\t\t\t\t<div class=\"elementor-element elementor-element-1bb5b4a elementor-widget elementor-widget-image\" data-id=\"1bb5b4a\" data-element_type=\"widget\" data-e-type=\"widget\" data-widget_type=\"image.default\">\n\t\t\t\t<div class=\"elementor-widget-container\">\n\t\t\t\t\t\t\t\t\t\t\t\t\t\t\t<img fetchpriority=\"high\" decoding=\"async\" width=\"1500\" height=\"1000\" src=\"https:\/\/cerca.io\/wp-content\/uploads\/2025\/05\/visuels-community-retour-salon-jeu-concours.png\" class=\"attachment-full size-full wp-image-20255\" alt=\"Franchise Expo Paris 2025\" srcset=\"https:\/\/cerca.io\/wp-content\/uploads\/2025\/05\/visuels-community-retour-salon-jeu-concours.png 1500w, https:\/\/cerca.io\/wp-content\/uploads\/2025\/05\/visuels-community-retour-salon-jeu-concours-300x200.png 300w, https:\/\/cerca.io\/wp-content\/uploads\/2025\/05\/visuels-community-retour-salon-jeu-concours-1024x683.png 1024w, https:\/\/cerca.io\/wp-content\/uploads\/2025\/05\/visuels-community-retour-salon-jeu-concours-768x512.png 768w, https:\/\/cerca.io\/wp-content\/uploads\/2025\/05\/visuels-community-retour-salon-jeu-concours-750x500.png 750w\" sizes=\"(max-width: 1500px) 100vw, 1500px\" \/>\t\t\t\t\t\t\t\t\t\t\t\t\t\t\t<\/div>\n\t\t\t\t<\/div>\n\t\t\t\t<div class=\"elementor-element elementor-element-587e3c6 elementor-widget elementor-widget-text-editor\" data-id=\"587e3c6\" data-element_type=\"widget\" data-e-type=\"widget\" data-widget_type=\"text-editor.default\">\n\t\t\t\t<div class=\"elementor-widget-container\">\n\t\t\t\t\t\t\t\t\t<p class=\"\" data-start=\"558\" data-end=\"863\">Le monde de la franchise s\u2019est donn\u00e9 rendez-vous porte de Versailles du 15 au 17 mars dernier \u00e0 l\u2019occasion de <strong data-start=\"668\" data-end=\"697\">Franchise Expo Paris 2025<\/strong>. Un salon de r\u00e9f\u00e9rence pour les enseignes en d\u00e9veloppement, les futurs franchis\u00e9s\u2026 et les partenaires qui les accompagnent au quotidien \u2014 comme nous, chez <span style=\"text-decoration: underline; color: #1284e0;\"><a style=\"color: #1284e0;\" href=\"https:\/\/cerca.io\/fr_fr\/\" target=\"_blank\" rel=\"noopener\"><strong data-start=\"853\" data-end=\"862\">Cerca<\/strong><\/a><\/span>.<\/p><p class=\"\" data-start=\"865\" data-end=\"1075\">Pr\u00e9sente sur le terrain aux c\u00f4t\u00e9s de ses clients, l\u2019\u00e9quipe a v\u00e9cu trois jours intenses entre \u00e9changes, d\u00e9mos, candidatures\u2026 et un jeu concours qui n\u2019a pas manqu\u00e9 d\u2019enthousiasmer les visiteurs. On vous raconte ?<\/p>\t\t\t\t\t\t\t\t<\/div>\n\t\t\t\t<\/div>\n\t\t\t\t\t<\/div>\n\t\t<\/div>\n\t\t\t\t\t<\/div>\n\t\t<\/section>\n\t\t\t\t<section class=\"elementor-section elementor-top-section elementor-element elementor-element-f9e9040 elementor-section-boxed elementor-section-height-default elementor-section-height-default wpr-particle-no wpr-jarallax-no wpr-parallax-no wpr-sticky-section-no\" data-id=\"f9e9040\" data-element_type=\"section\" data-e-type=\"section\">\n\t\t\t\t\t\t<div class=\"elementor-container elementor-column-gap-default\">\n\t\t\t\t\t<div class=\"elementor-column elementor-col-100 elementor-top-column elementor-element elementor-element-911edf1\" data-id=\"911edf1\" data-element_type=\"column\" data-e-type=\"column\">\n\t\t\t<div class=\"elementor-widget-wrap elementor-element-populated\">\n\t\t\t\t\t\t<div class=\"elementor-element elementor-element-65c2f9b elementor-widget elementor-widget-heading\" data-id=\"65c2f9b\" data-element_type=\"widget\" data-e-type=\"widget\" data-widget_type=\"heading.default\">\n\t\t\t\t<div class=\"elementor-widget-container\">\n\t\t\t\t\t<h2 class=\"elementor-heading-title elementor-size-default\">Des rencontres\u2026 et 114 enseignes clientes crois\u00e9es<\/h2>\t\t\t\t<\/div>\n\t\t\t\t<\/div>\n\t\t\t\t<div class=\"elementor-element elementor-element-5320541 elementor-widget elementor-widget-text-editor\" data-id=\"5320541\" data-element_type=\"widget\" data-e-type=\"widget\" data-widget_type=\"text-editor.default\">\n\t\t\t\t<div class=\"elementor-widget-container\">\n\t\t\t\t\t\t\t\t\t<p class=\"\" data-start=\"1142\" data-end=\"1365\">Ce salon, c\u2019est un peu notre \u201crentr\u00e9e des r\u00e9seaux\u201d : l\u2019occasion de retrouver nos clients, de d\u00e9couvrir de nouveaux concepts, de parler formation, animation, IA, recrutement\u2026 et de prendre le pouls d\u2019un secteur en mouvement.<\/p><p class=\"\" data-start=\"1367\" data-end=\"1645\">Avec <strong data-start=\"1372\" data-end=\"1408\">114 enseignes clientes pr\u00e9sentes<\/strong>, nous avons eu le plaisir d\u2019en croiser un grand nombre sur leurs stands, de les accompagner dans leurs d\u00e9marches de d\u00e9veloppement, et de partager leur quotidien \u2014 entre un caf\u00e9, une d\u00e9mo et quelques kilom\u00e8tres parcourus dans les all\u00e9es.<\/p><p class=\"\" data-start=\"1647\" data-end=\"1777\">Et si vous avez crois\u00e9 des pulls bleus marqu\u00e9s <strong data-start=\"1694\" data-end=\"1703\">Cerca<\/strong>, c\u2019\u00e9tait bien nous (merci \u00e0\u00a0<span style=\"text-decoration: underline; color: #1284e0;\"><a style=\"color: #1284e0;\" href=\"https:\/\/www.franchise-print.fr\/\" target=\"_blank\" rel=\"noopener nofollow\"><strong data-start=\"1129\" data-end=\"1148\">Franchise Print<\/strong><\/a><\/span> pour le look sur-mesure).<\/p>\t\t\t\t\t\t\t\t<\/div>\n\t\t\t\t<\/div>\n\t\t\t\t<div class=\"elementor-element elementor-element-e0d30aa elementor-widget elementor-widget-heading\" data-id=\"e0d30aa\" data-element_type=\"widget\" data-e-type=\"widget\" data-widget_type=\"heading.default\">\n\t\t\t\t<div class=\"elementor-widget-container\">\n\t\t\t\t\t<h2 class=\"elementor-heading-title elementor-size-default\">Expo\u2019Pass : 1 333 candidatures collect\u00e9es en 3 jours<\/h2>\t\t\t\t<\/div>\n\t\t\t\t<\/div>\n\t\t\t\t<div class=\"elementor-element elementor-element-a2bb980 elementor-widget elementor-widget-text-editor\" data-id=\"a2bb980\" data-element_type=\"widget\" data-e-type=\"widget\" data-widget_type=\"text-editor.default\">\n\t\t\t\t<div class=\"elementor-widget-container\">\n\t\t\t\t\t\t\t\t\t<p class=\"\" data-start=\"1846\" data-end=\"2103\">Pour de nombreuses enseignes, le salon, c\u2019est avant tout l\u2019occasion de recruter leurs futurs franchis\u00e9s. Mais g\u00e9rer les candidatures \u00e0 chaud sur un stand n\u2019a rien d\u2019une partie de plaisir&#8230; sauf quand tout est centralis\u00e9 dans un outil pens\u00e9 pour \u00e7a.<\/p><p class=\"\" data-start=\"2105\" data-end=\"2360\">Notre solution <strong data-start=\"2120\" data-end=\"2133\">Expo\u2019Pass<\/strong> a \u00e9t\u00e9 adopt\u00e9e par <strong data-start=\"2152\" data-end=\"2177\">52 enseignes clientes<\/strong> pendant le salon. Son objectif ? Permettre \u00e0 chaque \u00e9quipe terrain de gagner du temps dans la collecte des donn\u00e9es des candidats vers la plateforme Cerca.<\/p><p class=\"\" data-start=\"2362\" data-end=\"2377\">Le r\u00e9sultat ?<\/p><ul data-start=\"2378\" data-end=\"2577\"><li class=\"\" data-start=\"2378\" data-end=\"2422\"><p class=\"\" data-start=\"2380\" data-end=\"2422\"><strong data-start=\"2380\" data-end=\"2411\">195 Expo\u2019Pass personnalis\u00e9s<\/strong> d\u00e9ploy\u00e9s<\/p><\/li><li class=\"\" data-start=\"2423\" data-end=\"2577\"><p class=\"\" data-start=\"2425\" data-end=\"2577\"><strong data-start=\"2425\" data-end=\"2447\">1 333 candidatures<\/strong> collect\u00e9es en 3 jours, r\u00e9parties comme suit :<br data-start=\"2493\" data-end=\"2496\" \/>\u2003\ud83d\udcc5 Samedi 15 mars : 598<br data-start=\"2520\" data-end=\"2523\" \/>\u2003\ud83d\udcc5 Dimanche 16 mars : 402<br data-start=\"2549\" data-end=\"2552\" \/>\u2003\ud83d\udcc5 Lundi 17 mars : 333<\/p><\/li><\/ul><p class=\"\" data-start=\"2579\" data-end=\"2664\">Un vrai gain de temps pour les \u00e9quipes sur le salon, et une base solide pour suivre efficacement les candidatures apr\u00e8s l\u2019\u00e9v\u00e9nement.<\/p>\t\t\t\t\t\t\t\t<\/div>\n\t\t\t\t<\/div>\n\t\t\t\t<div class=\"elementor-element elementor-element-0ba5c0c elementor-widget elementor-widget-heading\" data-id=\"0ba5c0c\" data-element_type=\"widget\" data-e-type=\"widget\" data-widget_type=\"heading.default\">\n\t\t\t\t<div class=\"elementor-widget-container\">\n\t\t\t\t\t<h2 class=\"elementor-heading-title elementor-size-default\">Un jeu concours pour boucler le tout (et faire quelques heureux)<\/h2>\t\t\t\t<\/div>\n\t\t\t\t<\/div>\n\t\t\t\t<div class=\"elementor-element elementor-element-2ce3620 elementor-widget elementor-widget-text-editor\" data-id=\"2ce3620\" data-element_type=\"widget\" data-e-type=\"widget\" data-widget_type=\"text-editor.default\">\n\t\t\t\t<div class=\"elementor-widget-container\">\n\t\t\t\t\t\t\t\t\t<p class=\"\" data-start=\"2745\" data-end=\"2928\">Franchise Expo Paris 2025, c\u2019\u00e9tait aussi l\u2019occasion de r\u00e9compenser l\u2019engagement des enseignes pr\u00e9sentes\u2026 avec un jeu concours qui a mis la formation (et un peu de voyage) \u00e0 l\u2019honneur.<\/p><p class=\"\" data-start=\"2930\" data-end=\"2945\">\ud83c\udf81 \u00c0 la cl\u00e9 :<\/p><ul data-start=\"2946\" data-end=\"3170\"><li class=\"\" data-start=\"2946\" data-end=\"3006\"><p class=\"\" data-start=\"2948\" data-end=\"3006\">Un <strong data-start=\"2951\" data-end=\"2970\">pack e-learning<\/strong> complet (d&rsquo;une valeur de 20 000 \u20ac)<\/p><\/li><li class=\"\" data-start=\"3007\" data-end=\"3065\"><p class=\"\" data-start=\"3009\" data-end=\"3065\">Deux <strong data-start=\"3014\" data-end=\"3045\">interviews professionnelles<\/strong> (d&rsquo;une valeur de 1 500 \u20ac)<\/p><\/li><li class=\"\" data-start=\"3066\" data-end=\"3170\"><p class=\"\" data-start=\"3068\" data-end=\"3170\">Et pour les collaborateurs ayant inscrit leur enseigne : un <strong data-start=\"3128\" data-end=\"3168\">voyage pour deux personnes en Europe<\/strong><\/p><\/li><\/ul><p class=\"\" data-start=\"3172\" data-end=\"3279\">Apr\u00e8s tirage au sort, voici les gagnants de cette premi\u00e8re \u00e9dition (qu\u2019on esp\u00e8re ne pas \u00eatre la derni\u00e8re) :<\/p><p class=\"\" data-start=\"3281\" data-end=\"3536\">\ud83e\udd47 <span style=\"text-decoration: underline; color: #1284e0;\"><a style=\"color: #1284e0;\" href=\"https:\/\/www.noz.fr\/\" target=\"_blank\" rel=\"noopener nofollow\"><strong data-start=\"2237\" data-end=\"2244\">Noz<\/strong><\/a><\/span>\u00a0remporte le pack e-learning \u2013 et <strong data-start=\"3325\" data-end=\"3340\">Gael Gillet<\/strong> s\u2019envole avec !<br data-start=\"3356\" data-end=\"3359\" \/>\ud83e\udd48 <span style=\"text-decoration: underline; color: #1284e0;\"><a style=\"color: #1284e0;\" href=\"https:\/\/www.socooc.com\/\" target=\"_blank\" rel=\"noopener nofollow\"><strong data-start=\"2458\" data-end=\"2469\">SoCoo\u2019c<\/strong><\/a><\/span> &amp; \ud83e\udd49 <span style=\"text-decoration: underline; color: #1284e0;\"><a style=\"color: #1284e0;\" href=\"https:\/\/www.mondialbox.com\/\" target=\"_blank\" rel=\"noopener nofollow\"><strong data-start=\"2475\" data-end=\"2490\">Mondial Box<\/strong><\/a><\/span> repartent avec leur interview vid\u00e9o \u2013 et leurs collaboratrices, <strong data-start=\"3458\" data-end=\"3475\">Marion Deyres<\/strong> et <strong data-start=\"3479\" data-end=\"3502\">Magdalena Desvergne<\/strong>, avec un billet pour l\u2019\u00e9vasion.<\/p><p class=\"\" data-start=\"3538\" data-end=\"3670\">Encore bravo \u00e0 eux, et merci \u00e0 toutes les enseignes qui ont particip\u00e9 avec le sourire (et parfois un peu de comp\u00e9tition dans l\u2019air).<\/p>\t\t\t\t\t\t\t\t<\/div>\n\t\t\t\t<\/div>\n\t\t\t\t<div class=\"elementor-element elementor-element-1bb8449 elementor-widget elementor-widget-heading\" data-id=\"1bb8449\" data-element_type=\"widget\" data-e-type=\"widget\" data-widget_type=\"heading.default\">\n\t\t\t\t<div class=\"elementor-widget-container\">\n\t\t\t\t\t<h2 class=\"elementor-heading-title elementor-size-default\">Et maintenant ?<\/h2>\t\t\t\t<\/div>\n\t\t\t\t<\/div>\n\t\t\t\t<div class=\"elementor-element elementor-element-68c426a elementor-widget elementor-widget-text-editor\" data-id=\"68c426a\" data-element_type=\"widget\" data-e-type=\"widget\" data-widget_type=\"text-editor.default\">\n\t\t\t\t<div class=\"elementor-widget-container\">\n\t\t\t\t\t\t\t\t\t<p class=\"\" data-start=\"3702\" data-end=\"3788\"><strong data-start=\"3702\" data-end=\"3731\">Franchise Expo Paris 2025<\/strong>, c\u2019est d\u00e9j\u00e0 termin\u00e9\u2026 mais l\u2019ann\u00e9e ne fait que commencer.<\/p><p class=\"\" data-start=\"3790\" data-end=\"3946\">Chez <strong data-start=\"3795\" data-end=\"3804\">Cerca<\/strong>, on continue de produire du contenu vid\u00e9o, de d\u00e9ployer des outils de pilotage r\u00e9seau et de vous accompagner dans vos enjeux de d\u00e9veloppement.<\/p><p class=\"\" data-start=\"3010\" data-end=\"3131\"><span style=\"text-decoration: underline; color: #1284e0;\"><a style=\"color: #1284e0;\" href=\"https:\/\/fr.linkedin.com\/company\/cerca-ex-franchise-on-cloud-groupe-axone\" target=\"_blank\" rel=\"noopener nofollow\"><strong data-start=\"3010\" data-end=\"3038\">Suivez-nous sur LinkedIn<\/strong><\/a><\/span> pour ne rien manquer des prochaines actualit\u00e9s, outils, et rendez-vous cl\u00e9s de la franchise.<\/p><p data-start=\"3010\" data-end=\"3131\">Et si vous voulez en savoir plus sur l\u2019Expo\u2019Pass ou nos prestations vid\u00e9o\u2026 n&rsquo;h\u00e9sitez pas \u00e0 nous contacter.<\/p>\t\t\t\t\t\t\t\t<\/div>\n\t\t\t\t<\/div>\n\t\t\t\t\t<\/div>\n\t\t<\/div>\n\t\t\t\t\t<\/div>\n\t\t<\/section>\n\t\t\t\t<section class=\"elementor-section elementor-top-section elementor-element elementor-element-5705931d elementor-section-boxed elementor-section-height-default elementor-section-height-default wpr-particle-no wpr-jarallax-no wpr-parallax-no wpr-sticky-section-no\" data-id=\"5705931d\" data-element_type=\"section\" data-e-type=\"section\">\n\t\t\t\t\t\t<div class=\"elementor-container elementor-column-gap-default\">\n\t\t\t\t\t<div class=\"elementor-column elementor-col-100 elementor-top-column elementor-element elementor-element-c6e2d95\" data-id=\"c6e2d95\" data-element_type=\"column\" data-e-type=\"column\">\n\t\t\t<div class=\"elementor-widget-wrap elementor-element-populated\">\n\t\t\t\t\t\t<div class=\"elementor-element elementor-element-63e675 elementor-widget elementor-widget-heading\" data-id=\"63e675\" data-element_type=\"widget\" data-e-type=\"widget\" data-widget_type=\"heading.default\">\n\t\t\t\t<div class=\"elementor-widget-container\">\n\t\t\t\t\t<h2 class=\"elementor-heading-title elementor-size-default\">Ces articles peuvent vous int\u00e9resser : <\/h2>\t\t\t\t<\/div>\n\t\t\t\t<\/div>\n\t\t\t\t<div class=\"elementor-element elementor-element-19785872 elementor-grid-2 elementor-grid-tablet-2 elementor-grid-mobile-1 elementor-posts--thumbnail-top elementor-widget elementor-widget-posts\" data-id=\"19785872\" data-element_type=\"widget\" data-e-type=\"widget\" data-settings=\"{&quot;classic_columns&quot;:&quot;2&quot;,&quot;classic_masonry&quot;:&quot;yes&quot;,&quot;classic_columns_tablet&quot;:&quot;2&quot;,&quot;classic_columns_mobile&quot;:&quot;1&quot;,&quot;classic_row_gap&quot;:{&quot;unit&quot;:&quot;px&quot;,&quot;size&quot;:35,&quot;sizes&quot;:[]},&quot;classic_row_gap_tablet&quot;:{&quot;unit&quot;:&quot;px&quot;,&quot;size&quot;:&quot;&quot;,&quot;sizes&quot;:[]},&quot;classic_row_gap_mobile&quot;:{&quot;unit&quot;:&quot;px&quot;,&quot;size&quot;:&quot;&quot;,&quot;sizes&quot;:[]}}\" data-widget_type=\"posts.classic\">\n\t\t\t\t<div class=\"elementor-widget-container\">\n\t\t\t\t\t\t\t<div class=\"elementor-posts-container elementor-posts elementor-posts--skin-classic elementor-grid\">\n\t\t\t\t<article class=\"elementor-post elementor-grid-item post-24007 post type-post status-publish format-standard has-post-thumbnail hentry category-excellence-operationnelle-fonctionnalites tag-fr\">\n\t\t\t\t<a class=\"elementor-post__thumbnail__link\" href=\"https:\/\/cerca.io\/fr_fr\/audit-digital-vs-audit-papier\/\" tabindex=\"-1\">\n\t\t\t<div class=\"elementor-post__thumbnail\"><img decoding=\"async\" width=\"1746\" height=\"720\" src=\"https:\/\/cerca.io\/wp-content\/uploads\/2026\/04\/audits-digitals-vs-papier-Minia-blog.png\" class=\"attachment-full size-full wp-image-24009\" alt=\"audit digital\" srcset=\"https:\/\/cerca.io\/wp-content\/uploads\/2026\/04\/audits-digitals-vs-papier-Minia-blog.png 1746w, https:\/\/cerca.io\/wp-content\/uploads\/2026\/04\/audits-digitals-vs-papier-Minia-blog-300x124.png 300w, https:\/\/cerca.io\/wp-content\/uploads\/2026\/04\/audits-digitals-vs-papier-Minia-blog-1024x422.png 1024w, https:\/\/cerca.io\/wp-content\/uploads\/2026\/04\/audits-digitals-vs-papier-Minia-blog-768x317.png 768w, https:\/\/cerca.io\/wp-content\/uploads\/2026\/04\/audits-digitals-vs-papier-Minia-blog-1536x633.png 1536w, https:\/\/cerca.io\/wp-content\/uploads\/2026\/04\/audits-digitals-vs-papier-Minia-blog-18x7.png 18w\" sizes=\"(max-width: 1746px) 100vw, 1746px\" \/><\/div>\n\t\t<\/a>\n\t\t\t\t<div class=\"elementor-post__text\">\n\t\t\t\t<\/div>\n\t\t\t\t<\/article>\n\t\t\t\t<article class=\"elementor-post elementor-grid-item post-23910 post type-post status-publish format-standard has-post-thumbnail hentry category-non-classe-fr tag-fr\">\n\t\t\t\t<a class=\"elementor-post__thumbnail__link\" href=\"https:\/\/cerca.io\/fr_fr\/nouveautes-avril-2026-pilotage-reseau-multi-sites\/\" tabindex=\"-1\">\n\t\t\t<div class=\"elementor-post__thumbnail\"><img decoding=\"async\" width=\"1746\" height=\"720\" src=\"https:\/\/cerca.io\/wp-content\/uploads\/2026\/04\/nouveautes-avril-2026-minia-blog-ENG.png\" class=\"attachment-full size-full wp-image-23914\" alt=\"Pilotage r\u00e9seau\" srcset=\"https:\/\/cerca.io\/wp-content\/uploads\/2026\/04\/nouveautes-avril-2026-minia-blog-ENG.png 1746w, https:\/\/cerca.io\/wp-content\/uploads\/2026\/04\/nouveautes-avril-2026-minia-blog-ENG-300x124.png 300w, https:\/\/cerca.io\/wp-content\/uploads\/2026\/04\/nouveautes-avril-2026-minia-blog-ENG-1024x422.png 1024w, https:\/\/cerca.io\/wp-content\/uploads\/2026\/04\/nouveautes-avril-2026-minia-blog-ENG-768x317.png 768w, https:\/\/cerca.io\/wp-content\/uploads\/2026\/04\/nouveautes-avril-2026-minia-blog-ENG-1536x633.png 1536w, https:\/\/cerca.io\/wp-content\/uploads\/2026\/04\/nouveautes-avril-2026-minia-blog-ENG-18x7.png 18w\" sizes=\"(max-width: 1746px) 100vw, 1746px\" \/><\/div>\n\t\t<\/a>\n\t\t\t\t<div class=\"elementor-post__text\">\n\t\t\t\t<\/div>\n\t\t\t\t<\/article>\n\t\t\t\t<\/div>\n\t\t\n\t\t\t\t\t\t<\/div>\n\t\t\t\t<\/div>\n\t\t\t\t\t<\/div>\n\t\t<\/div>\n\t\t\t\t\t<\/div>\n\t\t<\/section>\n\t\t\t\t<\/div>",
        "protected": false
    },
    "excerpt": {
        "rendered": "<p>Le monde de la franchise s\u2019est donn\u00e9 rendez-vous porte de Versailles du 15 au 17 mars dernier \u00e0 l\u2019occasion de Franchise Expo Paris 2025. Un salon de r\u00e9f\u00e9rence pour les enseignes en d\u00e9veloppement, les futurs franchis\u00e9s\u2026 et les partenaires qui les accompagnent au quotidien \u2014 comme nous, chez Cerca. Pr\u00e9sente sur le terrain aux c\u00f4t\u00e9s de ses clients, l\u2019\u00e9quipe a v\u00e9cu trois jours intenses entre \u00e9changes, d\u00e9mos, candidatures\u2026 et un jeu concours qui n\u2019a pas manqu\u00e9 d\u2019enthousiasmer les visiteurs. On vous raconte ? Des rencontres\u2026 et 114 enseignes clientes crois\u00e9es Ce salon, c\u2019est un peu notre \u201crentr\u00e9e des r\u00e9seaux\u201d : l\u2019occasion de retrouver nos clients, de d\u00e9couvrir de nouveaux concepts, de parler formation, animation, IA, recrutement\u2026 et de prendre le pouls d\u2019un secteur en mouvement. Avec 114 enseignes clientes pr\u00e9sentes, nous avons eu le plaisir d\u2019en croiser un grand nombre sur leurs stands, de les accompagner dans leurs d\u00e9marches de d\u00e9veloppement, et de partager leur quotidien \u2014 entre un caf\u00e9, une d\u00e9mo et quelques kilom\u00e8tres parcourus dans les all\u00e9es. Et si vous avez crois\u00e9 des pulls bleus marqu\u00e9s Cerca, c\u2019\u00e9tait bien nous (merci \u00e0\u00a0Franchise Print pour le look sur-mesure). Expo\u2019Pass : 1 333 candidatures collect\u00e9es en 3 jours Pour de nombreuses enseignes, le salon, c\u2019est avant tout l\u2019occasion de recruter leurs futurs franchis\u00e9s. Mais g\u00e9rer les candidatures \u00e0 chaud sur un stand n\u2019a rien d\u2019une partie de plaisir&#8230; sauf quand tout est centralis\u00e9 dans un outil pens\u00e9 pour \u00e7a. Notre solution Expo\u2019Pass a \u00e9t\u00e9 adopt\u00e9e par 52 enseignes clientes pendant le salon. Son objectif ? Permettre \u00e0 chaque \u00e9quipe terrain de gagner du temps dans la collecte des donn\u00e9es des candidats vers la plateforme Cerca. Le r\u00e9sultat ? 195 Expo\u2019Pass personnalis\u00e9s d\u00e9ploy\u00e9s 1 333 candidatures collect\u00e9es en 3 jours, r\u00e9parties comme suit :\u2003\ud83d\udcc5 Samedi 15 mars : 598\u2003\ud83d\udcc5 Dimanche 16 mars : 402\u2003\ud83d\udcc5 Lundi 17 mars : 333 Un vrai gain de temps pour les \u00e9quipes sur le salon, et une base solide pour suivre efficacement les candidatures apr\u00e8s l\u2019\u00e9v\u00e9nement. Un jeu concours pour boucler le tout (et faire quelques heureux) Franchise Expo Paris 2025, c\u2019\u00e9tait aussi l\u2019occasion de r\u00e9compenser l\u2019engagement des enseignes pr\u00e9sentes\u2026 avec un jeu concours qui a mis la formation (et un peu de voyage) \u00e0 l\u2019honneur. \ud83c\udf81 \u00c0 la cl\u00e9 : Un pack e-learning complet (d&rsquo;une valeur de 20 000 \u20ac) Deux interviews professionnelles (d&rsquo;une valeur de 1 500 \u20ac) Et pour les collaborateurs ayant inscrit leur enseigne : un voyage pour deux personnes en Europe Apr\u00e8s tirage au sort, voici les gagnants de cette premi\u00e8re \u00e9dition (qu\u2019on esp\u00e8re ne pas \u00eatre la derni\u00e8re) : \ud83e\udd47 Noz\u00a0remporte le pack e-learning \u2013 et Gael Gillet s\u2019envole avec !\ud83e\udd48 SoCoo\u2019c &amp; \ud83e\udd49 Mondial Box repartent avec leur interview vid\u00e9o \u2013 et leurs collaboratrices, Marion Deyres et Magdalena Desvergne, avec un billet pour l\u2019\u00e9vasion. Encore bravo \u00e0 eux, et merci \u00e0 toutes les enseignes qui ont particip\u00e9 avec le sourire (et parfois un peu de comp\u00e9tition dans l\u2019air). Et maintenant ? Franchise Expo Paris 2025, c\u2019est d\u00e9j\u00e0 termin\u00e9\u2026 mais l\u2019ann\u00e9e ne fait que commencer. Chez Cerca, on continue de produire du contenu vid\u00e9o, de d\u00e9ployer des outils de pilotage r\u00e9seau et de vous accompagner dans vos enjeux de d\u00e9veloppement. Suivez-nous sur LinkedIn pour ne rien manquer des prochaines actualit\u00e9s, outils, et rendez-vous cl\u00e9s de la franchise. Et si vous voulez en savoir plus sur l\u2019Expo\u2019Pass ou nos prestations vid\u00e9o\u2026 n&rsquo;h\u00e9sitez pas \u00e0 nous contacter. Ces articles peuvent vous int\u00e9resser :<\/p>",
        "protected": false
    },
    "author": 1,
    "featured_media": 20271,
    "comment_status": "closed",
    "ping_status": "closed",
    "sticky": false,
    "template": "",
    "format": "standard",
    "meta": {
        "content-type": "",
        "om_disable_all_campaigns": false,
        "_monsterinsights_skip_tracking": false,
        "_monsterinsights_sitenote_active": false,
        "_monsterinsights_sitenote_note": "",
        "_monsterinsights_sitenote_category": 0,
        "_uf_show_specific_survey": 0,
        "_uf_disable_surveys": false,
        "_themeisle_gutenberg_block_has_review": false,
        "footnotes": ""
    },
    "categories": [
        101
    ],
    "tags": [
        139
    ],
    "class_list": [
        "post-20253",
        "post",
        "type-post",
        "status-publish",
        "format-standard",
        "has-post-thumbnail",
        "hentry",
        "category-actualites",
        "tag-fr"
    ],
    "aioseo_notices": [],
    "_links": {
        "self": [
            {
                "href": "https:\/\/cerca.io\/fr_fr\/wp-json\/wp\/v2\/posts\/20253",
                "targetHints": {
                    "allow": [
                        "GET"
                    ]
                }
            }
        ],
        "collection": [
            {
                "href": "https:\/\/cerca.io\/fr_fr\/wp-json\/wp\/v2\/posts"
            }
        ],
        "about": [
            {
                "href": "https:\/\/cerca.io\/fr_fr\/wp-json\/wp\/v2\/types\/post"
            }
        ],
        "author": [
            {
                "embeddable": true,
                "href": "https:\/\/cerca.io\/fr_fr\/wp-json\/wp\/v2\/users\/1"
            }
        ],
        "replies": [
            {
                "embeddable": true,
                "href": "https:\/\/cerca.io\/fr_fr\/wp-json\/wp\/v2\/comments?post=20253"
            }
        ],
        "version-history": [
            {
                "count": 18,
                "href": "https:\/\/cerca.io\/fr_fr\/wp-json\/wp\/v2\/posts\/20253\/revisions"
            }
        ],
        "predecessor-version": [
            {
                "id": 22137,
                "href": "https:\/\/cerca.io\/fr_fr\/wp-json\/wp\/v2\/posts\/20253\/revisions\/22137"
            }
        ],
        "wp:featuredmedia": [
            {
                "embeddable": true,
                "href": "https:\/\/cerca.io\/fr_fr\/wp-json\/wp\/v2\/media\/20271"
            }
        ],
        "wp:attachment": [
            {
                "href": "https:\/\/cerca.io\/fr_fr\/wp-json\/wp\/v2\/media?parent=20253"
            }
        ],
        "wp:term": [
            {
                "taxonomy": "category",
                "embeddable": true,
                "href": "https:\/\/cerca.io\/fr_fr\/wp-json\/wp\/v2\/categories?post=20253"
            },
            {
                "taxonomy": "post_tag",
                "embeddable": true,
                "href": "https:\/\/cerca.io\/fr_fr\/wp-json\/wp\/v2\/tags?post=20253"
            }
        ],
        "curies": [
            {
                "name": "wp",
                "href": "https:\/\/api.w.org\/{rel}",
                "templated": true
            }
        ]
    }
}