{
    "id": 22470,
    "date": "2025-10-07T11:47:39",
    "date_gmt": "2025-10-07T09:47:39",
    "guid": {
        "rendered": "https:\/\/cerca.io\/?p=22470"
    },
    "modified": "2025-11-13T11:22:06",
    "modified_gmt": "2025-11-13T10:22:06",
    "slug": "ceo-awards-2025",
    "status": "publish",
    "type": "post",
    "link": "https:\/\/cerca.io\/fr_fr\/ceo-awards-2025\/",
    "title": {
        "rendered": "CEO Awards 2025 : le CEO de Cerca r\u00e9compens\u00e9 pour son innovation dans la gestion des r\u00e9seaux multi-sites"
    },
    "content": {
        "rendered": "<div data-elementor-type=\"wp-post\" data-elementor-id=\"22470\" class=\"elementor elementor-22470\" data-elementor-post-type=\"post\">\n\t\t\t\t\t\t<section class=\"elementor-section elementor-top-section elementor-element elementor-element-8e17aad elementor-section-boxed elementor-section-height-default elementor-section-height-default wpr-particle-no wpr-jarallax-no wpr-parallax-no wpr-sticky-section-no\" data-id=\"8e17aad\" data-element_type=\"section\" data-e-type=\"section\">\n\t\t\t\t\t\t<div class=\"elementor-container elementor-column-gap-default\">\n\t\t\t\t\t<div class=\"elementor-column elementor-col-100 elementor-top-column elementor-element elementor-element-f890b53\" data-id=\"f890b53\" data-element_type=\"column\" data-e-type=\"column\">\n\t\t\t<div class=\"elementor-widget-wrap elementor-element-populated\">\n\t\t\t\t\t\t<div class=\"elementor-element elementor-element-491030f elementor-widget elementor-widget-image\" data-id=\"491030f\" data-element_type=\"widget\" data-e-type=\"widget\" data-widget_type=\"image.default\">\n\t\t\t\t<div class=\"elementor-widget-container\">\n\t\t\t\t\t\t\t\t\t\t\t\t\t\t\t<img fetchpriority=\"high\" decoding=\"async\" width=\"2048\" height=\"719\" src=\"https:\/\/cerca.io\/wp-content\/uploads\/2025\/10\/Olivier-CEO-Awards-2025.png\" class=\"attachment-full size-full wp-image-22472\" alt=\"CEO Awards 2025\" srcset=\"https:\/\/cerca.io\/wp-content\/uploads\/2025\/10\/Olivier-CEO-Awards-2025.png 2048w, https:\/\/cerca.io\/wp-content\/uploads\/2025\/10\/Olivier-CEO-Awards-2025-300x105.png 300w, https:\/\/cerca.io\/wp-content\/uploads\/2025\/10\/Olivier-CEO-Awards-2025-1024x360.png 1024w, https:\/\/cerca.io\/wp-content\/uploads\/2025\/10\/Olivier-CEO-Awards-2025-768x270.png 768w, https:\/\/cerca.io\/wp-content\/uploads\/2025\/10\/Olivier-CEO-Awards-2025-1536x539.png 1536w, https:\/\/cerca.io\/wp-content\/uploads\/2025\/10\/Olivier-CEO-Awards-2025-18x6.png 18w\" sizes=\"(max-width: 2048px) 100vw, 2048px\" \/>\t\t\t\t\t\t\t\t\t\t\t\t\t\t\t<\/div>\n\t\t\t\t<\/div>\n\t\t\t\t<div class=\"elementor-element elementor-element-39d3130 elementor-widget elementor-widget-heading\" data-id=\"39d3130\" data-element_type=\"widget\" data-e-type=\"widget\" data-widget_type=\"heading.default\">\n\t\t\t\t<div class=\"elementor-widget-container\">\n\t\t\t\t\t<h2 class=\"elementor-heading-title elementor-size-default\">CEO Awards 2025 : Olivier Pires Bajaluna, CEO de Cerca, doublement r\u00e9compens\u00e9 pour son innovation au service des r\u00e9seaux multi-implant\u00e9s<\/h2>\t\t\t\t<\/div>\n\t\t\t\t<\/div>\n\t\t\t\t<div class=\"elementor-element elementor-element-faf34fd elementor-widget elementor-widget-text-editor\" data-id=\"faf34fd\" data-element_type=\"widget\" data-e-type=\"widget\" data-widget_type=\"text-editor.default\">\n\t\t\t\t<div class=\"elementor-widget-container\">\n\t\t\t\t\t\t\t\t\t<p data-key=\"hvsc5\" data-pm-slice=\"1 1 []\">Les <strong>CEO Awards 2025<\/strong> mettent chaque ann\u00e9e \u00e0 l\u2019honneur les dirigeants qui font avancer leur secteur gr\u00e2ce \u00e0 leur vision, leur strat\u00e9gie et leurs innovations. Cette \u00e9dition consacre <strong>Olivier Pires Bajaluna<\/strong>, CEO et cofondateur de <strong>Cerca<\/strong>, la plateforme SaaS d\u00e9di\u00e9e \u00e0 la gestion des r\u00e9seaux multi-sites, avec <strong>deux distinctions internationales<\/strong> :<\/p><ul class=\"list-el\" data-key=\"QDCkM\"><li data-key=\"GODrP\"><p data-key=\"aEu3n\"><strong>CEO of the Year \u2013 SaaS for Multi-Location Brand Management<\/strong><\/p><\/li><li data-key=\"HBhAk\"><p data-key=\"OFrwJ\"><strong>Most Innovative CEO \u2013 Tech-Enabled Franchise Solutions<\/strong><\/p><\/li><\/ul><p data-key=\"1Ho1Y\">Deux prix qui viennent saluer un mod\u00e8le de management fond\u00e9 sur la performance, la clart\u00e9 et la durabilit\u00e9.<\/p>\t\t\t\t\t\t\t\t<\/div>\n\t\t\t\t<\/div>\n\t\t\t\t<div class=\"elementor-element elementor-element-21c5b63 elementor-widget elementor-widget-heading\" data-id=\"21c5b63\" data-element_type=\"widget\" data-e-type=\"widget\" data-widget_type=\"heading.default\">\n\t\t\t\t<div class=\"elementor-widget-container\">\n\t\t\t\t\t<h2 class=\"elementor-heading-title elementor-size-default\">Cerca, une plateforme SaaS qui red\u00e9finit le management des r\u00e9seaux multi-sites<\/h2>\t\t\t\t<\/div>\n\t\t\t\t<\/div>\n\t\t\t\t<div class=\"elementor-element elementor-element-5e476cc elementor-widget elementor-widget-text-editor\" data-id=\"5e476cc\" data-element_type=\"widget\" data-e-type=\"widget\" data-widget_type=\"text-editor.default\">\n\t\t\t\t<div class=\"elementor-widget-container\">\n\t\t\t\t\t\t\t\t\t<p data-key=\"uhEQ5\" data-pm-slice=\"1 1 []\"><strong>Cerca<\/strong> s\u2019impose aujourd\u2019hui comme une r\u00e9f\u00e9rence dans le pilotage et la digitalisation des r\u00e9seaux multi-implant\u00e9s. Sa plateforme r\u00e9unit plus de <strong>250 fonctionnalit\u00e9s<\/strong> pour simplifier la vie des r\u00e9seaux : audits, communication, reporting, contrats, e-learning, plans d\u2019action, etc.<\/p><p data-key=\"QuupA\">Cette approche centralis\u00e9e permet aux si\u00e8ges et aux \u00e9quipes terrain de travailler dans un m\u00eame environnement, avec une <strong>vision \u00e0 360\u00b0 sur la performance du r\u00e9seau<\/strong>.<\/p>\t\t\t\t\t\t\t\t<\/div>\n\t\t\t\t<\/div>\n\t\t\t\t<div class=\"elementor-element elementor-element-9d91342 elementor-widget elementor-widget-global elementor-global-20642 elementor-widget-image\" data-id=\"9d91342\" data-element_type=\"widget\" data-e-type=\"widget\" data-widget_type=\"image.default\">\n\t\t\t\t<div class=\"elementor-widget-container\">\n\t\t\t\t\t\t\t\t\t\t\t\t\t\t\t\t<a href=\"https:\/\/cerca.io\/fr_fr\/essai-gratuit-foc-2\/\" target=\"_blank\">\n\t\t\t\t\t\t\t<img decoding=\"async\" width=\"2049\" height=\"720\" src=\"https:\/\/cerca.io\/wp-content\/uploads\/2022\/06\/cta-article.png\" class=\"elementor-animation-bob attachment-full size-full wp-image-20041\" alt=\"franchiseur\" srcset=\"https:\/\/cerca.io\/wp-content\/uploads\/2022\/06\/cta-article.png 2049w, https:\/\/cerca.io\/wp-content\/uploads\/2022\/06\/cta-article-300x105.png 300w, https:\/\/cerca.io\/wp-content\/uploads\/2022\/06\/cta-article-1024x360.png 1024w, https:\/\/cerca.io\/wp-content\/uploads\/2022\/06\/cta-article-768x270.png 768w, https:\/\/cerca.io\/wp-content\/uploads\/2022\/06\/cta-article-1536x540.png 1536w\" sizes=\"(max-width: 2049px) 100vw, 2049px\" \/>\t\t\t\t\t\t\t\t<\/a>\n\t\t\t\t\t\t\t\t\t\t\t\t\t\t\t<\/div>\n\t\t\t\t<\/div>\n\t\t\t\t<div class=\"elementor-element elementor-element-684b6e0 elementor-widget elementor-widget-heading\" data-id=\"684b6e0\" data-element_type=\"widget\" data-e-type=\"widget\" data-widget_type=\"heading.default\">\n\t\t\t\t<div class=\"elementor-widget-container\">\n\t\t\t\t\t<h2 class=\"elementor-heading-title elementor-size-default\">L\u2019innovation au c\u0153ur de la strat\u00e9gie r\u00e9compens\u00e9e aux CEO Awards 2025<\/h2>\t\t\t\t<\/div>\n\t\t\t\t<\/div>\n\t\t\t\t<div class=\"elementor-element elementor-element-fcfad4f elementor-widget elementor-widget-text-editor\" data-id=\"fcfad4f\" data-element_type=\"widget\" data-e-type=\"widget\" data-widget_type=\"text-editor.default\">\n\t\t\t\t<div class=\"elementor-widget-container\">\n\t\t\t\t\t\t\t\t\t<p data-key=\"VB5ro\" data-pm-slice=\"1 1 []\">Le jury des <strong>CEO Awards 2025<\/strong> a particuli\u00e8rement salu\u00e9 l\u2019approche innovante port\u00e9e par Olivier Pires Bajaluna et ses \u00e9quipes.<br \/>Cerca int\u00e8gre l\u2019intelligence artificielle au c\u0153ur de son fonctionnement, \u00e0 travers des outils comme <strong>Cerca Answers<\/strong>, une IA qui aide les collaborateurs \u00e0 trouver imm\u00e9diatement les r\u00e9ponses \u00e0 leurs questions, ou encore des fonctionnalit\u00e9s de <strong>recherche globale et d\u2019automatisation<\/strong>.<\/p><p data-key=\"jshlY\">Cette strat\u00e9gie technologique, tourn\u00e9e vers l\u2019usage, vise un objectif pr\u00e9cis : <strong>simplifier le quotidien des \u00e9quipes et renforcer la coh\u00e9rence des r\u00e9seaux<\/strong>.<\/p>\t\t\t\t\t\t\t\t<\/div>\n\t\t\t\t<\/div>\n\t\t\t\t<div class=\"elementor-element elementor-element-34f8b9f elementor-widget elementor-widget-heading\" data-id=\"34f8b9f\" data-element_type=\"widget\" data-e-type=\"widget\" data-widget_type=\"heading.default\">\n\t\t\t\t<div class=\"elementor-widget-container\">\n\t\t\t\t\t<h2 class=\"elementor-heading-title elementor-size-default\">Une vision responsable et durable du SaaS<\/h2>\t\t\t\t<\/div>\n\t\t\t\t<\/div>\n\t\t\t\t<div class=\"elementor-element elementor-element-1f17759 elementor-widget elementor-widget-text-editor\" data-id=\"1f17759\" data-element_type=\"widget\" data-e-type=\"widget\" data-widget_type=\"text-editor.default\">\n\t\t\t\t<div class=\"elementor-widget-container\">\n\t\t\t\t\t\t\t\t\t<p data-key=\"U0gbX\" data-pm-slice=\"1 1 []\">Cerca ne se limite pas \u00e0 l\u2019innovation fonctionnelle. La soci\u00e9t\u00e9 s\u2019engage aussi dans une <strong>d\u00e9marche \u00e9thique et durable<\/strong> :<\/p><ul class=\"list-el\" data-key=\"nWiZK\"><li data-key=\"5rUz5\"><p data-key=\"vhPTm\">h\u00e9bergement 100 % \u00e9nergies renouvelables,<\/p><\/li><li data-key=\"JIz5m\"><p data-key=\"LKNGO\">infrastructures s\u00e9curis\u00e9es et scalables,<\/p><\/li><li data-key=\"xFxrK\"><p data-key=\"MWzQa\">accompagnement humain des r\u00e9seaux dans la dur\u00e9e.<\/p><\/li><\/ul><p data-key=\"qJ7MJ\">Ces engagements traduisent la conviction que <strong>la performance technologique doit aller de pair avec la responsabilit\u00e9 environnementale et sociale<\/strong> \u2014 un point \u00e9galement soulign\u00e9 par le jury des <strong>CEO Awards 2025<\/strong>.<\/p>\t\t\t\t\t\t\t\t<\/div>\n\t\t\t\t<\/div>\n\t\t\t\t<div class=\"elementor-element elementor-element-7cda725 elementor-widget elementor-widget-heading\" data-id=\"7cda725\" data-element_type=\"widget\" data-e-type=\"widget\" data-widget_type=\"heading.default\">\n\t\t\t\t<div class=\"elementor-widget-container\">\n\t\t\t\t\t<h2 class=\"elementor-heading-title elementor-size-default\">Une distinction collective et une fiert\u00e9 partag\u00e9e<\/h2>\t\t\t\t<\/div>\n\t\t\t\t<\/div>\n\t\t\t\t<div class=\"elementor-element elementor-element-70e0572 elementor-widget elementor-widget-text-editor\" data-id=\"70e0572\" data-element_type=\"widget\" data-e-type=\"widget\" data-widget_type=\"text-editor.default\">\n\t\t\t\t<div class=\"elementor-widget-container\">\n\t\t\t\t\t\t\t\t\t<p data-key=\"wboK1\" data-pm-slice=\"1 1 []\">Au-del\u00e0 d\u2019une reconnaissance personnelle pour son dirigeant, ces distinctions repr\u00e9sentent une <strong>fiert\u00e9 collective<\/strong> pour l\u2019ensemble des \u00e9quipes de Cerca.<br \/>Elles viennent r\u00e9compenser la <strong>confiance de plus de 400 clients<\/strong> pr\u00e9sents dans plus de 100 pays, qui participent activement \u00e0 la co-construction de la plateforme.<\/p>\t\t\t\t\t\t\t\t<\/div>\n\t\t\t\t<\/div>\n\t\t\t\t<div class=\"elementor-element elementor-element-7bfeebc elementor-widget elementor-widget-heading\" data-id=\"7bfeebc\" data-element_type=\"widget\" data-e-type=\"widget\" data-widget_type=\"heading.default\">\n\t\t\t\t<div class=\"elementor-widget-container\">\n\t\t\t\t\t<h2 class=\"elementor-heading-title elementor-size-default\">Et apr\u00e8s les CEO Awards 2025 ?<\/h2>\t\t\t\t<\/div>\n\t\t\t\t<\/div>\n\t\t\t\t<div class=\"elementor-element elementor-element-51210b1 elementor-widget elementor-widget-text-editor\" data-id=\"51210b1\" data-element_type=\"widget\" data-e-type=\"widget\" data-widget_type=\"text-editor.default\">\n\t\t\t\t<div class=\"elementor-widget-container\">\n\t\t\t\t\t\t\t\t\t<p data-key=\"tfeOL\" data-pm-slice=\"1 1 []\">Pour Olivier Pires Bajaluna, cette double distinction marque une \u00e9tape importante, mais certainement pas une finalit\u00e9.<br \/>Cerca poursuit sa mission : <strong>accompagner les r\u00e9seaux multi-implant\u00e9s dans leur d\u00e9veloppement, leur digitalisation et leur performance durable<\/strong>.<\/p><p data-key=\"XCGum\">L\u2019ambition reste inchang\u00e9e : <strong>faire de la gestion de r\u00e9seau un levier de croissance et d\u2019innovation accessible \u00e0 tous<\/strong>.<\/p>\t\t\t\t\t\t\t\t<\/div>\n\t\t\t\t<\/div>\n\t\t\t\t<div class=\"elementor-element elementor-element-156719e elementor-align-center elementor-widget elementor-widget-button\" data-id=\"156719e\" data-element_type=\"widget\" data-e-type=\"widget\" data-widget_type=\"button.default\">\n\t\t\t\t<div class=\"elementor-widget-container\">\n\t\t\t\t\t\t\t\t\t<div class=\"elementor-button-wrapper\">\n\t\t\t\t\t<a class=\"elementor-button elementor-button-link elementor-size-sm elementor-animation-bob\" href=\"https:\/\/cerca.io\/fr_fr\/essai-gratuit-foc-2\/\">\n\t\t\t\t\t\t<span class=\"elementor-button-content-wrapper\">\n\t\t\t\t\t\t\t\t\t<span class=\"elementor-button-text\">Demandez vos 30 jours d'essai gratuit<\/span>\n\t\t\t\t\t<\/span>\n\t\t\t\t\t<\/a>\n\t\t\t\t<\/div>\n\t\t\t\t\t\t\t\t<\/div>\n\t\t\t\t<\/div>\n\t\t\t\t\t<\/div>\n\t\t<\/div>\n\t\t\t\t\t<\/div>\n\t\t<\/section>\n\t\t\t\t<section class=\"elementor-section elementor-top-section elementor-element elementor-element-c55e363 elementor-section-boxed elementor-section-height-default elementor-section-height-default wpr-particle-no wpr-jarallax-no wpr-parallax-no wpr-sticky-section-no\" data-id=\"c55e363\" data-element_type=\"section\" data-e-type=\"section\">\n\t\t\t\t\t\t<div class=\"elementor-container elementor-column-gap-default\">\n\t\t\t\t\t<div class=\"elementor-column elementor-col-100 elementor-top-column elementor-element elementor-element-d0a7111\" data-id=\"d0a7111\" data-element_type=\"column\" data-e-type=\"column\">\n\t\t\t<div class=\"elementor-widget-wrap elementor-element-populated\">\n\t\t\t\t\t\t<div class=\"elementor-element elementor-element-b204a34 elementor-widget elementor-widget-heading\" data-id=\"b204a34\" data-element_type=\"widget\" data-e-type=\"widget\" data-widget_type=\"heading.default\">\n\t\t\t\t<div class=\"elementor-widget-container\">\n\t\t\t\t\t<h2 class=\"elementor-heading-title elementor-size-default\">Ces articles peuvent vous int\u00e9resser : <\/h2>\t\t\t\t<\/div>\n\t\t\t\t<\/div>\n\t\t\t\t<div class=\"elementor-element elementor-element-ed66fb1 elementor-grid-2 elementor-posts--align-center elementor-grid-tablet-2 elementor-grid-mobile-1 elementor-posts--thumbnail-top elementor-widget elementor-widget-posts\" data-id=\"ed66fb1\" data-element_type=\"widget\" data-e-type=\"widget\" data-settings=\"{&quot;classic_columns&quot;:&quot;2&quot;,&quot;classic_masonry&quot;:&quot;yes&quot;,&quot;classic_columns_tablet&quot;:&quot;2&quot;,&quot;classic_columns_mobile&quot;:&quot;1&quot;,&quot;classic_row_gap&quot;:{&quot;unit&quot;:&quot;px&quot;,&quot;size&quot;:35,&quot;sizes&quot;:[]},&quot;classic_row_gap_tablet&quot;:{&quot;unit&quot;:&quot;px&quot;,&quot;size&quot;:&quot;&quot;,&quot;sizes&quot;:[]},&quot;classic_row_gap_mobile&quot;:{&quot;unit&quot;:&quot;px&quot;,&quot;size&quot;:&quot;&quot;,&quot;sizes&quot;:[]}}\" data-widget_type=\"posts.classic\">\n\t\t\t\t<div class=\"elementor-widget-container\">\n\t\t\t\t\t\t\t<div class=\"elementor-posts-container elementor-posts elementor-posts--skin-classic elementor-grid\">\n\t\t\t\t<article class=\"elementor-post elementor-grid-item post-12784 post type-post status-publish format-standard has-post-thumbnail hentry category-blog category-fonctionnalites tag-fr\">\n\t\t\t\t<a class=\"elementor-post__thumbnail__link\" href=\"https:\/\/cerca.io\/fr_fr\/cartographie-zonesexclusivite-territoriale\/\" tabindex=\"-1\" >\n\t\t\t<div class=\"elementor-post__thumbnail\"><img decoding=\"async\" width=\"1747\" height=\"720\" src=\"https:\/\/cerca.io\/wp-content\/uploads\/2021\/02\/new-fonctionnalite-cartographie-minia-1.png\" class=\"attachment-full size-full wp-image-21178\" alt=\"cartographie r\u00e9seau\" srcset=\"https:\/\/cerca.io\/wp-content\/uploads\/2021\/02\/new-fonctionnalite-cartographie-minia-1.png 1747w, https:\/\/cerca.io\/wp-content\/uploads\/2021\/02\/new-fonctionnalite-cartographie-minia-1-300x124.png 300w, https:\/\/cerca.io\/wp-content\/uploads\/2021\/02\/new-fonctionnalite-cartographie-minia-1-1024x422.png 1024w, https:\/\/cerca.io\/wp-content\/uploads\/2021\/02\/new-fonctionnalite-cartographie-minia-1-768x317.png 768w, https:\/\/cerca.io\/wp-content\/uploads\/2021\/02\/new-fonctionnalite-cartographie-minia-1-1536x633.png 1536w, https:\/\/cerca.io\/wp-content\/uploads\/2021\/02\/new-fonctionnalite-cartographie-minia-1-18x7.png 18w\" sizes=\"(max-width: 1747px) 100vw, 1747px\" \/><\/div>\n\t\t<\/a>\n\t\t\t\t<div class=\"elementor-post__text\">\n\t\t\t\t<h2 class=\"elementor-post__title\">\n\t\t\t<a href=\"https:\/\/cerca.io\/fr_fr\/cartographie-zonesexclusivite-territoriale\/\" >\n\t\t\t\tLa cartographie de vos zones d&rsquo;exclusivit\u00e9 territoriale int\u00e9gr\u00e9es dans Cerca ex Franchise On Cloud\t\t\t<\/a>\n\t\t<\/h2>\n\t\t\t\t<\/div>\n\t\t\t\t<\/article>\n\t\t\t\t<article class=\"elementor-post elementor-grid-item post-13038 post type-post status-publish format-standard has-post-thumbnail hentry category-blog category-fonctionnalites tag-fr\">\n\t\t\t\t<a class=\"elementor-post__thumbnail__link\" href=\"https:\/\/cerca.io\/fr_fr\/fonctionnalite-echange\/\" tabindex=\"-1\" >\n\t\t\t<div class=\"elementor-post__thumbnail\"><img loading=\"lazy\" decoding=\"async\" width=\"1747\" height=\"720\" src=\"https:\/\/cerca.io\/wp-content\/uploads\/2021\/05\/fonctionnalite-suivi-echanges-minia.png\" class=\"attachment-full size-full wp-image-21089\" alt=\"logiciel gestion de franchise\" srcset=\"https:\/\/cerca.io\/wp-content\/uploads\/2021\/05\/fonctionnalite-suivi-echanges-minia.png 1747w, https:\/\/cerca.io\/wp-content\/uploads\/2021\/05\/fonctionnalite-suivi-echanges-minia-300x124.png 300w, https:\/\/cerca.io\/wp-content\/uploads\/2021\/05\/fonctionnalite-suivi-echanges-minia-1024x422.png 1024w, https:\/\/cerca.io\/wp-content\/uploads\/2021\/05\/fonctionnalite-suivi-echanges-minia-768x317.png 768w, https:\/\/cerca.io\/wp-content\/uploads\/2021\/05\/fonctionnalite-suivi-echanges-minia-1536x633.png 1536w, https:\/\/cerca.io\/wp-content\/uploads\/2021\/05\/fonctionnalite-suivi-echanges-minia-18x7.png 18w\" sizes=\"(max-width: 1747px) 100vw, 1747px\" \/><\/div>\n\t\t<\/a>\n\t\t\t\t<div class=\"elementor-post__text\">\n\t\t\t\t<h2 class=\"elementor-post__title\">\n\t\t\t<a href=\"https:\/\/cerca.io\/fr_fr\/fonctionnalite-echange\/\" >\n\t\t\t\tUne fonctionnalit\u00e9 o\u00f9 vous ne manquerez pas \u00e0 l\u2019appel : \u00ab Suivi des \u00e9changes \u00bb\t\t\t<\/a>\n\t\t<\/h2>\n\t\t\t\t<\/div>\n\t\t\t\t<\/article>\n\t\t\t\t<\/div>\n\t\t\n\t\t\t\t\t\t<\/div>\n\t\t\t\t<\/div>\n\t\t\t\t\t<\/div>\n\t\t<\/div>\n\t\t\t\t\t<\/div>\n\t\t<\/section>\n\t\t\t\t<\/div>",
        "protected": false
    },
    "excerpt": {
        "rendered": "<p>Olivier Pires Bajaluna, CEO de Cerca, doublement prim\u00e9 aux CEO Awards 2025 pour son innovation dans le management des r\u00e9seaux multi-sites. D\u00e9couvrez les cl\u00e9s de cette r\u00e9ussite.<\/p>",
        "protected": false
    },
    "author": 1,
    "featured_media": 22473,
    "comment_status": "closed",
    "ping_status": "closed",
    "sticky": false,
    "template": "",
    "format": "standard",
    "meta": {
        "content-type": "",
        "om_disable_all_campaigns": false,
        "_monsterinsights_skip_tracking": false,
        "_monsterinsights_sitenote_active": false,
        "_monsterinsights_sitenote_note": "",
        "_monsterinsights_sitenote_category": 0,
        "_uf_show_specific_survey": 0,
        "_uf_disable_surveys": false,
        "_themeisle_gutenberg_block_has_review": false,
        "footnotes": ""
    },
    "categories": [
        101
    ],
    "tags": [
        140,
        141,
        139
    ],
    "class_list": [
        "post-22470",
        "post",
        "type-post",
        "status-publish",
        "format-standard",
        "has-post-thumbnail",
        "hentry",
        "category-actualites",
        "tag-en",
        "tag-es",
        "tag-fr"
    ],
    "aioseo_notices": [],
    "_links": {
        "self": [
            {
                "href": "https:\/\/cerca.io\/fr_fr\/wp-json\/wp\/v2\/posts\/22470",
                "targetHints": {
                    "allow": [
                        "GET"
                    ]
                }
            }
        ],
        "collection": [
            {
                "href": "https:\/\/cerca.io\/fr_fr\/wp-json\/wp\/v2\/posts"
            }
        ],
        "about": [
            {
                "href": "https:\/\/cerca.io\/fr_fr\/wp-json\/wp\/v2\/types\/post"
            }
        ],
        "author": [
            {
                "embeddable": true,
                "href": "https:\/\/cerca.io\/fr_fr\/wp-json\/wp\/v2\/users\/1"
            }
        ],
        "replies": [
            {
                "embeddable": true,
                "href": "https:\/\/cerca.io\/fr_fr\/wp-json\/wp\/v2\/comments?post=22470"
            }
        ],
        "version-history": [
            {
                "count": 8,
                "href": "https:\/\/cerca.io\/fr_fr\/wp-json\/wp\/v2\/posts\/22470\/revisions"
            }
        ],
        "predecessor-version": [
            {
                "id": 22480,
                "href": "https:\/\/cerca.io\/fr_fr\/wp-json\/wp\/v2\/posts\/22470\/revisions\/22480"
            }
        ],
        "wp:featuredmedia": [
            {
                "embeddable": true,
                "href": "https:\/\/cerca.io\/fr_fr\/wp-json\/wp\/v2\/media\/22473"
            }
        ],
        "wp:attachment": [
            {
                "href": "https:\/\/cerca.io\/fr_fr\/wp-json\/wp\/v2\/media?parent=22470"
            }
        ],
        "wp:term": [
            {
                "taxonomy": "category",
                "embeddable": true,
                "href": "https:\/\/cerca.io\/fr_fr\/wp-json\/wp\/v2\/categories?post=22470"
            },
            {
                "taxonomy": "post_tag",
                "embeddable": true,
                "href": "https:\/\/cerca.io\/fr_fr\/wp-json\/wp\/v2\/tags?post=22470"
            }
        ],
        "curies": [
            {
                "name": "wp",
                "href": "https:\/\/api.w.org\/{rel}",
                "templated": true
            }
        ]
    }
}